{"id":335051,"date":"2025-08-21T23:45:15","date_gmt":"2025-08-21T23:45:15","guid":{"rendered":"https:\/\/www.europesays.com\/fr\/335051\/"},"modified":"2025-08-21T23:45:15","modified_gmt":"2025-08-21T23:45:15","slug":"volodymyr-zelensky-accuse-la-russie-de-vouloir-se-soustraire-a-lorganisation-de-pourparlers-de-paix","status":"publish","type":"post","link":"https:\/\/www.europesays.com\/fr\/335051\/","title":{"rendered":"Volodymyr Zelensky accuse la Russie de vouloir \u00ab\u00a0se soustraire\u00a0\u00bb \u00e0 l&rsquo;organisation de pourparlers de paix"},"content":{"rendered":"\n<p class=\"c-chapo \">\n  \u00ab\u00a0A l&rsquo;heure actuelle, les signaux envoy\u00e9s par la Russie sont tout simplement ind\u00e9cents\u00a0\u00bb, a accus\u00e9 jeudi le pr\u00e9sident ukrainien.\n<\/p>\n<p>            lire plus tard<\/p>\n<p id=\"dialog__title\" class=\"dialog__title\">Pour sauvegarder cet article, connectez-vous ou cr\u00e9ez un compte franceinfo<\/p>\n<p class=\"dialog__description\">Sans paiement. Sans abonnement.<\/p>\n<p>        Fermer la fen\u00eatre d\u2019activation des notifications France Info<\/p>\n<p>            cr\u00e9er votre compte<\/p>\n<p>            se connecter<\/p>\n<p>        Fermer la fen\u00eatre de pr\u00e9sentation<\/p>\n<p>    <img loading=\"lazy\" decoding=\"async\" class=\"signature__image lazyload\" width=\"100\" height=\"100\" data- alt=\"\" src=\"https:\/\/www.europesays.com\/fr\/wp-content\/uploads\/2025\/05\/64a68815cd1a7_placeholder-36b69ec8.png\"\/><\/p>\n<p>    Publi\u00e9 le 21\/08\/2025 23:51<\/p>\n<p>        Temps de lecture : 1min<\/p>\n<p>    <img decoding=\"async\"  alt=\"Le pr\u00e9sident ukrainien Volodymyr Zelensky \u00e0 la Maison Blanche, \u00e0 Washington, le 18 ao\u00fbt 2025. (MANDEL NGAN \/ AFP)\" width=\"432\" height=\"243\" src=\"https:\/\/www.europesays.com\/fr\/wp-content\/uploads\/2025\/08\/000-69v23cl-68a789c30221c367274995.jpg\" fetchpriority=\"high\"\/><\/p>\n<p>      Le pr\u00e9sident ukrainien Volodymyr Zelensky \u00e0 la Maison Blanche, \u00e0 Washington, le 18 ao\u00fbt 2025. (MANDEL NGAN \/ AFP)<\/p>\n<p>Volodymyr Zelensky a accus\u00e9 la Russie, jeudi 21 ao\u00fbt, de chercher \u00e0\u00a0\u00ab\u00a0se soustraire\u00a0\u00bb\u00a0\u00e0 la\u00a0\u00ab\u00a0n\u00e9cessit\u00e9\u00a0\u00bb\u00a0d&rsquo;organiser une rencontre pour initier des pourparlers de paix.\u00a0\u00ab\u00a0A l&rsquo;heure actuelle, les signaux envoy\u00e9s par la Russie sont tout simplement ind\u00e9cents\u00a0\u00bb,\u00a0a accus\u00e9 le pr\u00e9sident ukrainien dans son message quotidien \u00e0 ses concitoyens sur les r\u00e9seaux sociaux.<\/p>\n<blockquote class=\"ftvi_content_quote\">\n<p class=\"ftvi_citation_quote\">\u00ab\u00a0Ils ne veulent pas mettre fin \u00e0 cette guerre. Ils poursuivent leurs attaques massives contre l&rsquo;Ukraine et leurs assauts f\u00e9roces le long du front.\u00a0\u00bb<\/p>\n<p>Volodymyr Zelensky, pr\u00e9sident ukrainien<\/p>\n<p class=\"ftvi_citation_source\">sur ses r\u00e9seaux sociaux<\/p>\n<\/blockquote>\n<p>Plus t\u00f4t jeudi, dans des d\u00e9clarations \u00e0 plusieurs m\u00e9dias, il s&rsquo;\u00e9tait dit\u00a0<a href=\"https:\/\/www.franceinfo.fr\/monde\/europe\/manifestations-en-ukraine\/ce-qu-il-faut-retenir-du-sommet-entre-donald-trump-volodymyr-zelensky-et-les-europeens-a-la-maison-blanche_7442908.html\" rel=\"nofollow noopener\" target=\"_blank\">une nouvelle fois<\/a>\u00a0ouvert \u00e0 rencontrer son homologue russe, avec une condition pr\u00e9alable\u00a0: la conclusion\u00a0<a href=\"https:\/\/www.franceinfo.fr\/monde\/europe\/manifestations-en-ukraine\/guerre-en-ukraine-une-rencontre-avec-vladimir-poutine-n-est-possible-qu-apres-un-accord-sur-les-garanties-de-securite-estime-volodymyr-zelensky_7446898.html\" rel=\"nofollow noopener\" target=\"_blank\">d&rsquo;un accord sur les garanties de s\u00e9curit\u00e9<\/a>\u00a0apport\u00e9es \u00e0 l&rsquo;Ukraine en cas de paix. Cette rencontre pourrait avoir lieu en Suisse, en Autriche ou en Turquie, a-t-il estim\u00e9, alors que Vladimir Poutine\u00a0<a href=\"https:\/\/www.franceinfo.fr\/monde\/europe\/manifestations-en-ukraine\/guerre-en-ukraine-vladimir-poutine-a-propose-de-rencontrer-volodymyr-zelensky-a-moscou_7443625.html\" rel=\"nofollow noopener\" target=\"_blank\">n&rsquo;a propos\u00e9 jusqu&rsquo;ici qu&rsquo;une entrevue \u00e0 Moscou<\/a>.\u00a0<\/p>\n<p>Dans la nuit de mercredi \u00e0 jeudi, l&rsquo;Ukraine a lanc\u00e9 574 drones et 40 missiles sur le territoire ukrainien, a fait savoir l&rsquo;arm\u00e9e de l&rsquo;air ukrainienne, un record depuis la mi-juillet. Elle assure avoir abattu 546 drones et 31 missiles. Ces frappes ont fait deux morts, un \u00e0 Kherson et un autre \u00e0 Lviv, dans l&rsquo;ouest du pays, d&rsquo;habitude moins vis\u00e9 par les bombardements, selon les autorit\u00e9s locales.<\/p>\n","protected":false},"excerpt":{"rendered":"\u00ab\u00a0A l&rsquo;heure actuelle, les signaux envoy\u00e9s par la Russie sont tout simplement ind\u00e9cents\u00a0\u00bb, a accus\u00e9 jeudi le pr\u00e9sident&hellip;\n","protected":false},"author":2,"featured_media":335052,"comment_status":"","ping_status":"","sticky":false,"template":"","format":"standard","meta":{"footnotes":""},"categories":[1591],"tags":[11,1887,12,1885,1886,132],"class_list":{"0":"post-335051","1":"post","2":"type-post","3":"status-publish","4":"format-standard","5":"has-post-thumbnail","7":"category-russie","8":"tag-actualites","9":"tag-federation-de-russie","10":"tag-news","11":"tag-russia","12":"tag-russian-federation","13":"tag-russie"},"share_on_mastodon":{"url":"https:\/\/pubeurope.com\/@fr\/115069421196454162","error":""},"_links":{"self":[{"href":"https:\/\/www.europesays.com\/fr\/wp-json\/wp\/v2\/posts\/335051","targetHints":{"allow":["GET"]}}],"collection":[{"href":"https:\/\/www.europesays.com\/fr\/wp-json\/wp\/v2\/posts"}],"about":[{"href":"https:\/\/www.europesays.com\/fr\/wp-json\/wp\/v2\/types\/post"}],"author":[{"embeddable":true,"href":"https:\/\/www.europesays.com\/fr\/wp-json\/wp\/v2\/users\/2"}],"replies":[{"embeddable":true,"href":"https:\/\/www.europesays.com\/fr\/wp-json\/wp\/v2\/comments?post=335051"}],"version-history":[{"count":0,"href":"https:\/\/www.europesays.com\/fr\/wp-json\/wp\/v2\/posts\/335051\/revisions"}],"wp:featuredmedia":[{"embeddable":true,"href":"https:\/\/www.europesays.com\/fr\/wp-json\/wp\/v2\/media\/335052"}],"wp:attachment":[{"href":"https:\/\/www.europesays.com\/fr\/wp-json\/wp\/v2\/media?parent=335051"}],"wp:term":[{"taxonomy":"category","embeddable":true,"href":"https:\/\/www.europesays.com\/fr\/wp-json\/wp\/v2\/categories?post=335051"},{"taxonomy":"post_tag","embeddable":true,"href":"https:\/\/www.europesays.com\/fr\/wp-json\/wp\/v2\/tags?post=335051"}],"curies":[{"name":"wp","href":"https:\/\/api.w.org\/{rel}","templated":true}]}}