{"id":335055,"date":"2025-08-21T23:47:12","date_gmt":"2025-08-21T23:47:12","guid":{"rendered":"https:\/\/www.europesays.com\/fr\/335055\/"},"modified":"2025-08-21T23:47:12","modified_gmt":"2025-08-21T23:47:12","slug":"usa-quelque-55-millions-de-detenteurs-de-visas-concernes-par-des-controles-renforces","status":"publish","type":"post","link":"https:\/\/www.europesays.com\/fr\/335055\/","title":{"rendered":"USA : quelque 55 millions de d\u00e9tenteurs de visas concern\u00e9s par des contr\u00f4les renforc\u00e9s"},"content":{"rendered":"<p class=\"ap-StoryElement ap-StoryElement--mb ap-StoryText\">\u00ab\u00a0Dans le cadre de notre processus de v\u00e9rification, nous examinons toutes les informations disponibles, y compris les dossiers des forces de l&rsquo;ordre ou des services d&rsquo;immigration, ainsi que toute autre information r\u00e9v\u00e9l\u00e9e apr\u00e8s la d\u00e9livrance du visa\u00a0\u00bb, a pr\u00e9cis\u00e9 le responsable dans un courrier \u00e9lectronique adress\u00e9 \u00e0 des journalistes.<\/p>\n<p class=\"ap-StoryElement ap-StoryElement--mb ap-StoryText\">Lundi, le d\u00e9partement d&rsquo;Etat avait annonc\u00e9 avoir r\u00e9voqu\u00e9 les visas de plus de 6.000 \u00e9tudiants \u00e9trangers, dont 4.000 environ pour infraction \u00e0 la loi.<\/p>\n<p class=\"ap-StoryElement ap-StoryElement--mb ap-StoryText\">Les Etats-Unis ont r\u00e9voqu\u00e9 \u00ab\u00a0plus de deux fois plus de visas, dont pr\u00e8s de quatre fois plus de visas \u00e9tudiants, qu&rsquo;au cours de la m\u00eame p\u00e9riode l&rsquo;ann\u00e9e derni\u00e8re\u00a0\u00bb sous l&rsquo;administration du pr\u00e9sident d\u00e9mocrate Joe Biden, a-t-il relev\u00e9.<\/p>\n","protected":false},"excerpt":{"rendered":"\u00ab\u00a0Dans le cadre de notre processus de v\u00e9rification, nous examinons toutes les informations disponibles, y compris les dossiers&hellip;\n","protected":false},"author":2,"featured_media":25030,"comment_status":"","ping_status":"","sticky":false,"template":"","format":"standard","meta":{"footnotes":""},"categories":[1589],"tags":[11,312,73,1866,1061,12,1864,1865,1863,308],"class_list":{"0":"post-335055","1":"post","2":"type-post","3":"status-publish","4":"format-standard","5":"has-post-thumbnail","7":"category-etats-unis","8":"tag-actualites","9":"tag-diplomatie","10":"tag-etats-unis","11":"tag-etats-unis-damerique","12":"tag-immigration","13":"tag-news","14":"tag-united-states","15":"tag-united-states-of-america","16":"tag-us","17":"tag-usa"},"share_on_mastodon":{"url":"https:\/\/pubeurope.com\/@fr\/115069429010708406","error":""},"_links":{"self":[{"href":"https:\/\/www.europesays.com\/fr\/wp-json\/wp\/v2\/posts\/335055","targetHints":{"allow":["GET"]}}],"collection":[{"href":"https:\/\/www.europesays.com\/fr\/wp-json\/wp\/v2\/posts"}],"about":[{"href":"https:\/\/www.europesays.com\/fr\/wp-json\/wp\/v2\/types\/post"}],"author":[{"embeddable":true,"href":"https:\/\/www.europesays.com\/fr\/wp-json\/wp\/v2\/users\/2"}],"replies":[{"embeddable":true,"href":"https:\/\/www.europesays.com\/fr\/wp-json\/wp\/v2\/comments?post=335055"}],"version-history":[{"count":0,"href":"https:\/\/www.europesays.com\/fr\/wp-json\/wp\/v2\/posts\/335055\/revisions"}],"wp:featuredmedia":[{"embeddable":true,"href":"https:\/\/www.europesays.com\/fr\/wp-json\/wp\/v2\/media\/25030"}],"wp:attachment":[{"href":"https:\/\/www.europesays.com\/fr\/wp-json\/wp\/v2\/media?parent=335055"}],"wp:term":[{"taxonomy":"category","embeddable":true,"href":"https:\/\/www.europesays.com\/fr\/wp-json\/wp\/v2\/categories?post=335055"},{"taxonomy":"post_tag","embeddable":true,"href":"https:\/\/www.europesays.com\/fr\/wp-json\/wp\/v2\/tags?post=335055"}],"curies":[{"name":"wp","href":"https:\/\/api.w.org\/{rel}","templated":true}]}}