{"id":335062,"date":"2025-08-21T23:51:14","date_gmt":"2025-08-21T23:51:14","guid":{"rendered":"https:\/\/www.europesays.com\/fr\/335062\/"},"modified":"2025-08-21T23:51:14","modified_gmt":"2025-08-21T23:51:14","slug":"les-incendies-ont-brule-plus-dun-million-dhectares-dans-les-pays-de-lunion-europeenne-depuis-debut-2025-du-jamais-vu","status":"publish","type":"post","link":"https:\/\/www.europesays.com\/fr\/335062\/","title":{"rendered":"Les incendies ont br\u00fbl\u00e9 plus d&rsquo;un million d&rsquo;hectares dans les pays de l&rsquo;Union europ\u00e9enne depuis d\u00e9but 2025, du jamais-vu"},"content":{"rendered":"\n<p class=\"c-chapo \">\n  La superficie ravag\u00e9e par les flammes est ainsi plus grande que la Corse, d\u00e9passant en moins de huit mois le pr\u00e9c\u00e9dent record sur l&rsquo;ensemble de l&rsquo;ann\u00e9e 2017.\n<\/p>\n<p>            lire plus tard<\/p>\n<p id=\"dialog__title\" class=\"dialog__title\">Pour sauvegarder cet article, connectez-vous ou cr\u00e9ez un compte franceinfo<\/p>\n<p class=\"dialog__description\">Sans paiement. Sans abonnement.<\/p>\n<p>        Fermer la fen\u00eatre d\u2019activation des notifications France Info<\/p>\n<p>            cr\u00e9er votre compte<\/p>\n<p>            se connecter<\/p>\n<p>        Fermer la fen\u00eatre de pr\u00e9sentation<\/p>\n<p>    <img loading=\"lazy\" decoding=\"async\" class=\"signature__image lazyload\" width=\"100\" height=\"100\" data- alt=\"\" src=\"https:\/\/www.europesays.com\/fr\/wp-content\/uploads\/2025\/05\/64a68815cd1a7_placeholder-36b69ec8.png\"\/><\/p>\n<p>    Publi\u00e9 le 21\/08\/2025 19:39<\/p>\n<p>      Mis \u00e0 jour le 21\/08\/2025 20:04<\/p>\n<p>        Temps de lecture : 1min<\/p>\n<p>    <img decoding=\"async\"  alt=\"Des flammes se propagent \u00e0 Vilela Seca, au Portugal, le 19 ao\u00fbt 2025. (PEDRO PASCUAL GARCIA \/ ANADOLU \/ AFP)\" width=\"432\" height=\"243\" src=\"https:\/\/www.europesays.com\/fr\/wp-content\/uploads\/2025\/08\/068-aa-19082025-2377821-68a753e75a892267288834.jpg\" fetchpriority=\"high\"\/><\/p>\n<p>      Des flammes se propagent \u00e0 Vilela Seca, au Portugal, le 19 ao\u00fbt 2025. (PEDRO PASCUAL GARCIA \/ ANADOLU \/ AFP)<\/p>\n<p>Une ann\u00e9e d&rsquo;ores et d\u00e9j\u00e0 hors norme et marqu\u00e9 par un triste record. Les incendies ont d\u00e9j\u00e0 ravag\u00e9 plus d&rsquo;un million d&rsquo;hectares dans l&rsquo;Union europ\u00e9enne (UE) depuis le 1er janvier 2025, alors que <a href=\"https:\/\/www.franceinfo.fr\/faits-divers\/incendie\/incendies-en-espagne-et-au-portugal-ce-sont-vraiment-des-surfaces-exceptionnelles-souligne-le-porte-parole-de-la-securite-civile_7446565.html\" rel=\"nofollow noopener\" target=\"_blank\">plusieurs feux continuent de s\u00e9vir, particuli\u00e8rement en Espagne et au Portugal<\/a>. Le bilan atteignait pr\u00e9cis\u00e9ment 1 015 731 hectares br\u00fbl\u00e9s, jeudi 21 ao\u00fbt \u00e0 la mi-journ\u00e9e, soit une superficie plus grande que la Corse, d\u00e9passant en moins de huit mois le pr\u00e9c\u00e9dent record (988 524 hectares) sur l&rsquo;ensemble de l&rsquo;ann\u00e9e 2017.<\/p>\n<p>En plus de ce tableau global, calcul\u00e9 par l&rsquo;AFP \u00e0 partir des estimations par pays fournies par le syst\u00e8me europ\u00e9en d&rsquo;information sur les feux de for\u00eat, quatre pays de l&rsquo;UE ont, eux aussi, d\u00e9j\u00e0 battu leur record annuel depuis le d\u00e9but des relev\u00e9s, il y a vingt ans. Il s&rsquo;agit de l&rsquo;Espagne, Chypre, l&rsquo;Allemagne et la Slovaquie. En proie \u00e0 de nombreux feux dans l&rsquo;ouest du pays, qui ont fait quatre morts, <a href=\"https:\/\/www.franceinfo.fr\/monde\/espagne\/reportage-en-17-ans-de-service-c-est-la-premiere-fois-que-je-vois-des-feux-aussi-gros-face-aux-incendies-en-espagne-la-securite-civile-francaise-en-renfort_7446502.html\" rel=\"nofollow noopener\" target=\"_blank\">l&rsquo;Espagne est la plus touch\u00e9e par les incendies<\/a>, avec plus de 400\u00a0000\u00a0hectares partis en fum\u00e9e.<\/p>\n<p>Quant au Portugal, il conserve son record de 563\u00a0530\u00a0hectares br\u00fbl\u00e9s en 2017 \u2013 le maximum pour un pays de l&rsquo;UE \u2013, mais il n&rsquo;avait jamais atteint, \u00e0 la date du 21 ao\u00fbt, une telle superficie calcin\u00e9e. Les flammes ont d\u00e9j\u00e0 ravag\u00e9 plus de 274\u00a0000\u00a0hectares de for\u00eat portugaise, causant la mort de trois personnes. En 2017, les incendies avaient fait 119\u00a0morts dans le pays. En France, 35\u00a0600\u00a0hectares de for\u00eat ont \u00e9t\u00e9 r\u00e9duits en cendres, <a href=\"https:\/\/www.franceinfo.fr\/environnement\/evenements-meteorologiques-extremes\/incendies-et-feux-de-foret\/incendie-meurtrier-dans-l-aude\/incendie-meurtrier-dans-l-aude-pourquoi-l-enquete-s-oriente-vers-la-piste-criminelle_7434817.html\" rel=\"nofollow noopener\" target=\"_blank\">notamment dans l&rsquo;Aude<\/a>, d\u00e9partement ravag\u00e9 par un gigantesque incendie d\u00e9but ao\u00fbt.<\/p>\n","protected":false},"excerpt":{"rendered":"La superficie ravag\u00e9e par les flammes est ainsi plus grande que la Corse, d\u00e9passant en moins de huit&hellip;\n","protected":false},"author":2,"featured_media":335063,"comment_status":"","ping_status":"","sticky":false,"template":"","format":"standard","meta":{"footnotes":""},"categories":[1586],"tags":[11,1777,674,1779,1011,27,12,25,1778,364],"class_list":{"0":"post-335062","1":"post","2":"type-post","3":"status-publish","4":"format-standard","5":"has-post-thumbnail","7":"category-europe","8":"tag-actualites","9":"tag-eu","10":"tag-europe","11":"tag-european-union","12":"tag-fr","13":"tag-france","14":"tag-news","15":"tag-republique-francaise","16":"tag-ue","17":"tag-union-europeenne"},"share_on_mastodon":{"url":"https:\/\/pubeurope.com\/@fr\/115069445002577568","error":""},"_links":{"self":[{"href":"https:\/\/www.europesays.com\/fr\/wp-json\/wp\/v2\/posts\/335062","targetHints":{"allow":["GET"]}}],"collection":[{"href":"https:\/\/www.europesays.com\/fr\/wp-json\/wp\/v2\/posts"}],"about":[{"href":"https:\/\/www.europesays.com\/fr\/wp-json\/wp\/v2\/types\/post"}],"author":[{"embeddable":true,"href":"https:\/\/www.europesays.com\/fr\/wp-json\/wp\/v2\/users\/2"}],"replies":[{"embeddable":true,"href":"https:\/\/www.europesays.com\/fr\/wp-json\/wp\/v2\/comments?post=335062"}],"version-history":[{"count":0,"href":"https:\/\/www.europesays.com\/fr\/wp-json\/wp\/v2\/posts\/335062\/revisions"}],"wp:featuredmedia":[{"embeddable":true,"href":"https:\/\/www.europesays.com\/fr\/wp-json\/wp\/v2\/media\/335063"}],"wp:attachment":[{"href":"https:\/\/www.europesays.com\/fr\/wp-json\/wp\/v2\/media?parent=335062"}],"wp:term":[{"taxonomy":"category","embeddable":true,"href":"https:\/\/www.europesays.com\/fr\/wp-json\/wp\/v2\/categories?post=335062"},{"taxonomy":"post_tag","embeddable":true,"href":"https:\/\/www.europesays.com\/fr\/wp-json\/wp\/v2\/tags?post=335062"}],"curies":[{"name":"wp","href":"https:\/\/api.w.org\/{rel}","templated":true}]}}