{"id":335075,"date":"2025-08-21T23:58:14","date_gmt":"2025-08-21T23:58:14","guid":{"rendered":"https:\/\/www.europesays.com\/fr\/335075\/"},"modified":"2025-08-21T23:58:14","modified_gmt":"2025-08-21T23:58:14","slug":"cazaux-grenier-et-gracheva-verront-la-suite","status":"publish","type":"post","link":"https:\/\/www.europesays.com\/fr\/335075\/","title":{"rendered":"Cazaux, Grenier et Gracheva verront la suite"},"content":{"rendered":"<p class=\"date\">\n                                                            Cl\u00e9ment P\u00e9dron, Media365, publi\u00e9 le jeudi 21 ao\u00fbt 2025 \u00e0 23h29\n                                                    <\/p>\n<p>Interrompues \u00e0 cause des conditions m\u00e9t\u00e9orologiques \u00e0 New-York, les qualifications de l&rsquo;US Open ont pu reprendre ce jeudi. Et parmi les bonnes nouvelles de la journ\u00e9e, Varvara Gracheva, Arthur Cazaux et Hugo Grenier verront le troisi\u00e8me tour, au contraire de Tessah Andrianjafitrimo et Manon Leonard.<\/p>\n<p>\u00c0 quelques jours du premier tour de l&rsquo;US Open, les qualifications sont toujours en cours et ont pris un peu de retard en raison des conditions m\u00e9t\u00e9orologiques \u00e0 Flushing Meadows. Mercredi soir, l&rsquo;organisation a d\u00fb suspendre tous les matchs pour les faire reprendre ce jeudi. Et au rayon des bonnes nouvelles, on note que plusieurs repr\u00e9sentants tricolores n&rsquo;ont pas \u00e9t\u00e9 perturb\u00e9s par les al\u00e9as climatiques et se sont qualifi\u00e9s pour le troisi\u00e8me tour. En l&rsquo;absence de Terence Atmane, forfait en raison d&rsquo;une blessure \u00e0 un pied, le meilleur fran\u00e7ais et t\u00eate de s\u00e9rie N\u00b01 de ces qualifications est Arthur Cazaux. <strong>Et ce jeudi, le Montpelli\u00e9rain a tenu son rang en venant \u00e0 bout de Jay Clarke en deux sets (6-3, 6-4) et 1h36 de jeu.<\/strong> Le 75\u00e8me mondial affrontera Jan-Lennard Struff (N\u00b0145) pour une place dans le tableau principal de l&rsquo;US Open. Comme lui, Hugo Grenier a \u00e9galement ralli\u00e9 le tour suivant \u00e0 la faveur de son succ\u00e8s contre l&rsquo;Espagnol Martin Landaluce, \u00e9galement en deux manches (6-3, 7-6(3)). Kyrian Jacquet est lui rest\u00e9 \u00e0 quai apr\u00e8s sa d\u00e9faite contre Jason Kubler (1h19, 6-4, 6-2). Au moment o\u00f9 l&rsquo;on \u00e9crit ces lignes, Harold Mayot et Titouan Droguet sont toujours sur les courts alors qu&rsquo;Ugo Blanchet doit plus tard affronter Dmitry Popko.<\/p>\n<p>Gracheva seule rescap\u00e9e au troisi\u00e8me tour<\/p>\n<p>Trois Fran\u00e7aises \u00e9taient sur le pont ce jeudi pour la suite et fin du deuxi\u00e8me tour. Et parmi elles, une seule a r\u00e9ussi \u00e0 rallier le troisi\u00e8me tour en la personne de Varvara Gracheva. La N\u00b083 au classement WTA a pris le meilleur sur la Croate Tara Wuerth en deux sets (7-5, 6-2) et 1h25 de jeu.<strong> La native de Jouvkoski a d\u00e9sormais une ultime marche \u00e0 franchir pour rallier le tableau principal et pour cela, il faudra battre Ena Shibahara (JAP, n\u00b0130).<\/strong> En revanche, ce n&rsquo;est pas pass\u00e9 pour Tessah Andrianjafitrimo et Manon Leonard. La premi\u00e8re a pourtant bataill\u00e9 face \u00e0 la Croate Jana Fett mais a fini par c\u00e9der en trois manches (6(5)-7, 7-5, 6-4) tandis que la seconde n&rsquo;a pas pes\u00e9 bien lourd contre Panna Udvardy, t\u00eate de s\u00e9rie N\u00b029, en deux manches (6-2, 6-1) et 1h06 de jeu.<\/p>\n","protected":false},"excerpt":{"rendered":"Cl\u00e9ment P\u00e9dron, Media365, publi\u00e9 le jeudi 21 ao\u00fbt 2025 \u00e0 23h29 Interrompues \u00e0 cause des conditions m\u00e9t\u00e9orologiques \u00e0&hellip;\n","protected":false},"author":2,"featured_media":335076,"comment_status":"","ping_status":"","sticky":false,"template":"","format":"standard","meta":{"footnotes":""},"categories":[1415],"tags":[1011,27,60,1467],"class_list":{"0":"post-335075","1":"post","2":"type-post","3":"status-publish","4":"format-standard","5":"has-post-thumbnail","7":"category-tennis","8":"tag-fr","9":"tag-france","10":"tag-sports","11":"tag-tennis"},"share_on_mastodon":{"url":"https:\/\/pubeurope.com\/@fr\/115069472095810353","error":""},"_links":{"self":[{"href":"https:\/\/www.europesays.com\/fr\/wp-json\/wp\/v2\/posts\/335075","targetHints":{"allow":["GET"]}}],"collection":[{"href":"https:\/\/www.europesays.com\/fr\/wp-json\/wp\/v2\/posts"}],"about":[{"href":"https:\/\/www.europesays.com\/fr\/wp-json\/wp\/v2\/types\/post"}],"author":[{"embeddable":true,"href":"https:\/\/www.europesays.com\/fr\/wp-json\/wp\/v2\/users\/2"}],"replies":[{"embeddable":true,"href":"https:\/\/www.europesays.com\/fr\/wp-json\/wp\/v2\/comments?post=335075"}],"version-history":[{"count":0,"href":"https:\/\/www.europesays.com\/fr\/wp-json\/wp\/v2\/posts\/335075\/revisions"}],"wp:featuredmedia":[{"embeddable":true,"href":"https:\/\/www.europesays.com\/fr\/wp-json\/wp\/v2\/media\/335076"}],"wp:attachment":[{"href":"https:\/\/www.europesays.com\/fr\/wp-json\/wp\/v2\/media?parent=335075"}],"wp:term":[{"taxonomy":"category","embeddable":true,"href":"https:\/\/www.europesays.com\/fr\/wp-json\/wp\/v2\/categories?post=335075"},{"taxonomy":"post_tag","embeddable":true,"href":"https:\/\/www.europesays.com\/fr\/wp-json\/wp\/v2\/tags?post=335075"}],"curies":[{"name":"wp","href":"https:\/\/api.w.org\/{rel}","templated":true}]}}