{"id":335098,"date":"2025-08-22T00:12:11","date_gmt":"2025-08-22T00:12:11","guid":{"rendered":"https:\/\/www.europesays.com\/fr\/335098\/"},"modified":"2025-08-22T00:12:11","modified_gmt":"2025-08-22T00:12:11","slug":"en-pleine-degustation-au-restaurant-deux-influenceurs-percutes-par-une-voiture","status":"publish","type":"post","link":"https:\/\/www.europesays.com\/fr\/335098\/","title":{"rendered":"En pleine d\u00e9gustation au restaurant, deux influenceurs percut\u00e9s par une voiture"},"content":{"rendered":"<p itemprop=\"description\">Deux cr\u00e9ateurs de contenu am\u00e9ricains ont \u00e9t\u00e9 frapp\u00e9s de plein fouet par un automobiliste ayant perdu le contr\u00f4le de son v\u00e9hicule.<\/p>\n<p>EN BREF<\/p>\n<ul class=\"bloc_resume_post_list\">\n<li>\n<p>\t\t\t\t\t\t\t\tSamedi, Nina Santiago et Patrick Blackwood, influenceurs am\u00e9ricains, ont surv\u00e9cu \u00e0 un accident de voiture dans un restaurant au Texas.\n\t\t\t\t\t\t<\/li>\n<li>\n<p>\t\t\t\t\t\t\t\tUn SUV a percut\u00e9 la vitre du restaurant, blessant l\u00e9g\u00e8rement les influenceurs qui filmaient une vid\u00e9o d\u00e9gustation.\n\t\t\t\t\t\t<\/li>\n<li>\n<p>\t\t\t\t\t\t\t\tD\u00e9couvrez comment cet accident a transform\u00e9 leur vision de la vie et leur gratitude envers la chance.\n\t\t\t\t\t\t<\/li>\n<\/ul>\n<p>Ils \u00e9taient loin de se douter qu\u00a0\u00bbils termineraient<strong> la journ\u00e9e \u00e0 l&rsquo;h\u00f4pital<\/strong>. Alors qu&rsquo;ils d\u00e9gustaient tranquillement des hamburgers, <strong>deux influenceurs am\u00e9ricains<\/strong> ont vu <strong>un v\u00e9hicule leur arriver dessus \u00e0 toute allure<\/strong>. Plac\u00e9s pr\u00e8s de la vitre, les deux cr\u00e9ateurs de contenus peuvent <strong>remercier leur bonne \u00e9toile<\/strong> de <a href=\"https:\/\/www.autoplus.fr\/actualite\/marion-marechal-mari-victimes-accident-italie-1394061.html\" target=\"_blank\" rel=\"noopener nofollow\">s&rsquo;en \u00eatre sortis indemnes<\/a> au vu de la <strong>violence du choc<\/strong>. Retour sur un accident dont<strong> les images ont fait le buzz sur la Toile<\/strong> depuis samedi.<\/p>\n<p>    La voiture d\u00e9truit tout le d\u00e9cor <\/p>\n<p>En pleine d\u00e9gustation de ce qui aurait pu \u00eatre leur dernier repas, dans le Texas (\u00c9tats-Unis), les deux influenceurs NinaUnrated et Patrick Blackwood ont \u00e9t\u00e9 bless\u00e9s par la vitre du restaurant.<strong> L&rsquo;accident a \u00e9t\u00e9 film\u00e9<\/strong> car ils \u00e9taient <strong>en train de tourner une vid\u00e9o d\u00e9gustation<\/strong>, attabl\u00e9s et souriants.<\/p>\n<p><strong>L&rsquo;explosion de verre bris\u00e9 les a coup\u00e9s au visage<\/strong> et \u00e0 plusieurs endroits du corps mais NinaUnrated, de son vrai nom Nina Santiago, et Patrick Blackwood peuvent \u00eatre <strong>consid\u00e9r\u00e9s comme des miracul\u00e9s<\/strong>.<\/p>\n<p>    Les influenceurs indemnes par miracle <\/p>\n<p>Apr\u00e8s cet <a href=\"https:\/\/www.autoplus.fr\/actualite\/insolite\/16-ans-detruit-bmw-m4-ami-drift-1382012.html\" target=\"_blank\" rel=\"noopener nofollow\">accident d&rsquo;une rare violence<\/a>, les deux influenceurs ont r\u00e9pondu aux questions des journalistes et <strong>pris la parole sur les r\u00e9seaux sociaux<\/strong>. Lundi, NinaUnratad a d\u00e9clar\u00e9, en l\u00e9gende de sa vid\u00e9o : \u00ab\u00a0Il y avait du verre partout ! Un SUV s&rsquo;est \u00e9cras\u00e9 \u00e0 travers la fen\u00eatre pendant que nous mangions.<strong> Exp\u00e9rience de mort imminente<\/strong>\u00ab\u00a0. \u00c0 la vue des images, on ne peut que la croire (voir ci-dessous) :<\/p>\n<blockquote class=\"instagram-media \" style=\"background: #ffffff;border: 0;margin: 1px;width: 100%;padding: 0;max-width: 500px;\" data-instgrm-permalink=\"https:\/\/www.instagram.com\/reel\/DNen9JiRFvl\/?utm_source=ig_embed\" data-instgrm-version=\"14\"\/>\n<p>La jeune influenceuse a \u00e9galement diffus\u00e9 une s\u00e9rie de photos de son s\u00e9jour \u00e0 l&rsquo;h\u00f4pital. On la voit alit\u00e9e, avec quelques entailles au poignet, \u00e0 l\u2019\u0153il et au menton. Elle confie : \u00ab\u00a0Je suis extr\u00eamement reconnaissante d\u2019\u00eatre encore en vie apr\u00e8s qu\u2019un SUV a d\u00e9fonc\u00e9 la vitre de CuVee\u2019s Culinary Creations \u00e0 Houston, au Texas, brisant tout pendant que Patrick Blackwood et moi enregistrions une \u00e9mission culinaire. <strong>L\u2019impact nous a frapp\u00e9s de plein fouet<\/strong> alors que je croquais dans un d\u00e9licieux mini-burger au saumon. C\u2019est arriv\u00e9 de nulle part, mais nous avons surv\u00e9cu. Cette exp\u00e9rience m\u2019a montr\u00e9 qui compte vraiment ; la vie est trop courte pour la rancune ou la col\u00e8re. L\u00e2chez prise, pardonnez, vivez l\u2019instant pr\u00e9sent et ch\u00e9rissez ceux qui vous entourent. Cela aurait pu \u00eatre notre dernier repas\u00a0\u00bb.<\/p>\n<p>De leur c\u00f4t\u00e9, les g\u00e9rants du restaurant <a href=\"https:\/\/www.autoplus.fr\/actualite\/insolite\/automobiliste-choquee-englouti-roue-1125944.html\" target=\"_blank\" rel=\"noopener nofollow\">ont fait part de leur \u00e9tat de choc<\/a> : \u00ab\u00a0Samedi apr\u00e8s-midi, un accident inattendu s\u2019est produit : une voiture a percut\u00e9 notre restaurant. Nous sommes extr\u00eamement reconnaissants que personne n\u2019ait \u00e9t\u00e9 gri\u00e8vement bless\u00e9 ! En particulier NinaUnrated et Patrick Blackwood, qui ont \u00e9t\u00e9 directement touch\u00e9s.\u00a0\u00bb Esp\u00e9rons qu&rsquo;ils sauront <strong>se remettre rapidement de ce choc<\/strong>.<\/p>\n<p>                <script async src=\"\/\/www.instagram.com\/embed.js\"><\/script><\/p>\n","protected":false},"excerpt":{"rendered":"Deux cr\u00e9ateurs de contenu am\u00e9ricains ont \u00e9t\u00e9 frapp\u00e9s de plein fouet par un automobiliste ayant perdu le contr\u00f4le&hellip;\n","protected":false},"author":2,"featured_media":335099,"comment_status":"","ping_status":"","sticky":false,"template":"","format":"standard","meta":{"footnotes":""},"categories":[8],"tags":[10281,58,59,1011,27],"class_list":{"0":"post-335098","1":"post","2":"type-post","3":"status-publish","4":"format-standard","5":"has-post-thumbnail","7":"category-divertissement","8":"tag-buzz-nonli","9":"tag-divertissement","10":"tag-entertainment","11":"tag-fr","12":"tag-france"},"share_on_mastodon":{"url":"https:\/\/pubeurope.com\/@fr\/115069527375969456","error":""},"_links":{"self":[{"href":"https:\/\/www.europesays.com\/fr\/wp-json\/wp\/v2\/posts\/335098","targetHints":{"allow":["GET"]}}],"collection":[{"href":"https:\/\/www.europesays.com\/fr\/wp-json\/wp\/v2\/posts"}],"about":[{"href":"https:\/\/www.europesays.com\/fr\/wp-json\/wp\/v2\/types\/post"}],"author":[{"embeddable":true,"href":"https:\/\/www.europesays.com\/fr\/wp-json\/wp\/v2\/users\/2"}],"replies":[{"embeddable":true,"href":"https:\/\/www.europesays.com\/fr\/wp-json\/wp\/v2\/comments?post=335098"}],"version-history":[{"count":0,"href":"https:\/\/www.europesays.com\/fr\/wp-json\/wp\/v2\/posts\/335098\/revisions"}],"wp:featuredmedia":[{"embeddable":true,"href":"https:\/\/www.europesays.com\/fr\/wp-json\/wp\/v2\/media\/335099"}],"wp:attachment":[{"href":"https:\/\/www.europesays.com\/fr\/wp-json\/wp\/v2\/media?parent=335098"}],"wp:term":[{"taxonomy":"category","embeddable":true,"href":"https:\/\/www.europesays.com\/fr\/wp-json\/wp\/v2\/categories?post=335098"},{"taxonomy":"post_tag","embeddable":true,"href":"https:\/\/www.europesays.com\/fr\/wp-json\/wp\/v2\/tags?post=335098"}],"curies":[{"name":"wp","href":"https:\/\/api.w.org\/{rel}","templated":true}]}}