{"id":335108,"date":"2025-08-22T00:17:14","date_gmt":"2025-08-22T00:17:14","guid":{"rendered":"https:\/\/www.europesays.com\/fr\/335108\/"},"modified":"2025-08-22T00:17:14","modified_gmt":"2025-08-22T00:17:14","slug":"la-france-insoumise-refuse-daccrediter-un-journaliste-du-monde-pour-son-universite-dete-liberation","status":"publish","type":"post","link":"https:\/\/www.europesays.com\/fr\/335108\/","title":{"rendered":"La France insoumise refuse d\u2019accr\u00e9diter un journaliste du \u00abMonde\u00bb pour son universit\u00e9 d\u2019\u00e9t\u00e9 \u2013 Lib\u00e9ration"},"content":{"rendered":"<p class=\"sc-ksZaOG ehjQrN text-element\">\u00abNe c\u00e9dez jamais.\u00bb La \u00able\u00e7on du pr\u00e9sident Mitterrand\u00bb retenue et clam\u00e9e devant les d\u00e9l\u00e9gu\u00e9s socialistes en conclusion de son discours du congr\u00e8s de Brest en 1997, Jean-Luc M\u00e9lenchon l\u2019applique pr\u00e8s de trente ans plus tard au journal le Monde. Mais pas s\u00fbr qu\u2019en prodiguant ce conseil au jeune s\u00e9nateur d\u2019alors, l\u2019ancien chef de l\u2019Etat pensait \u00e0 l\u2019\u00e9poque qu\u2019il pourrait servir \u00e0 atteindre un jour\u2026 \u00e0 la libert\u00e9 de la presse.<\/p>\n<p class=\"sc-ksZaOG ehjQrN text-element\">Les dirigeants de La France insoumise refusent d\u2019accr\u00e9diter l\u2019un des journalistes du quotidien charg\u00e9 du suivi de la gauche \u00e0 leurs \u00abAmfis\u00bb de rentr\u00e9e, qui se sont ouverts jeudi 21 ao\u00fbt \u00e0 Ch\u00e2teauneuf-sur-Is\u00e8re (Dr\u00f4me). Motif invoqu\u00e9 ? Ce reporter, Olivier P\u00e9rou, coauteur du livre-enqu\u00eate <a href=\"https:\/\/www.liberation.fr\/politique\/systeme-melenchon-on-en-parle-en-direct-avec-les-journalistes-charlotte-belaich-et-olivier-perou-20250509_P6FUHQ6HE5B5BGF6E663HNQWLA\/\" target=\"_blank\" rel=\"noopener\" title=\"https:\/\/www.liberation.fr\/politique\/systeme-melenchon-on-en-parle-en-direct-avec-les-journalistes-charlotte-belaich-et-olivier-perou-20250509_P6FUHQ6HE5B5BGF6E663HNQWLA\/\">la Meute, enqu\u00eate sur La France insoumise de Jean-Luc M\u00e9lenchon<\/a> (Flammarion) avec Charlotte Bela\u00efch de Lib\u00e9ration, serait \u00e0 leurs yeux coupable d\u2019un traitement qu\u2019ils jugent diffamant et de fautes d\u00e9ontologiques. <a href=\"https:\/\/www.liberation.fr\/politique\/avant-lfi-le-rn-champion-dans-lart-de-trier-la-presse-20250821_GFP3A3AKQZBRJJCJDCAAUMXZNM\/\" target=\"_b&lt;\/p&gt;&lt;\/div&gt;&lt;\/article&gt;&lt;\/div&gt;&lt;div data-fusion-lazy-id=\" f0f8vgvlad832fw=\"\" rel=\"noopener\"><\/p>\n","protected":false},"excerpt":{"rendered":"\u00abNe c\u00e9dez jamais.\u00bb La \u00able\u00e7on du pr\u00e9sident Mitterrand\u00bb retenue et clam\u00e9e devant les d\u00e9l\u00e9gu\u00e9s socialistes en conclusion de&hellip;\n","protected":false},"author":2,"featured_media":335109,"comment_status":"","ping_status":"","sticky":false,"template":"","format":"standard","meta":{"footnotes":""},"categories":[2],"tags":[11,1011,27,18019,3081,780,10402,12],"class_list":{"0":"post-335108","1":"post","2":"type-post","3":"status-publish","4":"format-standard","5":"has-post-thumbnail","7":"category-actualites","8":"tag-actualites","9":"tag-fr","10":"tag-france","11":"tag-gauche-les-grands-travaux-pour-2027","12":"tag-jean-luc-melenchon","13":"tag-lfi","14":"tag-liberte-de-la-presse","15":"tag-news"},"share_on_mastodon":{"url":"https:\/\/pubeurope.com\/@fr\/115069546815516059","error":""},"_links":{"self":[{"href":"https:\/\/www.europesays.com\/fr\/wp-json\/wp\/v2\/posts\/335108","targetHints":{"allow":["GET"]}}],"collection":[{"href":"https:\/\/www.europesays.com\/fr\/wp-json\/wp\/v2\/posts"}],"about":[{"href":"https:\/\/www.europesays.com\/fr\/wp-json\/wp\/v2\/types\/post"}],"author":[{"embeddable":true,"href":"https:\/\/www.europesays.com\/fr\/wp-json\/wp\/v2\/users\/2"}],"replies":[{"embeddable":true,"href":"https:\/\/www.europesays.com\/fr\/wp-json\/wp\/v2\/comments?post=335108"}],"version-history":[{"count":0,"href":"https:\/\/www.europesays.com\/fr\/wp-json\/wp\/v2\/posts\/335108\/revisions"}],"wp:featuredmedia":[{"embeddable":true,"href":"https:\/\/www.europesays.com\/fr\/wp-json\/wp\/v2\/media\/335109"}],"wp:attachment":[{"href":"https:\/\/www.europesays.com\/fr\/wp-json\/wp\/v2\/media?parent=335108"}],"wp:term":[{"taxonomy":"category","embeddable":true,"href":"https:\/\/www.europesays.com\/fr\/wp-json\/wp\/v2\/categories?post=335108"},{"taxonomy":"post_tag","embeddable":true,"href":"https:\/\/www.europesays.com\/fr\/wp-json\/wp\/v2\/tags?post=335108"}],"curies":[{"name":"wp","href":"https:\/\/api.w.org\/{rel}","templated":true}]}}