{"id":335114,"date":"2025-08-22T00:23:11","date_gmt":"2025-08-22T00:23:11","guid":{"rendered":"https:\/\/www.europesays.com\/fr\/335114\/"},"modified":"2025-08-22T00:23:11","modified_gmt":"2025-08-22T00:23:11","slug":"un-nouveau-bebe-tortue-caouanne-est-ne-cette-nuit-a-sanary","status":"publish","type":"post","link":"https:\/\/www.europesays.com\/fr\/335114\/","title":{"rendered":"Un nouveau b\u00e9b\u00e9 tortue caouanne est n\u00e9 cette nuit \u00e0 Sanary!"},"content":{"rendered":"<p>Une nouvelle b\u00e9b\u00e9 tortue caouanne a \u00e9merg\u00e9 du sable, dans la nuit du 21 ao\u00fbt \u00e0 0h30 sur la plage dor\u00e9e \u00e0 Sanary. Empruntant le chemin vers la mer am\u00e9nag\u00e9 mardi apr\u00e8s-midi par les b\u00e9n\u00e9voles de l\u2019association \u00c9mergence et r\u00e9seau Tortues marines M\u00e9diterran\u00e9e fran\u00e7aise (RTMMF), le tortillon qui a pris son temps pour \u00e9merger a couru sur le sable et s\u2019est jet\u00e9 \u00e0 l\u2019eau.<\/p>\n<p>Il a rejoint l<a href=\"https:\/\/www.varmatin.com\/vie-locale\/la-naissance-esperee-et-imminente-de-bebes-tortues-998606\" rel=\"nofollow noopener\" target=\"_blank\">es 58 premiers b\u00e9b\u00e9s tortues d\u00e9j\u00e0 n\u00e9s mercredi<\/a> vers 20 heures sur le lieu de ponte choisi fin juin par leur maman. D\u2019autres naissances sont attendues dans les heures \u00e0 venir.<\/p>\n","protected":false},"excerpt":{"rendered":"Une nouvelle b\u00e9b\u00e9 tortue caouanne a \u00e9merg\u00e9 du sable, dans la nuit du 21 ao\u00fbt \u00e0 0h30 sur&hellip;\n","protected":false},"author":2,"featured_media":335115,"comment_status":"","ping_status":"","sticky":false,"template":"","format":"standard","meta":{"footnotes":""},"categories":[9619],"tags":[1111,11,1867,1777,674,1011,27,12,882,25,2310],"class_list":{"0":"post-335114","1":"post","2":"type-post","3":"status-publish","4":"format-standard","5":"has-post-thumbnail","7":"category-toulon","8":"tag-actu","9":"tag-actualites","10":"tag-animaux","11":"tag-eu","12":"tag-europe","13":"tag-fr","14":"tag-france","15":"tag-news","16":"tag-provence-alpes-cote-dazur","17":"tag-republique-francaise","18":"tag-toulon"},"share_on_mastodon":{"url":"https:\/\/pubeurope.com\/@fr\/115069570509560399","error":""},"_links":{"self":[{"href":"https:\/\/www.europesays.com\/fr\/wp-json\/wp\/v2\/posts\/335114","targetHints":{"allow":["GET"]}}],"collection":[{"href":"https:\/\/www.europesays.com\/fr\/wp-json\/wp\/v2\/posts"}],"about":[{"href":"https:\/\/www.europesays.com\/fr\/wp-json\/wp\/v2\/types\/post"}],"author":[{"embeddable":true,"href":"https:\/\/www.europesays.com\/fr\/wp-json\/wp\/v2\/users\/2"}],"replies":[{"embeddable":true,"href":"https:\/\/www.europesays.com\/fr\/wp-json\/wp\/v2\/comments?post=335114"}],"version-history":[{"count":0,"href":"https:\/\/www.europesays.com\/fr\/wp-json\/wp\/v2\/posts\/335114\/revisions"}],"wp:featuredmedia":[{"embeddable":true,"href":"https:\/\/www.europesays.com\/fr\/wp-json\/wp\/v2\/media\/335115"}],"wp:attachment":[{"href":"https:\/\/www.europesays.com\/fr\/wp-json\/wp\/v2\/media?parent=335114"}],"wp:term":[{"taxonomy":"category","embeddable":true,"href":"https:\/\/www.europesays.com\/fr\/wp-json\/wp\/v2\/categories?post=335114"},{"taxonomy":"post_tag","embeddable":true,"href":"https:\/\/www.europesays.com\/fr\/wp-json\/wp\/v2\/tags?post=335114"}],"curies":[{"name":"wp","href":"https:\/\/api.w.org\/{rel}","templated":true}]}}