{"id":335123,"date":"2025-08-22T00:32:22","date_gmt":"2025-08-22T00:32:22","guid":{"rendered":"https:\/\/www.europesays.com\/fr\/335123\/"},"modified":"2025-08-22T00:32:22","modified_gmt":"2025-08-22T00:32:22","slug":"les-images-impressionnantes-des-orages-et-des-degats-en-isere","status":"publish","type":"post","link":"https:\/\/www.europesays.com\/fr\/335123\/","title":{"rendered":"les images \u00ab\u00a0impressionnantes\u00a0\u00bb des orages et des d\u00e9g\u00e2ts en Is\u00e8re"},"content":{"rendered":"<p class=\"article__intro\">Les orages ont frapp\u00e9 fortement le Nord-Is\u00e8re ce mercredi 20 ao\u00fbt. Jusqu\u2019\u00e0 100 mm de pluie sont tomb\u00e9s dans certaines communes, tandis que de fortes pr\u00e9cipitations de gr\u00eale ont impressionn\u00e9 les habitants. Certaines routes sont endommag\u00e9es, notamment \u00e0 La C\u00f4te-Saint-Andr\u00e9.<\/p>\n<p>\n      L\u2019actu des r\u00e9gions\n    <\/p>\n<p>\n      Chaque jour, un tour d\u2019horizon des principales infos de toutes les r\u00e9gions.\n    <\/p>\n<p>    France T\u00e9l\u00e9visions utilise votre adresse e-mail afin de vous envoyer la newsletter \u00ab\u00a0L\u2019actu des r\u00e9gions\u00a0\u00bb. Vous pouvez vous d\u00e9sinscrire \u00e0 tout moment via le lien en bas de cette newsletter. <a target=\"_blank\" href=\"https:\/\/www.francetelevisions.fr\/groupe\/confidentialite\/politique-de-confidentialite\/politique-de-confidentialite-de-france-televisions-6503\" rel=\"nofollow noopener\">Notre politique de confidentialit\u00e9<\/a><\/p>\n<p data-start=\"74\" data-end=\"292\">Des bords de route blancs comme neige. De fortes pr\u00e9cipitations orageuses ont frapp\u00e9 le Nord-Is\u00e8re en fin de soir\u00e9e, ce mercredi 20 ao\u00fbt. Certains villages, comme Villeneuve-de-Marc, ont \u00e9t\u00e9 particuli\u00e8rement touch\u00e9s.<\/p>\n<p>\u00ab\u00a0Certaines photos impressionnantes\u00a0\u00bb\u00a0<\/p>\n<p data-start=\"256\" data-end=\"489\">\u00ab\u00a0C\u2019\u00e9tait une situation totalement pr\u00e9vue par les mod\u00e8les de pr\u00e9cision. On savait que \u00e7a allait \u00eatre agit\u00e9, mais certaines photos sont impressionnantes\u00a0\u00bb, d\u00e9taille Aur\u00e9lien Miguet, m\u00e9t\u00e9orologue amateur pour le d\u00e9partement de l\u2019Is\u00e8re.<\/p>\n<p data-start=\"491\" data-end=\"662\">Sur les r\u00e9seaux sociaux, il partage effectivement quelques clich\u00e9s et vid\u00e9os montrant l\u2019eau ruisselant entre des champs et des accotements de routes recouverts de gr\u00eale.<\/p>\n<blockquote class=\"twitter-tweet\">\n<p dir=\"ltr\" lang=\"fr\">\u26a1\ud83e\uddca Un orage de gr\u00eale tr\u00e8s puissant a frapp\u00e9 le village de Villeneuve de Marc et ses alentours. Il est tomb\u00e9 44 mm en 30 minutes, sans compter l&rsquo;impressionnante quantit\u00e9 de gr\u00eale !! <br \/>\ud83d\udcf8 Merci \u00e0 Laurent Chapot pour cette photo tr\u00e8s impressionnante ! <a href=\"https:\/\/twitter.com\/MeteoExpress?ref_src=twsrc%5Etfw\" rel=\"nofollow noopener\" target=\"_blank\">@MeteoExpress<\/a> <a href=\"https:\/\/twitter.com\/KeraunosObs?ref_src=twsrc%5Etfw\" rel=\"nofollow noopener\" target=\"_blank\">@KeraunosObs<\/a> <a href=\"https:\/\/t.co\/nW8JRQa8Lq\" rel=\"nofollow\">pic.twitter.com\/nW8JRQa8Lq<\/a><\/p>\n<p>\u2014 M\u00e9t\u00e9o Centre-Is\u00e8re (@MeteoIsere) <a href=\"https:\/\/twitter.com\/MeteoIsere\/status\/1958191588003233886?ref_src=twsrc%5Etfw\" rel=\"nofollow noopener\" target=\"_blank\">August 20, 2025<\/a><\/p><\/blockquote>\n<p data-start=\"664\" data-end=\"968\">\u00ab\u00a0La d\u00e9gradation qu\u2019on a eue ce mercredi reste une situation classique de grosse chaleur avec l\u2019arriv\u00e9e d\u2019une goutte froide\u00a0\u00bb, pr\u00e9cise Aur\u00e9lien Miguet.<\/p>\n<p data-start=\"664\" data-end=\"968\">Le m\u00e9t\u00e9orologue amateur confirme toutefois que la canicule a jou\u00e9 un r\u00f4le dans l&rsquo;ampleur de l&rsquo;\u00e9v\u00e8nement : \u00ab\u00a0On sait que plus les chaleurs sont fortes, plus les orages sont puissants.\u00a0\u00bb<\/p>\n<blockquote class=\"ftvi_content_quote\">\n<p class=\"ftvi_citation_quote\">Voir des gr\u00ealons de cette taille, c\u2019est rare.<\/p>\n<p>Chlo\u00e9 Savoy, g\u00e9rante du centre \u00e9questre du Moulin \u00e0 Villeneuve-de-Marc,<\/p>\n<p class=\"ftvi_citation_source\">\u00e0 France 3 Alpes<\/p>\n<\/blockquote>\n<p data-start=\"485\" data-end=\"719\">Chlo\u00e9 Savoy, g\u00e9rante du centre \u00e9questre du Moulin \u00e0 Villeneuve-de-Marc, d\u00e9plore une inondation dans son salon ainsi que quelques d\u00e9g\u00e2ts caus\u00e9s par les gr\u00ealons sur sa cl\u00f4ture. Soulagement toutefois : ses quelque 60 chevaux vont bien.<\/p>\n<p>    dur\u00e9e de la vid\u00e9o : 00h00mn11s<\/p>\n<p>        <img decoding=\"async\" width=\"640\" height=\"426\" class=\"article-image not-lazy\" src=\"https:\/\/www.europesays.com\/fr\/wp-content\/uploads\/2025\/08\/6d0e35d6-6718-4a0b-b6f2-d62b54f97e79.jpg\" alt=\"\" fetchpriority=\"high\"\/><\/p>\n<p>              Voir la video\u00a0(11 secondes).\u00a0<br \/>\n                  11 sec<\/p>\n<p>\n          Les orages sont survenus en fin de journ\u00e9e, ce mercredi 20 ao\u00fbt.<\/p>\n<p>        \u2022<\/p>\n<p>              \u00a9Chlo\u00e9 Savoy\n      <\/p>\n<p data-start=\"485\" data-end=\"719\">\u201cJe m\u2019inqui\u00e9tais pour eux, mais lorsque je suis rentr\u00e9e chez moi, c&rsquo;est mon salon qui \u00e9tait inond\u00e9.\u00a0\u00bb, pr\u00e9cise Chlo\u00e9 Savoy.<\/p>\n<p><a data-article-figure=\"\" href=\"https:\/\/france3-regions.franceinfo.fr\/image\/LA3NM8LDoM1yW_FRHGHWyxADBrA\/848x1131\/regions\/2025\/08\/21\/c0a17e4c-2f51-49bf-85d5-208bd88df0f0-68a6e8a5714fa366413950.jpg\" data-pswp-width=\"848\" data-pswp-height=\"1131\" target=\"_blank\" rel=\"nofollow noopener\"><\/p>\n<p>          <img width=\"600\" height=\"400\" class=\"article-image lazy\" data-src=\"https:\/\/www.europesays.com\/fr\/wp-content\/uploads\/2025\/08\/c0a17e4c-2f51-49bf-85d5-208bd88df0f0-68a6e8a5714fa366413950.jpg\" alt=\"Le salon inond\u00e9 de Chlo\u00e9 Savoy.\" fetchpriority=\"high\" as=\"image\"\/><\/p>\n<p>\n            Le salon inond\u00e9 de Chlo\u00e9 Savoy.<br \/>\n                           \u2022<br \/>\n                                      \u00a9 Chlo\u00e9 Savoy\n                      <\/p>\n<p><\/a><\/p>\n<p data-start=\"131\" data-end=\"483\">Au-del\u00e0 de la gr\u00eale, c\u2019est aussi la quantit\u00e9 de pluie qui a impressionn\u00e9. \u00ab\u00a0Des personnes ayant des pluviom\u00e8tres ont pu relever jusqu\u2019\u00e0 100 mm tomb\u00e9s uniquement lors d\u2019un orage de 40 \u00e0 45 minutes, c\u2019est remarquable\u00a0\u00bb, appuie Aur\u00e9lien Miguet, tout en pr\u00e9cisant qu\u2019il faut prendre ces mesures avec des pincettes.<\/p>\n<p data-start=\"721\" data-end=\"1074\">Les pluies diluviennes ont \u00e9galement touch\u00e9 plusieurs communes autour de Villeneuve-de-Marc. \u00ab\u00a0Sur R\u00eaaumont, on a eu une intensification de la pluie\u2026 De quoi remplir la moiti\u00e9 d\u2019une cuve\u00a0\u00bb, t\u00e9moigne une internaute sur Facebook. \u00ab\u00a0Four et Bourgoin, grosse grosse pluie, mais pas de gr\u00eale\u00a0\u00bb, r\u00e9agit une autre.<\/p>\n<blockquote class=\"ftvi_content_quote\">\n<p class=\"ftvi_citation_quote\">Avec la s\u00e9cheresse, les terrains n\u2019absorbent pas la pluie.<\/p>\n<p> Jo\u00ebl Gullon, maire de La C\u00f4te-Saint-Andr\u00e9,<\/p>\n<p class=\"ftvi_citation_source\">\u00e0 France 3 Alpes<\/p>\n<\/blockquote>\n<p>C\u2019est \u00e0 La C\u00f4te-Saint-Andr\u00e9 que les d\u00e9g\u00e2ts ont \u00e9t\u00e9 les plus importants. \u00ab\u00a0On a eu entre 60 et 75 millim\u00e8tres\u00a0\u00bb, d\u00e9taille le maire, Jo\u00ebl Gullon. Cons\u00e9quence : de nombreuses routes de la commune ont \u00e9t\u00e9 endommag\u00e9es par des cailloux acharri\u00e9s par les pluies intenses.<\/p>\n<p><a data-article-figure=\"\" href=\"https:\/\/france3-regions.franceinfo.fr\/image\/kA-gDIAUOzq0D8qf5diLDYoEDj0\/1600x1200\/regions\/2025\/08\/21\/whatsapp-image-2025-08-20-at-18-18-57-68a6e43a1f4a5348639639.jpg\" data-pswp-width=\"1600\" data-pswp-height=\"1200\" target=\"_blank\" rel=\"nofollow noopener\"><\/p>\n<p>          <img width=\"600\" height=\"400\" class=\"article-image lazy\" data-src=\"https:\/\/www.europesays.com\/fr\/wp-content\/uploads\/2025\/08\/whatsapp-image-2025-08-20-at-18-18-57-68a6e43a1f4a5348639639.jpg\" alt=\"\u00c0 la C\u00f4te-Saint-Andr\u00e9, l'heure est au balayage des fauss\u00e9s ce jeudi 21 ao\u00fbt.\" fetchpriority=\"high\" as=\"image\"\/><\/p>\n<p>\n            \u00c0 la C\u00f4te-Saint-Andr\u00e9, l&rsquo;heure est au balayage des fauss\u00e9s ce jeudi 21 ao\u00fbt.<br \/>\n                           \u2022<br \/>\n                                      \u00a9 Mairie de la C\u00f4te-Saint-Andr\u00e9\n                      <\/p>\n<p><\/a><\/p>\n<p data-start=\"1384\" data-end=\"1620\">Ce jeudi, Jo\u00ebl Gullon s\u2019attelle donc aux premi\u00e8res r\u00e9parations avec ses \u00e9quipes. \u00ab\u00a0On est en train de balayer les foss\u00e9s, on surveille aussi les chemins ruraux parce que quatre voiries vont \u00eatre temporairement ferm\u00e9es\u2026\u00a0\u00bb, indique-t-il.<\/p>\n<p data-start=\"1622\" data-end=\"1804\">Il pr\u00e9cise \u00e9galement qu\u2019une cellule de crise a \u00e9t\u00e9 ouverte et qu\u2019une demande de reconnaissance de l\u2019\u00e9tat de catastrophe naturelle sera d\u00e9pos\u00e9e afin d\u2019obtenir l\u2019aide des assurances.<\/p>\n<p><a data-article-figure=\"\" href=\"https:\/\/france3-regions.franceinfo.fr\/image\/ZAxfBrul6yZVeAME47Xa1L_oYD4\/1200x1600\/regions\/2025\/08\/21\/whatsapp-image-2025-08-21-at-10-47-41-68a6e56369e9e283798056.jpg\" data-pswp-width=\"1200\" data-pswp-height=\"1600\" target=\"_blank\" rel=\"nofollow noopener\"><\/p>\n<p>          <img width=\"600\" height=\"400\" class=\"article-image lazy\" data-src=\"https:\/\/www.europesays.com\/fr\/wp-content\/uploads\/2025\/08\/whatsapp-image-2025-08-21-at-10-47-41-68a6e56369e9e283798056.jpg\" alt=\"Plusieurs chemins communaux ont \u00e9t\u00e9 endommag\u00e9s \u00e0 la C\u00f4te-Saint-Andr\u00e9.\" fetchpriority=\"high\" as=\"image\"\/><\/p>\n<p>\n            Plusieurs chemins communaux ont \u00e9t\u00e9 endommag\u00e9s \u00e0 la C\u00f4te-Saint-Andr\u00e9.<br \/>\n                           \u2022<br \/>\n                                      \u00a9 Mairie de la C\u00f4te-Saint-Andr\u00e9\n                      <\/p>\n<p><\/a><\/p>\n<p data-start=\"1806\" data-end=\"1993\">Aucun d\u00e9g\u00e2t humain n\u2019a \u00e9t\u00e9 constat\u00e9 l\u00e0 o\u00f9 les orages ont s\u00e9vi. Les pompiers de l\u2019Is\u00e8re, sollicit\u00e9s dans plusieurs secteurs du d\u00e9partement, notamment pour des caves inond\u00e9es, n\u2019ont pas relev\u00e9 de dommages majeurs.<\/p>\n<p>  <script async src=\"https:\/\/platform.twitter.com\/widgets.js\" charset=\"utf-8\"><\/script><\/p>\n","protected":false},"excerpt":{"rendered":"Les orages ont frapp\u00e9 fortement le Nord-Is\u00e8re ce mercredi 20 ao\u00fbt. Jusqu\u2019\u00e0 100 mm de pluie sont tomb\u00e9s&hellip;\n","protected":false},"author":2,"featured_media":335124,"comment_status":"","ping_status":"","sticky":false,"template":"","format":"standard","meta":{"footnotes":""},"categories":[9566],"tags":[1111,11,2430,1777,674,1011,27,2731,12,25],"class_list":{"0":"post-335123","1":"post","2":"type-post","3":"status-publish","4":"format-standard","5":"has-post-thumbnail","7":"category-grenoble","8":"tag-actu","9":"tag-actualites","10":"tag-auvergne-rhone-alpes","11":"tag-eu","12":"tag-europe","13":"tag-fr","14":"tag-france","15":"tag-grenoble","16":"tag-news","17":"tag-republique-francaise"},"share_on_mastodon":{"url":"https:\/\/pubeurope.com\/@fr\/115069605859939572","error":""},"_links":{"self":[{"href":"https:\/\/www.europesays.com\/fr\/wp-json\/wp\/v2\/posts\/335123","targetHints":{"allow":["GET"]}}],"collection":[{"href":"https:\/\/www.europesays.com\/fr\/wp-json\/wp\/v2\/posts"}],"about":[{"href":"https:\/\/www.europesays.com\/fr\/wp-json\/wp\/v2\/types\/post"}],"author":[{"embeddable":true,"href":"https:\/\/www.europesays.com\/fr\/wp-json\/wp\/v2\/users\/2"}],"replies":[{"embeddable":true,"href":"https:\/\/www.europesays.com\/fr\/wp-json\/wp\/v2\/comments?post=335123"}],"version-history":[{"count":0,"href":"https:\/\/www.europesays.com\/fr\/wp-json\/wp\/v2\/posts\/335123\/revisions"}],"wp:featuredmedia":[{"embeddable":true,"href":"https:\/\/www.europesays.com\/fr\/wp-json\/wp\/v2\/media\/335124"}],"wp:attachment":[{"href":"https:\/\/www.europesays.com\/fr\/wp-json\/wp\/v2\/media?parent=335123"}],"wp:term":[{"taxonomy":"category","embeddable":true,"href":"https:\/\/www.europesays.com\/fr\/wp-json\/wp\/v2\/categories?post=335123"},{"taxonomy":"post_tag","embeddable":true,"href":"https:\/\/www.europesays.com\/fr\/wp-json\/wp\/v2\/tags?post=335123"}],"curies":[{"name":"wp","href":"https:\/\/api.w.org\/{rel}","templated":true}]}}