{"id":335125,"date":"2025-08-22T00:35:14","date_gmt":"2025-08-22T00:35:14","guid":{"rendered":"https:\/\/www.europesays.com\/fr\/335125\/"},"modified":"2025-08-22T00:35:14","modified_gmt":"2025-08-22T00:35:14","slug":"rennes-les-compos-probables-3","status":"publish","type":"post","link":"https:\/\/www.europesays.com\/fr\/335125\/","title":{"rendered":"Rennes : les compos probables"},"content":{"rendered":"<p>Vainqueur de l&rsquo;Olympique de Marseille la semaine derni\u00e8re en ayant disput\u00e9 une grande partie de la rencontre en inf\u00e9riorit\u00e9 num\u00e9rique, le Stade rennais a fait preuve d&rsquo;une belle force de caract\u00e8re. L&rsquo;heure est d\u00e9sormais \u00e0 la confirmation pour les hommes d&rsquo;Habib Beye, qui voudront remporter ce derby breton face \u00e0 un Lorient en qu\u00eate de rebond apr\u00e8s sa d\u00e9faite \u00e0 Auxerre (1-0). La rencontre sera \u00e0 suivre sur Ligue 1+ avec un coup d&rsquo;envoi qui sera donn\u00e9 dimanche \u00e0 15h.<\/p>\n<p>Les compos probables<\/p>\n<p><strong>Lorient<\/strong> : Kamara &#8211; Silva, Mendy, Talbi &#8211; Mvuka, Abergel, Avom Ebong, Kouassi &#8211; Tosin, Bamba, Pagis<\/p>\n<p><strong>Rennes<\/strong> : Samba &#8211; Frankowski, Wooh, Jacquet, Rouault, Merlin &#8211; Fofana, Ciss\u00e9, Rongier &#8211; Al-Tamari, Me\u00eft\u00e9<\/p>\n<p>\u00a0<\/p>\n<p class=\"dazn-text\"><a href=\"https:\/\/dazn.prf.hn\/click\/camref:1101l5aPuW\" rel=\"nofollow noopener\" target=\"_blank\">Le service Ligue 1+ pour suivre la Ligue 1 McDonald&rsquo;s et tout le contenu DAZN dans un seul abonnement !<\/a><\/p>\n<p>Partagez cette info avec vos amis et vos proches en cliquant ici<br \/> Pour r\u00e9sumer<\/p>\n<p>Apr\u00e8s avoir triomph\u00e9 de l\u2019Olympique de Marseille malgr\u00e9 une inf\u00e9riorit\u00e9 num\u00e9rique, le Stade rennais, dirig\u00e9 par Habib Beye, cherche \u00e0 confirmer sa forme en affrontant Lorient. Ce dernier souhaite se relancer apr\u00e8s sa d\u00e9faite contre Auxerre (1-0). Le derby breton sera diffus\u00e9 sur Ligue 1+, avec un coup d\u2019envoi pr\u00e9vu dimanche \u00e0 15h.<\/p>\n<p>R\u00e9dacteur<\/p>\n<p><img decoding=\"async\" width=\"76\" height=\"76\" loading=\"lazy\" src=\"https:\/\/www.europesays.com\/fr\/wp-content\/uploads\/2025\/04\/avatar-onze.webp.webp\" alt=\"Nathan Bricout\"\/><\/p>\n","protected":false},"excerpt":{"rendered":"Vainqueur de l&rsquo;Olympique de Marseille la semaine derni\u00e8re en ayant disput\u00e9 une grande partie de la rencontre en&hellip;\n","protected":false},"author":2,"featured_media":335126,"comment_status":"","ping_status":"","sticky":false,"template":"","format":"standard","meta":{"footnotes":""},"categories":[2821],"tags":[1111,11,829,1777,674,1011,27,12,584,25],"class_list":{"0":"post-335125","1":"post","2":"type-post","3":"status-publish","4":"format-standard","5":"has-post-thumbnail","7":"category-rennes","8":"tag-actu","9":"tag-actualites","10":"tag-bretagne","11":"tag-eu","12":"tag-europe","13":"tag-fr","14":"tag-france","15":"tag-news","16":"tag-rennes","17":"tag-republique-francaise"},"share_on_mastodon":{"url":"https:\/\/pubeurope.com\/@fr\/115069617656054900","error":""},"_links":{"self":[{"href":"https:\/\/www.europesays.com\/fr\/wp-json\/wp\/v2\/posts\/335125","targetHints":{"allow":["GET"]}}],"collection":[{"href":"https:\/\/www.europesays.com\/fr\/wp-json\/wp\/v2\/posts"}],"about":[{"href":"https:\/\/www.europesays.com\/fr\/wp-json\/wp\/v2\/types\/post"}],"author":[{"embeddable":true,"href":"https:\/\/www.europesays.com\/fr\/wp-json\/wp\/v2\/users\/2"}],"replies":[{"embeddable":true,"href":"https:\/\/www.europesays.com\/fr\/wp-json\/wp\/v2\/comments?post=335125"}],"version-history":[{"count":0,"href":"https:\/\/www.europesays.com\/fr\/wp-json\/wp\/v2\/posts\/335125\/revisions"}],"wp:featuredmedia":[{"embeddable":true,"href":"https:\/\/www.europesays.com\/fr\/wp-json\/wp\/v2\/media\/335126"}],"wp:attachment":[{"href":"https:\/\/www.europesays.com\/fr\/wp-json\/wp\/v2\/media?parent=335125"}],"wp:term":[{"taxonomy":"category","embeddable":true,"href":"https:\/\/www.europesays.com\/fr\/wp-json\/wp\/v2\/categories?post=335125"},{"taxonomy":"post_tag","embeddable":true,"href":"https:\/\/www.europesays.com\/fr\/wp-json\/wp\/v2\/tags?post=335125"}],"curies":[{"name":"wp","href":"https:\/\/api.w.org\/{rel}","templated":true}]}}