{"id":335127,"date":"2025-08-22T00:36:18","date_gmt":"2025-08-22T00:36:18","guid":{"rendered":"https:\/\/www.europesays.com\/fr\/335127\/"},"modified":"2025-08-22T00:36:18","modified_gmt":"2025-08-22T00:36:18","slug":"un-homme-juge-pour-exhibition-sexuelle","status":"publish","type":"post","link":"https:\/\/www.europesays.com\/fr\/335127\/","title":{"rendered":"un homme jug\u00e9 pour exhibition sexuelle"},"content":{"rendered":"<p>L\u2019homme de 27 ans parle de \u00ab\u00a0co\u00efncidence\u00a0\u00bb, \u00ab\u00a0d\u2019un hasard\u00a0\u00bb malencontreux. Il est suspect\u00e9 d\u2019avoir commis une exhibition sexuelle. Le 19\u00a0ao\u00fbt au matin, deux jeunes filles de 15 ans alertent la police qu\u2019un homme en fauteuil roulant vient de leur montrer ses parties intimes dans les toilettes du Starbucks de la place Kl\u00e9ber \u00e0 Strasbourg.<\/p>\n<p>\u00ab Graves troubles de la personnalit\u00e9\u00a0\u00bb<\/p>\n<p>Le pr\u00e9venu, jug\u00e9 jeudi 21\u00a0ao\u00fbt, admet \u00eatre sorti du local r\u00e9serv\u00e9 aux handicap\u00e9s v\u00eatu d\u2019un simple t-shirt, sans pantalon, alors que les adolescentes se rendaient aux toilettes. Sans domicile fixe, en situation d\u2019extr\u00eame pr\u00e9carit\u00e9, il explique venir r\u00e9guli\u00e8rement dans l\u2019enseigne pour se laver. Ce matin-l\u00e0, il avait laiss\u00e9 son sac avec ses affaires propres en dehors des toilettes. Voulant se rhabiller, il n\u2019aurait eu, selon lui, d\u2019autre solution que de sortir r\u00e9cup\u00e9rer son bagage. Bien que condamn\u00e9 \u00e0 Lille, en juin dernier, pour des faits d\u2019exhibition, d\u2019agression sexuelle et d\u2019outrage, le mis en cause l\u2019assure\u00a0: \u00ab\u00a0Cette fois ce n\u2019\u00e9tait pas volontaire\u00a0\u00bb.<\/p>\n<p>L\u2019expert psychiatre qui l\u2019a examin\u00e9 a relev\u00e9 de \u00ab\u00a0graves troubles de la personnalit\u00e9\u00a0\u00bb et \u00ab\u00a0l\u2019alt\u00e9ration de son discernement\u00a0\u00bb. Apr\u00e8s d\u00e9lib\u00e9ration, le tribunal l\u2019a relax\u00e9 soulignant l\u2019absence d\u2019\u00e9l\u00e9ment intentionnel.<\/p>\n","protected":false},"excerpt":{"rendered":"L\u2019homme de 27 ans parle de \u00ab\u00a0co\u00efncidence\u00a0\u00bb, \u00ab\u00a0d\u2019un hasard\u00a0\u00bb malencontreux. Il est suspect\u00e9 d\u2019avoir commis une exhibition sexuelle.&hellip;\n","protected":false},"author":2,"featured_media":335128,"comment_status":"","ping_status":"","sticky":false,"template":"","format":"standard","meta":{"footnotes":""},"categories":[2820],"tags":[1111,11,2880,1777,674,274,107,1011,27,775,12,25,640,2879],"class_list":{"0":"post-335127","1":"post","2":"type-post","3":"status-publish","4":"format-standard","5":"has-post-thumbnail","7":"category-strasbourg","8":"tag-actu","9":"tag-actualites","10":"tag-edition-strasbourg","11":"tag-eu","12":"tag-europe","13":"tag-faits-divers-justice","14":"tag-fil-info","15":"tag-fr","16":"tag-france","17":"tag-grand-est","18":"tag-news","19":"tag-republique-francaise","20":"tag-strasbourg","21":"tag-strasbourg-ville"},"share_on_mastodon":{"url":"https:\/\/pubeurope.com\/@fr\/115069621576966225","error":""},"_links":{"self":[{"href":"https:\/\/www.europesays.com\/fr\/wp-json\/wp\/v2\/posts\/335127","targetHints":{"allow":["GET"]}}],"collection":[{"href":"https:\/\/www.europesays.com\/fr\/wp-json\/wp\/v2\/posts"}],"about":[{"href":"https:\/\/www.europesays.com\/fr\/wp-json\/wp\/v2\/types\/post"}],"author":[{"embeddable":true,"href":"https:\/\/www.europesays.com\/fr\/wp-json\/wp\/v2\/users\/2"}],"replies":[{"embeddable":true,"href":"https:\/\/www.europesays.com\/fr\/wp-json\/wp\/v2\/comments?post=335127"}],"version-history":[{"count":0,"href":"https:\/\/www.europesays.com\/fr\/wp-json\/wp\/v2\/posts\/335127\/revisions"}],"wp:featuredmedia":[{"embeddable":true,"href":"https:\/\/www.europesays.com\/fr\/wp-json\/wp\/v2\/media\/335128"}],"wp:attachment":[{"href":"https:\/\/www.europesays.com\/fr\/wp-json\/wp\/v2\/media?parent=335127"}],"wp:term":[{"taxonomy":"category","embeddable":true,"href":"https:\/\/www.europesays.com\/fr\/wp-json\/wp\/v2\/categories?post=335127"},{"taxonomy":"post_tag","embeddable":true,"href":"https:\/\/www.europesays.com\/fr\/wp-json\/wp\/v2\/tags?post=335127"}],"curies":[{"name":"wp","href":"https:\/\/api.w.org\/{rel}","templated":true}]}}