{"id":335135,"date":"2025-08-22T00:41:25","date_gmt":"2025-08-22T00:41:25","guid":{"rendered":"https:\/\/www.europesays.com\/fr\/335135\/"},"modified":"2025-08-22T00:41:25","modified_gmt":"2025-08-22T00:41:25","slug":"que-faire-a-nantes-ce-week-end-du-15-au-17-aout-3-idees-pour-en-profiter-a-fond","status":"publish","type":"post","link":"https:\/\/www.europesays.com\/fr\/335135\/","title":{"rendered":"Que faire \u00e0 Nantes ce week-end du 15 au 17 ao\u00fbt ? 3 id\u00e9es pour en profiter \u00e0 fond"},"content":{"rendered":"<p class=\"intro\">Ce week-end du 15 au 17 ao\u00fbt, Nantes et ses alentours se parent de leurs plus beaux atours culturels\u00a0! Entre l&rsquo;art contemporain qui investit la ville, une exposition intimiste dans une gare r\u00e9habilit\u00e9e et un spectacle musical au c\u0153ur d&rsquo;un parc historique, il y en a pour tous les go\u00fbts. Trois ambiances, trois exp\u00e9riences uniques qui promettent de transformer votre week-end en v\u00e9ritable odyss\u00e9e artistique. Pr\u00e9parez-vous \u00e0 d\u00e9couvrir ce que la r\u00e9gion a de plus cr\u00e9atif \u00e0 offrir\u00a0!<\/p>\n<p class=\"mise_en_avant\"><strong>Pr\u00e9visions m\u00e9t\u00e9o ce week-end\u00a0:<\/strong> Un soleil g\u00e9n\u00e9reux accompagnera vos sorties avec 36\u00b0C vendredi, 37\u00b0C samedi et 33\u00b0C dimanche sous un ciel parfaitement d\u00e9gag\u00e9.<\/p>\n<p>1\/ Le Voyage \u00e0 Nantes 2025 [Coup de \u2764\ufe0f JDS]\u00a0: l&rsquo;art s&#8217;empare de la ville<\/p>\n<p>Impossible de passer \u00e0 c\u00f4t\u00e9 du <a href=\"https:\/\/www.jds.fr\/nantes\/manifestations\/le-voyage-a-nantes-173319_A\" rel=\"nofollow noopener\" target=\"_blank\">Voyage \u00e0 Nantes 2025 \u00e0 Nantes<\/a> qui transforme litt\u00e9ralement la cit\u00e9 des Ducs en mus\u00e9e \u00e0 ciel ouvert\u00a0! \ud83c\udfa8 Cette \u00e9dition 2025, plac\u00e9e sous le th\u00e8me fascinant de\u00a0\u00ab\u00a0L&rsquo;\u00c9tranget\u00e9\u00a0\u00bb, invite \u00e0 red\u00e9couvrir Nantes \u00e0 travers des \u0153uvres d&rsquo;art contemporain qui s&rsquo;installent dans chaque recoin de la ville. Un \u00e9v\u00e9nement incontournable qui fait de chaque promenade une aventure artistique impr\u00e9visible.<\/p>\n<p>\ud83d\udca1 <strong>Notre conseil\u00a0:<\/strong> Munissez-vous du pass voyage pour acc\u00e9der \u00e0 toutes les installations et pr\u00e9voyez une journ\u00e9e compl\u00e8te &#8211; avec cette chaleur, alternez visites en ext\u00e9rieur le matin et d\u00e9couvertes dans les lieux climatis\u00e9s l&rsquo;apr\u00e8s-midi\u00a0!<\/p>\n<p>\ud83d\udccd Nantes<br \/>\ud83d\udcc5 Jusqu&rsquo;au 31\/08\/2025<\/p>\n<p class=\"mise_en_avant\">\ud83d\udc49 <a href=\"https:\/\/www.jds.fr\/nantes\/manifestations\/le-voyage-a-nantes-173319_A\" rel=\"nofollow noopener\" target=\"_blank\">[Coup de \u2764\ufe0f JDS] Le Voyage \u00e0 Nantes 2025\u00a0: programme culturel de l&rsquo;\u00e9t\u00e9\u00a0: toutes les informations<\/a><\/p>\n<p><a data-lightbox=\"article\" data-title=\"Le Voyage \u00e0 Nantes \u00a9 Le Bonbon\" class=\"image detail fullwidth\" href=\"https:\/\/www.jds.fr\/medias\/image\/le-voyage-a-nantes-151697-1200-0-F.webp\" title=\"Le Voyage \u00e0 Nantes \u00a9 Le Bonbon\" rel=\"nofollow noopener\" target=\"_blank\"><br \/>\n<img decoding=\"async\" loading=\"lazy\" src=\"https:\/\/www.europesays.com\/fr\/wp-content\/uploads\/2025\/08\/le-voyage-a-nantes-151697-1200-0.webp.webp\"   alt=\"Le Voyage \u00e0 Nantes\" class=\"shortcode_image border\"\/><br \/>\n\u00a9 Le Bonbon<br \/>\nLe Voyage \u00e0 Nantes<br \/>\n<\/a>\n<\/p>\n<p>2\/ 3\u00e8me exposition estivale \u00e0 la gare d&rsquo;Oudon\u00a0: art et patrimoine ferroviaire<\/p>\n<p>Direction la charmante commune d&rsquo;Oudon pour d\u00e9couvrir la <a href=\"https:\/\/www.jds.fr\/nantes\/expos\/3eme-exposition-estivale-a-la-gare-d-oudon-987770_A\" rel=\"nofollow noopener\" target=\"_blank\">3\u00e8me exposition estivale \u00e0 la gare d&rsquo;Oudon<\/a> qui r\u00e9unit les \u0153uvres de Ren\u00e9-Claude Migaud et Brigitte Delpech en peinture, ainsi que Denis Murail et Magali Bruchet en sculpture. \ud83d\ude82 Cette ancienne gare transform\u00e9e en galerie d&rsquo;art offre un cadre original pour appr\u00e9cier des cr\u00e9ations contemporaines dans un lieu charg\u00e9 d&rsquo;histoire.<\/p>\n<p>\ud83d\udca1 <strong>Notre conseil\u00a0:<\/strong> Profitez de la fra\u00eecheur matinale pour vous rendre \u00e0 Oudon (\u00e0 30 minutes de Nantes) et combinez votre visite avec une balade le long de la Loire &#8211; l&rsquo;effet rafra\u00eechissant sera le bienvenu par cette canicule\u00a0!<\/p>\n<p>\ud83d\udccd Gare d&rsquo;Oudon | Oudon<br \/>\ud83d\udcc5 Du 14\/08\/2025 au 17\/08\/2025<\/p>\n<p class=\"mise_en_avant\">\ud83d\udc49 <a href=\"https:\/\/www.jds.fr\/nantes\/expos\/3eme-exposition-estivale-a-la-gare-d-oudon-987770_A\" rel=\"nofollow noopener\" target=\"_blank\">3\u00e8me exposition estivale \u00e0 la gare d&rsquo;Oudon\u00a0: toutes les informations<\/a><\/p>\n<p><a data-lightbox=\"article\" data-title=\" \u00a9 Association O&#039;CAP\" class=\"image detail fullwidth\" href=\"https:\/\/www.jds.fr\/medias\/image\/0.16318600-1747579868-619335-1200-0-F.webp\" title=\" \u00a9 Association O&#039;CAP\" rel=\"nofollow noopener\" target=\"_blank\"><br \/>\n<img decoding=\"async\" loading=\"lazy\" src=\"https:\/\/www.europesays.com\/fr\/wp-content\/uploads\/2025\/08\/0.16318600-1747579868-619335-1200-0.webp.webp\"   alt=\"3\u00e8me exposition estivale \u00e0 la gare d'Oudon\" class=\"shortcode_image border\"\/><br \/>\n\u00a9 Association O&rsquo;CAP<br \/>\n<\/a>\n<\/p>\n<p>3\/ Femmes qui chantent\u00a0: concert intimiste au Ch\u00e2teau de La Droiti\u00e8re<\/p>\n<p>Dimanche, cap sur Mauves-sur-Loire pour assister au spectacle <a href=\"https:\/\/www.jds.fr\/nantes\/spectacles\/spectacle-musical\/femmes-qui-chantent-1123571_A\" rel=\"nofollow noopener\" target=\"_blank\">Femmes qui chantent \u00e0 Mauves-sur-Loire<\/a> dans l&rsquo;\u00e9crin exceptionnel du Ch\u00e2teau de La Droiti\u00e8re. \ud83c\udfb5 MariL\u00e8ne vous propose un duo \u00e0 capella m\u00ealant chansons dr\u00f4les, \u00e9mouvantes et engag\u00e9es, dans le seul lieu visitable de Loire-Atlantique o\u00f9 Jules Verne a s\u00e9journ\u00e9. Une exp\u00e9rience musicale unique \u00e0 l&rsquo;ombre des c\u00e8dres du Liban.<\/p>\n<p>\ud83d\udca1 <strong>Notre conseil\u00a0:<\/strong> Apportez votre pique-nique pour profiter pleinement des 11 hectares du parc class\u00e9 avant le spectacle de 17h &#8211; c&rsquo;est l&rsquo;occasion r\u00eav\u00e9e de passer une journ\u00e9e compl\u00e8te dans ce cadre magique\u00a0!<\/p>\n<p>\ud83d\udccd Ch\u00e2teau de La Droiti\u00e8re | Mauves-sur-Loire<br \/>\ud83d\udcc5 Le 17\/08\/2025<\/p>\n<p class=\"mise_en_avant\">\ud83d\udc49 <a href=\"https:\/\/www.jds.fr\/nantes\/spectacles\/spectacle-musical\/femmes-qui-chantent-1123571_A\" rel=\"nofollow noopener\" target=\"_blank\">Femmes qui chantent\u00a0: toutes les informations<\/a><\/p>\n<p><a data-lightbox=\"article\" data-title=\" \u00a9 Phil Barouf\" class=\"image detail fullwidth\" href=\"https:\/\/www.jds.fr\/medias\/image\/0.51891800-1754925196-692389-1200-0-F.webp\" title=\" \u00a9 Phil Barouf\" rel=\"nofollow noopener\" target=\"_blank\"><br \/>\n<img decoding=\"async\" loading=\"lazy\" src=\"https:\/\/www.europesays.com\/fr\/wp-content\/uploads\/2025\/08\/0.51891800-1754925196-692389-1200-0.webp.webp\"   alt=\"Femmes qui chantent\" class=\"shortcode_image border\"\/><br \/>\n\u00a9 Phil Barouf<br \/>\n<\/a>\n<\/p>\n<p>Date de publication : le 13\/08\/2025.<\/p>\n<p class=\"font-size-30 fw-bold lh-1 mt-0 mb-4\">Je trouve les meilleures sorties dans ma ville<\/p>\n","protected":false},"excerpt":{"rendered":"Ce week-end du 15 au 17 ao\u00fbt, Nantes et ses alentours se parent de leurs plus beaux atours&hellip;\n","protected":false},"author":2,"featured_media":335136,"comment_status":"","ping_status":"","sticky":false,"template":"","format":"standard","meta":{"footnotes":""},"categories":[2818],"tags":[1111,11,1777,674,1011,27,766,12,2636,25],"class_list":{"0":"post-335135","1":"post","2":"type-post","3":"status-publish","4":"format-standard","5":"has-post-thumbnail","7":"category-nantes","8":"tag-actu","9":"tag-actualites","10":"tag-eu","11":"tag-europe","12":"tag-fr","13":"tag-france","14":"tag-nantes","15":"tag-news","16":"tag-pays-de-la-loire","17":"tag-republique-francaise"},"share_on_mastodon":{"url":"https:\/\/pubeurope.com\/@fr\/115069641461722319","error":""},"_links":{"self":[{"href":"https:\/\/www.europesays.com\/fr\/wp-json\/wp\/v2\/posts\/335135","targetHints":{"allow":["GET"]}}],"collection":[{"href":"https:\/\/www.europesays.com\/fr\/wp-json\/wp\/v2\/posts"}],"about":[{"href":"https:\/\/www.europesays.com\/fr\/wp-json\/wp\/v2\/types\/post"}],"author":[{"embeddable":true,"href":"https:\/\/www.europesays.com\/fr\/wp-json\/wp\/v2\/users\/2"}],"replies":[{"embeddable":true,"href":"https:\/\/www.europesays.com\/fr\/wp-json\/wp\/v2\/comments?post=335135"}],"version-history":[{"count":0,"href":"https:\/\/www.europesays.com\/fr\/wp-json\/wp\/v2\/posts\/335135\/revisions"}],"wp:featuredmedia":[{"embeddable":true,"href":"https:\/\/www.europesays.com\/fr\/wp-json\/wp\/v2\/media\/335136"}],"wp:attachment":[{"href":"https:\/\/www.europesays.com\/fr\/wp-json\/wp\/v2\/media?parent=335135"}],"wp:term":[{"taxonomy":"category","embeddable":true,"href":"https:\/\/www.europesays.com\/fr\/wp-json\/wp\/v2\/categories?post=335135"},{"taxonomy":"post_tag","embeddable":true,"href":"https:\/\/www.europesays.com\/fr\/wp-json\/wp\/v2\/tags?post=335135"}],"curies":[{"name":"wp","href":"https:\/\/api.w.org\/{rel}","templated":true}]}}