{"id":335139,"date":"2025-08-22T00:46:43","date_gmt":"2025-08-22T00:46:43","guid":{"rendered":"https:\/\/www.europesays.com\/fr\/335139\/"},"modified":"2025-08-22T00:46:43","modified_gmt":"2025-08-22T00:46:43","slug":"formation-strategie-de-communication-digitale-et-reseaux-sociaux-pour-developper-son-activite-a-distance-du-13-au-24-octobre-2025-h-f-a-toulouse-31","status":"publish","type":"post","link":"https:\/\/www.europesays.com\/fr\/335139\/","title":{"rendered":"Formation Strat\u00e9gie de communication digitale et r\u00e9seaux sociaux pour d\u00e9velopper son activit\u00e9, \u00e0 distance du 13 au 24 octobre 2025 H\/F \u00e0 Toulouse (31)"},"content":{"rendered":"<p>Apprenez \u00e0 utiliser efficacement les outils num\u00e9riques pour d\u00e9velopper votre communication, construire votre e-r\u00e9putation et optimiser votre pr\u00e9sence sur les r\u00e9seaux sociaux. En 5 jours (non cons\u00e9cutifs), d\u00e9couvrez comment choisir et mettre en place une strat\u00e9gie de communication.<\/p>\n<p>Cette formation vous permettra de d\u00e9velopper les comp\u00e9tences et aptitudes suivantes\u00a0:<br \/>\n<br \/><b>\u2013<\/b>\u00a0D\u00e9finir sa cible de communication<br \/>\n<br \/><b>\u2013<\/b>\u00a0D\u00e9couvrir et choisir les outils appropri\u00e9s \u00e0 sa communication<br \/>\n<br \/><b>\u2013<\/b>\u00a0R\u00e9diger pour mieux d\u00e9livrer son message<br \/>\n<br \/><b>\u2013<\/b>\u00a0Concevoir ses premiers outils de communication digitale<br \/>\n<br \/><b>\u2013<\/b>\u00a0Mesurer les impacts du digital et des m\u00e9dias sociaux<br \/>\n<br \/><b>\u2013<\/b>\u00a0Se familiariser avec les r\u00e9seaux sociaux, leur fonctionnement<br \/>\n<br \/><b>\u2013<\/b>\u00a0D\u00e9velopper sa e-r\u00e9putation<\/p>\n<p>Pr\u00e9requis pour int\u00e9grer cette formation\u00a0:<br \/>\n<br \/><b>\u2013<\/b>\u00a0Savoir utiliser un ordinateur<br \/>\n<br \/><b>\u2013<\/b>\u00a0Ma\u00eetriser la langue fran\u00e7aise<br \/>\n<br \/><b>\u2013<\/b>\u00a0\u00c9quipes personnels n\u00e9cessaires\u00a0: ordinateur, cam\u00e9ra, bonne connexion internet<br class=\"autobr\"\/><br \/>\nUn descriptif de la formation est disponible sur notre site internet <a href=\"https:\/\/formation.bgeso.fr\/produit\/utiliser-lenvironnement-numerique-pour-developper-sa-communication-son-e-reputation-et-sa-presence-sur-les-reseaux-sociaux\" class=\"spip_url spip_out auto\" rel=\"nofollow external noopener\" target=\"_blank\">https:\/\/formation.bgeso.fr\/produit\/utiliser-lenvironnement-numerique-pour-developper-sa-communication-son-e-reputation-et-sa-presence-sur-les-reseaux-sociaux<\/a> <br class=\"autobr\"\/><br \/>\nPlusieurs modes de financements sont possibles en fonction de votre situation.<br class=\"autobr\"\/><br \/>\nFinancement via votre compte CPF avec passage de la certification PIX pour mettre en valeur votre CV\u00a0!<\/p>\n<p><strong>Pour postuler\u00a0:<br class=\"autobr\"\/><br \/>\nCette formation vous int\u00e9resse\u00a0? Vous pouvez nous contacter directement au 05-61-61-45-10 ou par mail \u00e0 formationbgeso@creer.fr <br class=\"autobr\"\/><br \/>\nProcessus de recrutement\u00a0: \u00e9change et validation du projet par un de nos collaborateurs.<\/strong><\/p>\n<p>BGE Sud-Ouest p\u00f4le formation<br class=\"autobr\"\/><br \/>\n64 boulevard Silvio Trentin<br class=\"autobr\"\/><br \/>\n31200 Toulouse<\/p>\n","protected":false},"excerpt":{"rendered":"Apprenez \u00e0 utiliser efficacement les outils num\u00e9riques pour d\u00e9velopper votre communication, construire votre e-r\u00e9putation et optimiser votre pr\u00e9sence&hellip;\n","protected":false},"author":2,"featured_media":24040,"comment_status":"","ping_status":"","sticky":false,"template":"","format":"standard","meta":{"footnotes":""},"categories":[2816],"tags":[1111,11,1777,674,1011,27,12,2680,25,2312],"class_list":{"0":"post-335139","1":"post","2":"type-post","3":"status-publish","4":"format-standard","5":"has-post-thumbnail","7":"category-toulouse","8":"tag-actu","9":"tag-actualites","10":"tag-eu","11":"tag-europe","12":"tag-fr","13":"tag-france","14":"tag-news","15":"tag-occitanie","16":"tag-republique-francaise","17":"tag-toulouse"},"share_on_mastodon":{"url":"https:\/\/pubeurope.com\/@fr\/115069660867462386","error":""},"_links":{"self":[{"href":"https:\/\/www.europesays.com\/fr\/wp-json\/wp\/v2\/posts\/335139","targetHints":{"allow":["GET"]}}],"collection":[{"href":"https:\/\/www.europesays.com\/fr\/wp-json\/wp\/v2\/posts"}],"about":[{"href":"https:\/\/www.europesays.com\/fr\/wp-json\/wp\/v2\/types\/post"}],"author":[{"embeddable":true,"href":"https:\/\/www.europesays.com\/fr\/wp-json\/wp\/v2\/users\/2"}],"replies":[{"embeddable":true,"href":"https:\/\/www.europesays.com\/fr\/wp-json\/wp\/v2\/comments?post=335139"}],"version-history":[{"count":0,"href":"https:\/\/www.europesays.com\/fr\/wp-json\/wp\/v2\/posts\/335139\/revisions"}],"wp:featuredmedia":[{"embeddable":true,"href":"https:\/\/www.europesays.com\/fr\/wp-json\/wp\/v2\/media\/24040"}],"wp:attachment":[{"href":"https:\/\/www.europesays.com\/fr\/wp-json\/wp\/v2\/media?parent=335139"}],"wp:term":[{"taxonomy":"category","embeddable":true,"href":"https:\/\/www.europesays.com\/fr\/wp-json\/wp\/v2\/categories?post=335139"},{"taxonomy":"post_tag","embeddable":true,"href":"https:\/\/www.europesays.com\/fr\/wp-json\/wp\/v2\/tags?post=335139"}],"curies":[{"name":"wp","href":"https:\/\/api.w.org\/{rel}","templated":true}]}}