{"id":335143,"date":"2025-08-22T00:55:14","date_gmt":"2025-08-22T00:55:14","guid":{"rendered":"https:\/\/www.europesays.com\/fr\/335143\/"},"modified":"2025-08-22T00:55:14","modified_gmt":"2025-08-22T00:55:14","slug":"marseille-la-region-sud-partenaire-incontournable-des-porteurs-de-projets-europeens","status":"publish","type":"post","link":"https:\/\/www.europesays.com\/fr\/335143\/","title":{"rendered":"MARSEILLE : La R\u00e9gion Sud, partenaire incontournable des porteurs de projets europ\u00e9ens"},"content":{"rendered":"<p><strong>La R\u00e9gion Sud Provence-Alpes-C\u00f4te d\u2019Azur est devenue un partenaire incontournable pour les porteurs de projets europ\u00e9ens, gr\u00e2ce \u00e0 une gestion dynamique des fonds europ\u00e9ens.<\/strong><\/p>\n<p>David GALTIER, Conseiller r\u00e9gional, repr\u00e9sentant Renaud MUSELIER, Pr\u00e9sident de la R\u00e9gion Provence-Alpes-C\u00f4te d\u2019Azur, a remis les troph\u00e9es aux laur\u00e9ats de la 3\u00e8me \u00e9dition du Concours \u00ab Les Etoiles de l\u2019Europe en R\u00e9gion Sud \u00bb qui valorisent les initiatives exemplaires financ\u00e9es par les fonds europ\u00e9ens.<\/p>\n<p>Ces troph\u00e9es distinguent des acteurs engag\u00e9s, chercheurs, entrepreneurs, collectivit\u00e9s ou associations, qui, par leurs initiatives, font le pari de l\u2019Europe et en deviennent les ambassadeurs du quotidien sur l\u2019ensemble du territoire r\u00e9gional. La R\u00e9gion Provence-Alpes-C\u00f4te d\u2019Azur illustre un savoir-faire exemplaire et se place dans le top 10 des R\u00e9gions europ\u00e9ennes pour la consommation des fonds europ\u00e9ens. Pour la p\u00e9riode 2021-2027, l\u2019objectif est d\u2019atteindre\u00a0<strong>10 milliards d\u2019\u20ac<\/strong> de captation.<\/p>\n<p>Depuis la loi de d\u00e9centralisation du 27 janvier 2014, la R\u00e9gion Sud est aux commandes de nombreux fonds europ\u00e9ens sur son territoire, en tant qu\u2019autorit\u00e9 de gestion (FEDER, FSE+, Fonds pour une Transition Juste, Interreg-MED) ou comme \u00ab organisme interm\u00e9diaire \u00bb (FEAMPA, FEADER). La R\u00e9gion a confirm\u00e9 son r\u00f4le central pour la mobilisation de l\u2019ensemble des financements europ\u00e9ens, tous programmes confondus, au b\u00e9n\u00e9fice des forces vives de son territoire r\u00e9gional.<\/p>\n<p><strong>R\u00e9alisations concr\u00e8tes<\/strong><br \/>\u2013 De 2014 \u00e0 2020, la R\u00e9gion Sud a capt\u00e9 4,6 milliards d\u2019euros de financements europ\u00e9ens, tous programmes et tous types d\u2019aides confondus.<br \/>\u2013 De 2021 \u00e0 2027, la Commission europ\u00e9enne renouvelle sa confiance \u00e0 la R\u00e9gion Sud et lui r\u00e9attribue la gestion d\u2019une nouvelle g\u00e9n\u00e9ration de fonds europ\u00e9ens.<br \/>\u2013 D\u2019ici \u00e0 2030, la R\u00e9gion Sud ambitionne de mobiliser 10 milliards d\u2019euros de cr\u00e9dits europ\u00e9ens au profit du territoire de Provence-Alpes-C\u00f4te d\u2019Azur.<\/p>\n<p><strong>En savoir plus sur le projet<\/strong><br \/>\u2013\u00a0<a href=\"https:\/\/europe.maregionsud.fr\/\" target=\"_blank\" rel=\"noopener nofollow\" data-saferedirecturl=\"https:\/\/www.google.com\/url?q=https:\/\/europe.maregionsud.fr&amp;source=gmail&amp;ust=1754917596351000&amp;usg=AOvVaw2ERdERDKc3t5InldPjRHxc\">R\u00e9gion Sud Provence-Alpes-C\u00f4te d\u2019Azur<\/a><br \/>\u2013\u00a0<a href=\"https:\/\/europe.maregionsud.fr\/equipes-a-votre-service\" target=\"_blank\" rel=\"noopener nofollow\" data-saferedirecturl=\"https:\/\/www.google.com\/url?q=https:\/\/europe.maregionsud.fr\/equipes-a-votre-service&amp;source=gmail&amp;ust=1754917596351000&amp;usg=AOvVaw3JuAMdxP4POGAT-hqZzwoh\">Des \u00e9quipes d\u00e9di\u00e9es pour les porteurs de projets<\/a><\/p>\n<p>Source : Les Etoiles de l\u2019Europe en R\u00e9gion Sud.<\/p>\n","protected":false},"excerpt":{"rendered":"La R\u00e9gion Sud Provence-Alpes-C\u00f4te d\u2019Azur est devenue un partenaire incontournable pour les porteurs de projets europ\u00e9ens, gr\u00e2ce \u00e0&hellip;\n","protected":false},"author":2,"featured_media":310607,"comment_status":"","ping_status":"","sticky":false,"template":"","format":"standard","meta":{"footnotes":""},"categories":[2814],"tags":[1111,11,1777,674,1011,27,884,12,882,25],"class_list":{"0":"post-335143","1":"post","2":"type-post","3":"status-publish","4":"format-standard","5":"has-post-thumbnail","7":"category-marseille","8":"tag-actu","9":"tag-actualites","10":"tag-eu","11":"tag-europe","12":"tag-fr","13":"tag-france","14":"tag-marseille","15":"tag-news","16":"tag-provence-alpes-cote-dazur","17":"tag-republique-francaise"},"share_on_mastodon":{"url":"https:\/\/pubeurope.com\/@fr\/115069696323726405","error":""},"_links":{"self":[{"href":"https:\/\/www.europesays.com\/fr\/wp-json\/wp\/v2\/posts\/335143","targetHints":{"allow":["GET"]}}],"collection":[{"href":"https:\/\/www.europesays.com\/fr\/wp-json\/wp\/v2\/posts"}],"about":[{"href":"https:\/\/www.europesays.com\/fr\/wp-json\/wp\/v2\/types\/post"}],"author":[{"embeddable":true,"href":"https:\/\/www.europesays.com\/fr\/wp-json\/wp\/v2\/users\/2"}],"replies":[{"embeddable":true,"href":"https:\/\/www.europesays.com\/fr\/wp-json\/wp\/v2\/comments?post=335143"}],"version-history":[{"count":0,"href":"https:\/\/www.europesays.com\/fr\/wp-json\/wp\/v2\/posts\/335143\/revisions"}],"wp:featuredmedia":[{"embeddable":true,"href":"https:\/\/www.europesays.com\/fr\/wp-json\/wp\/v2\/media\/310607"}],"wp:attachment":[{"href":"https:\/\/www.europesays.com\/fr\/wp-json\/wp\/v2\/media?parent=335143"}],"wp:term":[{"taxonomy":"category","embeddable":true,"href":"https:\/\/www.europesays.com\/fr\/wp-json\/wp\/v2\/categories?post=335143"},{"taxonomy":"post_tag","embeddable":true,"href":"https:\/\/www.europesays.com\/fr\/wp-json\/wp\/v2\/tags?post=335143"}],"curies":[{"name":"wp","href":"https:\/\/api.w.org\/{rel}","templated":true}]}}