{"id":335144,"date":"2025-08-22T00:56:20","date_gmt":"2025-08-22T00:56:20","guid":{"rendered":"https:\/\/www.europesays.com\/fr\/335144\/"},"modified":"2025-08-22T00:56:20","modified_gmt":"2025-08-22T00:56:20","slug":"deux-elus-quittent-lyon-en-commun-perrin-gilbert-siegera-sans-etiquette","status":"publish","type":"post","link":"https:\/\/www.europesays.com\/fr\/335144\/","title":{"rendered":"deux \u00e9lus quittent Lyon en commun, Perrin-Gilbert si\u00e9gera sans \u00e9tiquette"},"content":{"rendered":"<p>                            <img loading=\"lazy\" width=\"1200\" height=\"824\" class=\"attachment-article size-article wp-post-image lazyload\" alt=\"Nathalie Perrin-Gilbert au conseil municipal, le 19\u00a0novembre 2018 \u00a9 Tim Douet\" decoding=\"async\" src=\"https:\/\/www.europesays.com\/fr\/wp-content\/uploads\/2025\/08\/Nathalie-Perrin-Gilbert-conseil-municipal-c-Tim-Douet_0014-e1755781523717-1200x824.jpg\" data-eio-rwidth=\"1200\" data-eio-rheight=\"824\"\/><\/p>\n<p>Nathalie Perrin-Gilbert au conseil municipal, le 19\u00a0novembre 2018 \u00a9 Tim Douet<\/p>\n<p class=\"content\" style=\"font-size:1.2em;font-weight:700\">Tristan Debray et Alexandre Chevalier ont quitt\u00e9 Lyon en commun, mettant fin de fait \u00e0 l&rsquo;existence du groupe politique qui ne compte plus que deux \u00e9lus. <\/p>\n<p>Alors que la campagne pour les \u00e9lections municipale et m\u00e9tropolitaine d\u00e9butera officiellement le 1er septembre, les \u00e9lus Tristan Debray et Alexandre Chevalier ont clarifi\u00e9 leur position. <\/p>\n<p>Dans un communiqu\u00e9 diffus\u00e9 ce jeudi, le groupe Lyon en commun, au sein duquel ils ont si\u00e9g\u00e9 depuis le d\u00e9but du mandat, indiquent qu&rsquo;ils se sont retir\u00e9s de ce dernier afin de si\u00e9ger en tant que \u00ab\u00a0non-inscrits\u00a0\u00bb. Une d\u00e9cision que Natalie Perrin-Gilbert et David Souvestre disent regretter, tout en saluant l&rsquo;engagement pass\u00e9 de leurs coll\u00e8gues. Int\u00e9gr\u00e9s au sein de l&rsquo;ex\u00e9cutif du maire Gr\u00e9gory Doucet, Tristan Debray et Alexandre Chevalier ne pouvaient raisonnablement plus si\u00e9ger dans ce qui devient de fait un groupe d&rsquo;opposition.<\/p>\n<p>Dans son communiqu\u00e9, Lyon en commun rappelle en effet que \u00ab\u00a0r\u00e9unis le 4 ao\u00fbt dernier, les \u00e9lus et \u00e9lues m\u00e9tropolitains, municipaux et d\u2019arrondissement de Lyon en Commun ont r\u00e9affirm\u00e9 \u00e0 l\u2019unanimit\u00e9 leur volont\u00e9 de porter d\u00e8s le premier tour de l\u2019\u00e9lection municipale une proposition politique de gauche pour Lyon aux c\u00f4t\u00e9s de leur t\u00eate de liste, Nathalie Perrin-Gilbert\u00a0\u00bb. <\/p>\n<p>La candidate et David Souvestre si\u00e9geront d\u00e9sormais eux-aussi en tant que non-inscrits au sein du conseil municipal puisqu&rsquo;un groupe doit comporter au moins trois \u00e9lus. <\/p>\n","protected":false},"excerpt":{"rendered":"Nathalie Perrin-Gilbert au conseil municipal, le 19\u00a0novembre 2018 \u00a9 Tim Douet Tristan Debray et Alexandre Chevalier ont quitt\u00e9&hellip;\n","protected":false},"author":2,"featured_media":335145,"comment_status":"","ping_status":"","sticky":false,"template":"","format":"standard","meta":{"footnotes":""},"categories":[1889],"tags":[1111,11,2430,1777,674,1011,27,2428,12,25],"class_list":{"0":"post-335144","1":"post","2":"type-post","3":"status-publish","4":"format-standard","5":"has-post-thumbnail","7":"category-lyon","8":"tag-actu","9":"tag-actualites","10":"tag-auvergne-rhone-alpes","11":"tag-eu","12":"tag-europe","13":"tag-fr","14":"tag-france","15":"tag-lyon","16":"tag-news","17":"tag-republique-francaise"},"share_on_mastodon":{"url":"https:\/\/pubeurope.com\/@fr\/115069701081320175","error":""},"_links":{"self":[{"href":"https:\/\/www.europesays.com\/fr\/wp-json\/wp\/v2\/posts\/335144","targetHints":{"allow":["GET"]}}],"collection":[{"href":"https:\/\/www.europesays.com\/fr\/wp-json\/wp\/v2\/posts"}],"about":[{"href":"https:\/\/www.europesays.com\/fr\/wp-json\/wp\/v2\/types\/post"}],"author":[{"embeddable":true,"href":"https:\/\/www.europesays.com\/fr\/wp-json\/wp\/v2\/users\/2"}],"replies":[{"embeddable":true,"href":"https:\/\/www.europesays.com\/fr\/wp-json\/wp\/v2\/comments?post=335144"}],"version-history":[{"count":0,"href":"https:\/\/www.europesays.com\/fr\/wp-json\/wp\/v2\/posts\/335144\/revisions"}],"wp:featuredmedia":[{"embeddable":true,"href":"https:\/\/www.europesays.com\/fr\/wp-json\/wp\/v2\/media\/335145"}],"wp:attachment":[{"href":"https:\/\/www.europesays.com\/fr\/wp-json\/wp\/v2\/media?parent=335144"}],"wp:term":[{"taxonomy":"category","embeddable":true,"href":"https:\/\/www.europesays.com\/fr\/wp-json\/wp\/v2\/categories?post=335144"},{"taxonomy":"post_tag","embeddable":true,"href":"https:\/\/www.europesays.com\/fr\/wp-json\/wp\/v2\/tags?post=335144"}],"curies":[{"name":"wp","href":"https:\/\/api.w.org\/{rel}","templated":true}]}}