{"id":335150,"date":"2025-08-22T01:02:58","date_gmt":"2025-08-22T01:02:58","guid":{"rendered":"https:\/\/www.europesays.com\/fr\/335150\/"},"modified":"2025-08-22T01:02:58","modified_gmt":"2025-08-22T01:02:58","slug":"cartes-la-journee-de-samedi-classee-en-rouge-et-noir-dans-le-sens-des-retours-par-bison-fute","status":"publish","type":"post","link":"https:\/\/www.europesays.com\/fr\/335150\/","title":{"rendered":"CARTES. La journ\u00e9e de samedi class\u00e9e en rouge et noir dans le sens des retours par Bison fut\u00e9"},"content":{"rendered":"\n<p class=\"c-chapo \">\n  La journ\u00e9e de vendredi sera \u00e9galement compliqu\u00e9e dans le sens des retours, \u00e0 quelques jours de la rentr\u00e9e.\n<\/p>\n<p>            lire plus tard<\/p>\n<p id=\"dialog__title\" class=\"dialog__title\">Pour sauvegarder cet article, connectez-vous ou cr\u00e9ez un compte franceinfo<\/p>\n<p class=\"dialog__description\">Sans paiement. Sans abonnement.<\/p>\n<p>        Fermer la fen\u00eatre d\u2019activation des notifications France Info<\/p>\n<p>            cr\u00e9er votre compte<\/p>\n<p>            se connecter<\/p>\n<p>        Fermer la fen\u00eatre de pr\u00e9sentation<\/p>\n<p>    <img loading=\"lazy\" decoding=\"async\" class=\"signature__image lazyload\" width=\"100\" height=\"100\" data- alt=\"\" src=\"https:\/\/www.europesays.com\/fr\/wp-content\/uploads\/2025\/06\/64a55fd777de4_placeholder-36b69ec8.png\"\/><\/p>\n<p>    Publi\u00e9 le 21\/08\/2025 16:44<\/p>\n<p>      Mis \u00e0 jour le 21\/08\/2025 17:40<\/p>\n<p>        Temps de lecture : 1min<\/p>\n<p>    <img decoding=\"async\"  alt=\"Des embouteillages \u00e0 proximit\u00e9 de Valence (Dr\u00f4me), le 9 juillet 2022. (CAROLINE PAUX \/ HANS LUCAS \/ AFP)\" width=\"432\" height=\"243\" src=\"https:\/\/www.europesays.com\/fr\/wp-content\/uploads\/2025\/08\/080-hl-cpaux-1787989-68a72fa455dd2168561165.jpg\" fetchpriority=\"high\"\/><\/p>\n<p>      Des embouteillages \u00e0 proximit\u00e9 de Valence (Dr\u00f4me), le 9 juillet 2022. (CAROLINE PAUX \/ HANS LUCAS \/ AFP)<\/p>\n<p>La fin des vacances estivales approche, et il faudra s&rsquo;armer de patience pour les vacanciers qui rentrent chez eux. Bison fut\u00e9 a class\u00e9 la journ\u00e9e du vendredi 22 ao\u00fbt en jaune et rouge et surtout celle de samedi 23 ao\u00fbt\u00a0en rouge et noir, \u00e0 chaque fois dans le sens des retours. Selon <a href=\"https:\/\/www.bison-fute.gouv.fr\/du-22-08-au-25-08.html\" target=\"_blank\" rel=\"noopener nofollow\">les pr\u00e9visions d\u00e9taill\u00e9es par Bison fut\u00e9<\/a>, la journ\u00e9e de vendredi sera compliqu\u00e9e au d\u00e9part du quart sud-ouest (A63, A10) et de la r\u00e9gion Auvergne-Rh\u00f4ne-Alpes (A7 et acc\u00e8s au Tunnel du Mont-Blanc depuis l&rsquo;Italie). La circulation sera \u00e9galement dense \u00e0 partir du d\u00e9but d&rsquo;apr\u00e8s-midi, et jusque tard le soir, en Ile-de-France.<\/p>\n<p>    <img decoding=\"async\" class=\"cms-media-image lazyload\" alt=\"Les pr\u00e9visions pour la journ\u00e9e de vendredi 22 ao\u00fbt sur les routes. (CAPTURE D'ECRAN \/ BISON FUTE)\" width=\"720\" height=\"405.51724137931\" data- src=\"https:\/\/www.europesays.com\/fr\/wp-content\/uploads\/2025\/08\/vendredi22bisonfute-68a72dc0f1f2d305728735.png\"\/><\/p>\n<p>      Les pr\u00e9visions pour la journ\u00e9e de vendredi 22 ao\u00fbt sur les routes. (CAPTURE D&rsquo;ECRAN \/ BISON FUTE)<\/p>\n<p>Dans le sens des retours, la journ\u00e9e de samedi est class\u00e9e rouge au niveau national et noir sur les axes de l&rsquo;arc m\u00e9diterran\u00e9en. \u00ab\u00a0Les principales congestions devraient se concentrer dans le quart sud-est, sur les autoroutes A7, A8, A9 et A54 essentiellement\u00a0\u00bb, pr\u00e9vient Bison fut\u00e9.<\/p>\n<p>    <img decoding=\"async\" class=\"cms-media-image lazyload\" alt=\"Les pr\u00e9visions pour la journ\u00e9e de samedi 23 ao\u00fbt sur les routes. (CAPTURE D'ECRAN \/ BISON FUTE)\" width=\"720\" height=\"405.5369928401\" data- src=\"https:\/\/www.europesays.com\/fr\/wp-content\/uploads\/2025\/08\/samedi23bisonfute-68a72e2874eb0796173674.png\"\/><\/p>\n<p>      Les pr\u00e9visions pour la journ\u00e9e de samedi 23 ao\u00fbt sur les routes. (CAPTURE D&rsquo;ECRAN \/ BISON FUTE)<\/p>\n<p>Une circulation tr\u00e8s dense est donc attendue sur les grands axes routiers du pays. Les routes en partance de la c\u00f4te atlantique (A63, A10, A87, A11) et de la c\u00f4te m\u00e9diterran\u00e9enne (A7, A8, A9, A61), devraient conna\u00eetre une tr\u00e8s forte fr\u00e9quentation, tout comme celles traversant le centre de l&rsquo;Hexagone (A75, A71, A20). Dimanche, la journ\u00e9e est class\u00e9e en jaune au niveau national dans le sens des retours.<\/p>\n<p>    <img decoding=\"async\" class=\"cms-media-image lazyload\" alt=\"Les pr\u00e9visions pour la journ\u00e9e de dimanche 24 ao\u00fbt sur les routes. (CAPTURE D'ECRAN \/ BISON FUTE)\" width=\"720\" height=\"406.50717703349\" data- src=\"https:\/\/www.europesays.com\/fr\/wp-content\/uploads\/2025\/08\/dimanche24bisonfute-68a72e61755d0730580509.png\"\/><\/p>\n<p>      Les pr\u00e9visions pour la journ\u00e9e de dimanche 24 ao\u00fbt sur les routes. (CAPTURE D&rsquo;ECRAN \/ BISON FUTE)<\/p>\n","protected":false},"excerpt":{"rendered":"La journ\u00e9e de vendredi sera \u00e9galement compliqu\u00e9e dans le sens des retours, \u00e0 quelques jours de la rentr\u00e9e.&hellip;\n","protected":false},"author":2,"featured_media":335151,"comment_status":"","ping_status":"","sticky":false,"template":"","format":"standard","meta":{"footnotes":""},"categories":[1888],"tags":[1111,1928,11,1927,1777,674,1011,27,12,1926,626,1925,25],"class_list":{"0":"post-335150","1":"post","2":"type-post","3":"status-publish","4":"format-standard","5":"has-post-thumbnail","7":"category-paris","8":"tag-actu","9":"tag-actu-paris","10":"tag-actualites","11":"tag-actualites-paris","12":"tag-eu","13":"tag-europe","14":"tag-fr","15":"tag-france","16":"tag-news","17":"tag-news-paris","18":"tag-paris","19":"tag-paris-news","20":"tag-republique-francaise"},"share_on_mastodon":{"url":"https:\/\/pubeurope.com\/@fr\/115069729255491198","error":""},"_links":{"self":[{"href":"https:\/\/www.europesays.com\/fr\/wp-json\/wp\/v2\/posts\/335150","targetHints":{"allow":["GET"]}}],"collection":[{"href":"https:\/\/www.europesays.com\/fr\/wp-json\/wp\/v2\/posts"}],"about":[{"href":"https:\/\/www.europesays.com\/fr\/wp-json\/wp\/v2\/types\/post"}],"author":[{"embeddable":true,"href":"https:\/\/www.europesays.com\/fr\/wp-json\/wp\/v2\/users\/2"}],"replies":[{"embeddable":true,"href":"https:\/\/www.europesays.com\/fr\/wp-json\/wp\/v2\/comments?post=335150"}],"version-history":[{"count":0,"href":"https:\/\/www.europesays.com\/fr\/wp-json\/wp\/v2\/posts\/335150\/revisions"}],"wp:featuredmedia":[{"embeddable":true,"href":"https:\/\/www.europesays.com\/fr\/wp-json\/wp\/v2\/media\/335151"}],"wp:attachment":[{"href":"https:\/\/www.europesays.com\/fr\/wp-json\/wp\/v2\/media?parent=335150"}],"wp:term":[{"taxonomy":"category","embeddable":true,"href":"https:\/\/www.europesays.com\/fr\/wp-json\/wp\/v2\/categories?post=335150"},{"taxonomy":"post_tag","embeddable":true,"href":"https:\/\/www.europesays.com\/fr\/wp-json\/wp\/v2\/tags?post=335150"}],"curies":[{"name":"wp","href":"https:\/\/api.w.org\/{rel}","templated":true}]}}