{"id":335159,"date":"2025-08-22T01:12:26","date_gmt":"2025-08-22T01:12:26","guid":{"rendered":"https:\/\/www.europesays.com\/fr\/335159\/"},"modified":"2025-08-22T01:12:26","modified_gmt":"2025-08-22T01:12:26","slug":"guerre-en-ukraine-la-bundeswehr-a-kiev-lincroyable-scenario-du-chancelier-merz","status":"publish","type":"post","link":"https:\/\/www.europesays.com\/fr\/335159\/","title":{"rendered":"Guerre en Ukraine\u00a0: la Bundeswehr \u00e0 Kiev, l\u2019incroyable sc\u00e9nario du chancelier Merz"},"content":{"rendered":"<p>Au sortir de la r\u00e9union de ce lundi 18\u00a0ao\u00fbt <a href=\"https:\/\/www.humanite.fr\/monde\/donald-trump\/guerre-en-ukraine-face-a-donald-trump-volodymyr-zelensky-somme-dacter-sa-defaite\" target=\"_blank\" rel=\"noopener\">\u00e0 la Maison-Blanche avec Donald Trump<\/a>, le chancelier allemand, Friedrich Merz, s\u2019est dit pr\u00eat \u00e0 un d\u00e9ploiement de la Bundeswehr en Ukraine comme \u00ab\u00a0garantie de s\u00e9curit\u00e9\u00a0\u00bb apr\u00e8s un \u00e9ventuel cessez-le-feu entre Kiev et Moscou.<\/p>\n<p>Cette proposition <a href=\"https:\/\/www.humanite.fr\/monde\/berlin\/berlin-londres-paris-une-nouvelle-alliance-militariste-et-liberale-pour-faire-front-contre-trump-et-la-russie\" target=\"_blank\" rel=\"noopener\">va au-devant des demandes de Donald Trump<\/a>, encore confirm\u00e9es ce 20\u00a0ao\u00fbt par son vice-pr\u00e9sident, J. D.\u00a0Vance, qui a martel\u00e9\u00a0: \u00ab\u00a0Les Europ\u00e9ens doivent payer un prix d\u2019or\u00a0\u00bb s\u2019ils veulent un tel r\u00e8glement. Elle a suscit\u00e9 aussit\u00f4t un \u00e9norme d\u00e9bat politique outre-Rhin, rel\u00e9guant \u00e0 l\u2019arri\u00e8re-plan toutes les autres questions et pesant sur le bilan populaire d\u00e9j\u00e0 plut\u00f4t d\u00e9sastreux des cent premiers jours <a href=\"https:\/\/www.humanite.fr\/monde\/allemagne\/en-allemagne-friedrich-merz-et-sa-coalition-bien-decides-a-balayer-letat-social\" target=\"_blank\" rel=\"noopener\">de la coalition CDU-CSU\/SPD au pouvoir<\/a>.<\/p>\n<p>\u00ab\u00a0Il est totalement clair\u00a0que nous avons un grand int\u00e9r\u00eat et une haute responsabilit\u00e9 \u00e0 nous impliquer\u00a0\u00bb, a justifi\u00e9 le chancelier, ajoutant\u00a0: \u00ab\u00a0Il y va de l\u2019ordre politique en Europe.\u00a0\u00bb La CDU-CSU n\u2019a pas \u00e9chapp\u00e9 \u00e0 la controverse qui s\u2019est propag\u00e9e aussit\u00f4t dans les rangs de tous les partis.<\/p>\n<p>Au point que Jens Spahn, le pr\u00e9sident du groupe parlementaire chr\u00e9tien-d\u00e9mocrate <a href=\"https:\/\/www.humanite.fr\/monde\/bundestag\/allemagne-le-nouveau-parlement-inaugure-par-gregor-gysi-figure-historique-de-die-linke\" target=\"_blank\" rel=\"noopener\">au Bundestag<\/a>, a d\u00fb botter en touche en d\u00e9clarant qu\u2019il \u00e9tait encore \u00ab\u00a0bien trop t\u00f4t pour examiner s\u00e9rieusement une telle question\u00a0\u00bb.<\/p>\n<p>Il est vrai que l\u2019un des poids lourds du parti du chancelier, Michael Kretschmer, ministre-pr\u00e9sident du Land de Saxe, n\u2019a pas h\u00e9sit\u00e9 \u00e0 faire part de ses doutes et de son hostilit\u00e9 \u00e0 se conformer \u00e0 ce point aux injonctions de l\u2019administration Trump\u00a0: \u00ab\u00a0Que des soldats allemands combattent en Ukraine ne peut pas \u00eatre un sujet\u00a0\u00bb, a-t-il d\u00e9clar\u00e9.<\/p>\n<p>Dans l\u2019autre parti de la coalition au pouvoir, les crispations sont encore plus fortes. Sans surprise le ministre de la D\u00e9fense SPD, Boris Pistorius, se dit favorable \u00e0 une intervention de l\u2019arm\u00e9e f\u00e9d\u00e9rale <a href=\"https:\/\/www.humanite.fr\/monde\/etats-unis\/guerre-en-ukraine-a-washington-trump-et-les-europeens-buttent-encore-sur-les-concessions-territoriales-et-les-garanties-de-securite\" target=\"_blank\" rel=\"noopener\">en Ukraine<\/a> \u00ab\u00a0dans le cadre d\u2019une mission de s\u00e9curit\u00e9\u00a0\u00bb.<\/p>\n<p>Apr\u00e8s un d\u00e9ploiement d\u00e9j\u00e0 act\u00e9 par le pr\u00e9c\u00e9dent pouvoir (SPD\/Verts\/lib\u00e9raux) de 5\u00a0000\u00a0hommes et d\u2019une brigade de v\u00e9hicules blind\u00e9s <a href=\"https:\/\/www.humanite.fr\/monde\/armes\/apres-le-retrait-de-la-lituanie-de-la-convention-doslo-handicap-international-alerte-sur-une-erosion-preoccupante-des-regulations-sur-les-armes\" target=\"_blank\" rel=\"noopener\">en Lituanie \u00e0 l\u2019horizon 2027<\/a>, il fait observer cependant un risque de manquer de\u2026 soldats. Et il en profite pour revenir une fois encore sur l\u2019un de ses th\u00e8mes de pr\u00e9dilection\u00a0: le besoin d\u2019un retour \u00ab\u00a0sous une forme ou une autre\u00a0\u00bb \u00e0 la conscription.<\/p>\n<p>Au sein de la gauche du parti, une profonde hostilit\u00e9 \u00e0 la fuite en avant du gouvernement et des dirigeants du SPD \u00e0 la course aux armements europ\u00e9enne est confirm\u00e9e. Les auteurs du \u00ab\u00a0manifeste\u00a0\u00bb pour une autre politique de s\u00e9curit\u00e9 de l\u2019Allemagne et de l\u2019UE sont vent debout et d\u00e9noncent une \u00ab\u00a0d\u00e9marche historiquement intenable\u00a0\u00bb. Ils rel\u00e8vent de surcro\u00eet \u00ab\u00a0son caract\u00e8re irresponsable\u00a0\u00bb, car <a href=\"https:\/\/www.humanite.fr\/monde\/allemagne\/lallemagne-ne-livrera-plus-darmes-a-israel-pour-perpetuer-le-genocide-a-gaza\" target=\"_blank\" rel=\"noopener\">elle ferait de l\u2019Allemagne<\/a> l\u2019une des toutes premi\u00e8res cibles d\u2019une guerre ouverte entre l\u2019Otan et la Russie.<\/p>\n<p>\u00ab\u00a0L\u2019id\u00e9e m\u00eame d\u2019un d\u00e9ploiement allemand en Ukraine me donne des crampes d\u2019estomac\u00a0\u00bb, rel\u00e8ve le copr\u00e9sident de Die Linke, Jan van Aken, en allusion au terrible passif historique <a href=\"https:\/\/www.humanite.fr\/politique\/allier\/murmures-de-la-cite-dou-sortent-ces-croix-gammees\" target=\"_blank\" rel=\"noopener\">de l\u2019invasion nazie<\/a> et de ses exactions. Il fait observer, \u00e0 juste titre, que, sur le plan militaire, seul un d\u00e9ploiement de casques bleus de l\u2019ONU \u00ab\u00a0peut \u00eatre envisag\u00e9\u00a0si l\u2019on veut vraiment garantir la s\u00e9curit\u00e9 du pays et de l\u2019Europe apr\u00e8s un cessez-le-feu\u00a0\u00bb.<\/p>\n<p>\u00catre le journal de la paix, notre d\u00e9fi quotidien<\/p>\n<p>Depuis Jaur\u00e8s, la d\u00e9fense de la paix est dans notre ADN.<\/p>\n<ul class=\"wp-block-list\">\n<li>Qui informe encore aujourd\u2019hui sur <strong>les actions des pacifistes<\/strong> pour le d\u00e9sarmement\u00a0?<\/li>\n<li>Combien de m\u00e9dias rappellent que <strong>les combats de d\u00e9colonisation <\/strong>ont encore cours, et qu\u2019ils doivent \u00eatre soutenus\u00a0?<\/li>\n<li>Combien valorisent les <strong>solidarit\u00e9s internationales<\/strong>, et s\u2019engagent sans ambigu\u00eft\u00e9 aux c\u00f4t\u00e9s des exil\u00e9s\u00a0?<\/li>\n<\/ul>\n<p><strong>Nos valeurs n\u2019ont pas de fronti\u00e8res.<\/strong><\/p>\n<p>Aidez-nous \u00e0 soutenir le droit \u00e0 l\u2019autod\u00e9termination et l\u2019option de la paix.<br \/><a href=\"https:\/\/www.humanite.fr\/lhumanite-cest-vous\" target=\"_blank\" rel=\"noopener\">Je veux en savoir plus\u00a0!<\/a><\/p>\n","protected":false},"excerpt":{"rendered":"Au sortir de la r\u00e9union de ce lundi 18\u00a0ao\u00fbt \u00e0 la Maison-Blanche avec Donald Trump, le chancelier allemand,&hellip;\n","protected":false},"author":2,"featured_media":335160,"comment_status":"","ping_status":"","sticky":false,"template":"","format":"standard","meta":{"footnotes":""},"categories":[1590],"tags":[11,672,1777,674,131,12,220],"class_list":{"0":"post-335159","1":"post","2":"type-post","3":"status-publish","4":"format-standard","5":"has-post-thumbnail","7":"category-ukraine","8":"tag-actualites","9":"tag-allemagne","10":"tag-eu","11":"tag-europe","12":"tag-guerre-en-ukraine","13":"tag-news","14":"tag-ukraine"},"share_on_mastodon":{"url":"https:\/\/pubeurope.com\/@fr\/115069763117038599","error":""},"_links":{"self":[{"href":"https:\/\/www.europesays.com\/fr\/wp-json\/wp\/v2\/posts\/335159","targetHints":{"allow":["GET"]}}],"collection":[{"href":"https:\/\/www.europesays.com\/fr\/wp-json\/wp\/v2\/posts"}],"about":[{"href":"https:\/\/www.europesays.com\/fr\/wp-json\/wp\/v2\/types\/post"}],"author":[{"embeddable":true,"href":"https:\/\/www.europesays.com\/fr\/wp-json\/wp\/v2\/users\/2"}],"replies":[{"embeddable":true,"href":"https:\/\/www.europesays.com\/fr\/wp-json\/wp\/v2\/comments?post=335159"}],"version-history":[{"count":0,"href":"https:\/\/www.europesays.com\/fr\/wp-json\/wp\/v2\/posts\/335159\/revisions"}],"wp:featuredmedia":[{"embeddable":true,"href":"https:\/\/www.europesays.com\/fr\/wp-json\/wp\/v2\/media\/335160"}],"wp:attachment":[{"href":"https:\/\/www.europesays.com\/fr\/wp-json\/wp\/v2\/media?parent=335159"}],"wp:term":[{"taxonomy":"category","embeddable":true,"href":"https:\/\/www.europesays.com\/fr\/wp-json\/wp\/v2\/categories?post=335159"},{"taxonomy":"post_tag","embeddable":true,"href":"https:\/\/www.europesays.com\/fr\/wp-json\/wp\/v2\/tags?post=335159"}],"curies":[{"name":"wp","href":"https:\/\/api.w.org\/{rel}","templated":true}]}}