{"id":335163,"date":"2025-08-22T01:15:13","date_gmt":"2025-08-22T01:15:13","guid":{"rendered":"https:\/\/www.europesays.com\/fr\/335163\/"},"modified":"2025-08-22T01:15:13","modified_gmt":"2025-08-22T01:15:13","slug":"au-royaume-uni-lengagement-des-artistes-pour-gaza","status":"publish","type":"post","link":"https:\/\/www.europesays.com\/fr\/335163\/","title":{"rendered":"Au Royaume-Uni, l\u2019engagement des artistes pour Gaza"},"content":{"rendered":"<p>C\u2019est un geste embl\u00e9matique\u00a0: la d\u00e9cision de la romanci\u00e8re irlandaise \u00e0 succ\u00e8s Sally Rooney, annonc\u00e9e mi-ao\u00fbt, de verser une partie de ses droits d\u2019auteur au collectif Palestine Action, groupe de d\u00e9sob\u00e9issance civile propalestinien interdit au Royaume-Uni en raison de ses actions contre les usines d\u2019armement. Le choix de l\u2019autrice, tout en l\u2019exposant \u00e0 des poursuites judiciaires en vertu de la loi sur le terrorisme, t\u00e9moigne de la mobilisation croissante des artistes britanniques contre la guerre \u00e0 Gaza. Fin mai d\u00e9j\u00e0, pr\u00e8s de 380 auteurs ont sign\u00e9 une tribune outre-Manche pour d\u00e9noncer le \u00ab\u00a0g\u00e9nocide\u00a0\u00bb dans l\u2019enclave palestinienne. Parmi eux, Zadie Smith, Ian McEwan, Elif Shafak\u2026<\/p>\n<p>Cet article est r\u00e9serv\u00e9 aux abonn\u00e9s<\/p>\n<p>\n                    Vous souhaitez lire la suite\u00a0? Abonnez-vous sans engagement \u00e0 notre offre num\u00e9rique\n                <\/p>\n<p>                <a href=\"https:\/\/www.la-croix.com\/abonnement\" class=\"default-paywall__subscribe-button\" data-tracking=\"cta_click\" data-tracking-action=\"voir la page abonnement\" data-tracking-category=\"abonnement\" rel=\"nofollow noopener\" target=\"_blank\">Je m&rsquo;abonne<\/a><\/p>\n","protected":false},"excerpt":{"rendered":"C\u2019est un geste embl\u00e9matique\u00a0: la d\u00e9cision de la romanci\u00e8re irlandaise \u00e0 succ\u00e8s Sally Rooney, annonc\u00e9e mi-ao\u00fbt, de verser&hellip;\n","protected":false},"author":2,"featured_media":335164,"comment_status":"","ping_status":"","sticky":false,"template":"","format":"standard","meta":{"footnotes":""},"categories":[1588],"tags":[11,1777,674,12,473,1853,1851,1850,1852],"class_list":{"0":"post-335163","1":"post","2":"type-post","3":"status-publish","4":"format-standard","5":"has-post-thumbnail","7":"category-royaume-uni","8":"tag-actualites","9":"tag-eu","10":"tag-europe","11":"tag-news","12":"tag-royaume-uni","13":"tag-royaume-uni-de-grande-bretagne-et-dirlande-du-nord","14":"tag-uk","15":"tag-united-kingdom","16":"tag-united-kingdom-of-great-britain-and-northern-ireland"},"share_on_mastodon":{"url":"https:\/\/pubeurope.com\/@fr\/115069775078364001","error":""},"_links":{"self":[{"href":"https:\/\/www.europesays.com\/fr\/wp-json\/wp\/v2\/posts\/335163","targetHints":{"allow":["GET"]}}],"collection":[{"href":"https:\/\/www.europesays.com\/fr\/wp-json\/wp\/v2\/posts"}],"about":[{"href":"https:\/\/www.europesays.com\/fr\/wp-json\/wp\/v2\/types\/post"}],"author":[{"embeddable":true,"href":"https:\/\/www.europesays.com\/fr\/wp-json\/wp\/v2\/users\/2"}],"replies":[{"embeddable":true,"href":"https:\/\/www.europesays.com\/fr\/wp-json\/wp\/v2\/comments?post=335163"}],"version-history":[{"count":0,"href":"https:\/\/www.europesays.com\/fr\/wp-json\/wp\/v2\/posts\/335163\/revisions"}],"wp:featuredmedia":[{"embeddable":true,"href":"https:\/\/www.europesays.com\/fr\/wp-json\/wp\/v2\/media\/335164"}],"wp:attachment":[{"href":"https:\/\/www.europesays.com\/fr\/wp-json\/wp\/v2\/media?parent=335163"}],"wp:term":[{"taxonomy":"category","embeddable":true,"href":"https:\/\/www.europesays.com\/fr\/wp-json\/wp\/v2\/categories?post=335163"},{"taxonomy":"post_tag","embeddable":true,"href":"https:\/\/www.europesays.com\/fr\/wp-json\/wp\/v2\/tags?post=335163"}],"curies":[{"name":"wp","href":"https:\/\/api.w.org\/{rel}","templated":true}]}}