{"id":335177,"date":"2025-08-22T01:23:26","date_gmt":"2025-08-22T01:23:26","guid":{"rendered":"https:\/\/www.europesays.com\/fr\/335177\/"},"modified":"2025-08-22T01:23:26","modified_gmt":"2025-08-22T01:23:26","slug":"volleyball-la-suisse-realise-une-remontada-face-a-la-suede-et-remporte-sa-poule-e","status":"publish","type":"post","link":"https:\/\/www.europesays.com\/fr\/335177\/","title":{"rendered":"Volleyball: La Suisse r\u00e9alise une remontada face \u00e0 la Su\u00e8de et remporte sa poule E"},"content":{"rendered":"<p>Apr\u00e8s 50 minutes de jeu \u00e0 l&rsquo;AXA Arena de Winterthour, l&rsquo;heure \u00e9tait \u00e0 la grimace du c\u00f4t\u00e9 helv\u00e9tique. La qualification pour le prochain Championnat d&rsquo;Europe (en septembre 2026 en Italie, Finlande, Bulgarie et Roumanie) avait certes \u00e9t\u00e9 assur\u00e9e en semaine, gr\u00e2ce \u00e0 une victoire 3-0 en Espagne. Mais la premi\u00e8re place du groupe, en jeu ce samedi et qui remplit de confiance avant ce 2e tournoi majeur de l&rsquo;histoire du volley suisse, semblait sur le point de filer entre les mains suisses comme les smashs scandinaves.<\/p>\n<p>Et puis en milieu de 3e p\u00e9riode, alors que les Su\u00e9dois paraissaient courir vers un succ\u00e8s en une grosse heure de jeu apr\u00e8s avoir remport\u00e9 les deux premi\u00e8res manches 21-25 et 22-25, les hommes du coach Juan Manuel Serramalera se sont rebell\u00e9s. Ils ont remport\u00e9 ce set au bout du suspense (26-24) et le public zurichois a eu droit \u00e0 pas mal de rab. Il a m\u00eame fini par exulter, avec deux ultimes lev\u00e9es remport\u00e9es 25-15 et 15-9, dont un \u00e9norme tie-break. Cette g\u00e9n\u00e9ration dor\u00e9e a eu la r\u00e9compense qu&rsquo;elle m\u00e9ritait.<\/p>\n","protected":false},"excerpt":{"rendered":"Apr\u00e8s 50 minutes de jeu \u00e0 l&rsquo;AXA Arena de Winterthour, l&rsquo;heure \u00e9tait \u00e0 la grimace du c\u00f4t\u00e9 helv\u00e9tique.&hellip;\n","protected":false},"author":2,"featured_media":335178,"comment_status":"","ping_status":"","sticky":false,"template":"","format":"standard","meta":{"footnotes":""},"categories":[1417],"tags":[1011,27,60,1470,1469],"class_list":{"0":"post-335177","1":"post","2":"type-post","3":"status-publish","4":"format-standard","5":"has-post-thumbnail","7":"category-volley","8":"tag-fr","9":"tag-france","10":"tag-sports","11":"tag-volley","12":"tag-volleyball"},"share_on_mastodon":{"url":"https:\/\/pubeurope.com\/@fr\/115069806479974497","error":""},"_links":{"self":[{"href":"https:\/\/www.europesays.com\/fr\/wp-json\/wp\/v2\/posts\/335177","targetHints":{"allow":["GET"]}}],"collection":[{"href":"https:\/\/www.europesays.com\/fr\/wp-json\/wp\/v2\/posts"}],"about":[{"href":"https:\/\/www.europesays.com\/fr\/wp-json\/wp\/v2\/types\/post"}],"author":[{"embeddable":true,"href":"https:\/\/www.europesays.com\/fr\/wp-json\/wp\/v2\/users\/2"}],"replies":[{"embeddable":true,"href":"https:\/\/www.europesays.com\/fr\/wp-json\/wp\/v2\/comments?post=335177"}],"version-history":[{"count":0,"href":"https:\/\/www.europesays.com\/fr\/wp-json\/wp\/v2\/posts\/335177\/revisions"}],"wp:featuredmedia":[{"embeddable":true,"href":"https:\/\/www.europesays.com\/fr\/wp-json\/wp\/v2\/media\/335178"}],"wp:attachment":[{"href":"https:\/\/www.europesays.com\/fr\/wp-json\/wp\/v2\/media?parent=335177"}],"wp:term":[{"taxonomy":"category","embeddable":true,"href":"https:\/\/www.europesays.com\/fr\/wp-json\/wp\/v2\/categories?post=335177"},{"taxonomy":"post_tag","embeddable":true,"href":"https:\/\/www.europesays.com\/fr\/wp-json\/wp\/v2\/tags?post=335177"}],"curies":[{"name":"wp","href":"https:\/\/api.w.org\/{rel}","templated":true}]}}