{"id":335179,"date":"2025-08-22T01:24:16","date_gmt":"2025-08-22T01:24:16","guid":{"rendered":"https:\/\/www.europesays.com\/fr\/335179\/"},"modified":"2025-08-22T01:24:16","modified_gmt":"2025-08-22T01:24:16","slug":"provence-a-pris-son-temps-pour-sonner-la-revolte-et-simposer-contre-beziers","status":"publish","type":"post","link":"https:\/\/www.europesays.com\/fr\/335179\/","title":{"rendered":"Provence a pris son temps pour sonner la r\u00e9volte et s&rsquo;imposer contre B\u00e9ziers"},"content":{"rendered":"<p>Dans une semaine, \u00e0 Angoul\u00eame, <a href=\"https:\/\/www.laprovence.com\/article\/sports\/8160053436538514\/quel-calendrier-pour-provence-rugby-lors-de-la-prochaine-saison-de-pro-d2\" target=\"_blank\" rel=\"noopener\">Provence Rugby ouvrira sa saison de Pro D2 avec de nombreuses attentes<\/a>. Les deux demi-finales perdues sont encore dans toutes les m\u00e9moires et le pr\u00e9sident Denis Philipon ne veut plus revivre <a href=\"https:\/\/www.laprovence.com\/article\/sports\/1086245276150414\/rugby-pro-d2-la-marche-etait-trop-haute-pour-provence-rugby-elimine-a-grenoble\" target=\"_blank\" rel=\"noopener\">un nouvel \u00e9chec dans sa qu\u00eate de mont\u00e9e en Top 14<\/a>. <a href=\"https:\/\/www.laprovence.com\/article\/sports\/1439419343573415\/pro-d2-je-ne-vais-pas-tout-revolutionner-assure-philippe-saint-andre-futur-manager-de-provence-rugby\" target=\"_blank\" rel=\"noopener\">Le nouveau manager Philippe Saint-Andr\u00e9<\/a> et ses 13 recrues, calibr\u00e9es pour le haut niveau, ont pour objectif de r\u00e9aliser ce projet fou.<\/p>\n<p>Hier soir, le dernier match amical \u00e0 domicile face \u00e0 B\u00e9ziers devait d\u00e9j\u00e0 servir de premier gros test. PSA avait choisi d&rsquo;aligner une \u00e9quipe type, malgr\u00e9 quelques bless\u00e9s (Rodda, Finau, Suta, Coville&#8230;), histoire de marquer son territoire et de montrer aux 6\u00a0000 supporters pr\u00e9sents que ses hommes \u00e9taient enfin pr\u00eats.<\/p>\n<p>Et \u00e0 vrai dire, il a fallu attendre un peu moins d&rsquo;une heure pour voir le XV noir se r\u00e9volter, tant les co\u00e9quipiers de Teimana Harrison ont \u00e9t\u00e9 absents, maladroits, indisciplin\u00e9s et \u00e9trangement hors du coup durant le premier acte. 50 minutes de vide, d&rsquo;indiscipline (9 p\u00e9nalit\u00e9s et 1 carton jaune), de touches perdues (3) et des en-avants \u00e0 la pelle (7). Pas vraiment folichon et emballant pour une premi\u00e8re \u00e0 la maison. B\u00e9ziers, lui, ne rigolait pas en prenant les points d&rsquo;entr\u00e9e pour marquer son territoire. Samuel Marques ne se privait pas de donner 10 points d&rsquo;avance \u00e0 la pause avec ses coups de pied bien ajust\u00e9s (3-13). On imagine que le vestiaire aixois a d\u00fb trembler \u00e0 la mi-temps, le visage propos\u00e9 en seconde p\u00e9riode ne ressemblant en rien \u00e0 la bouillie de rugby affich\u00e9e jusque-l\u00e0.<\/p>\n<p>Port\u00e9 par un Sadek Degmache \u00e9nerv\u00e9, Provence Rugby renversait alors tout sur son passage en marquant 4 essais en 18 minutes pour prendre les commandes et ne plus les l\u00e2cher.<\/p>\n<p>\u00c0 l&rsquo;image d&rsquo;un Albert Tuisue puissant et d\u00e9vastateur sur ses placages, les Aixois dominaient enfin les airs et la guerre au sol &#8211; avec une grosse m\u00eal\u00e9e &#8211; pour mettre les Biterrois \u00e0 l&rsquo;envers. \u00ab\u00a0C&rsquo;est vrai qu&rsquo;on a bien r\u00e9agi en deuxi\u00e8me p\u00e9riode apr\u00e8s une premi\u00e8re p\u00e9riode timor\u00e9e, indisciplin\u00e9e avec beaucoup d&rsquo;erreurs, de fautes de main, avouait PSA. Ensuite on a montr\u00e9 du caract\u00e8re, on a \u00e9t\u00e9 puissants, on a montr\u00e9 que nous \u00e9tions en place d\u00e9fensivement. Mais on manque encore de pr\u00e9cision. En fin de match, on prend un essai notamment. Il y a des r\u00e9glages \u00e0 faire, et offensivement on doit faire mieux.\u00a0\u00bb <a href=\"https:\/\/www.laprovence.com\/article\/sports\/2557067056029715\/rugby-provence-rugby-recrute-fort-en-top-14\" target=\"_blank\" rel=\"noopener\">Deux recrues sonnaient cette r\u00e9volte<\/a> sur des ballons port\u00e9s. D&rsquo;abord Tofifenua (50) puis l&rsquo;ailier Bituniyata cinq minutes plus tard. Provence revenait \u00e0 une longueur des Biterrois (15-16) avant de prendre le large par Lap\u00e9gue et Laget (29-16 \u00e0 la 73e). Les Aixois infligeaient un 21-0 en moins de 18 minutes pour assommer d\u00e9finitivement cette rencontre malgr\u00e9 un ultime essai casquette encaiss\u00e9 en fin de match. Cette semaine, le staff aixois devra vite trouver des solutions pour effacer les lacunes entrevues hier soir, notamment avec cette fameuse indiscipline (17 fautes hier soir) qui a co\u00fbt\u00e9 tellement les ann\u00e9es pr\u00e9c\u00e9dentes. Histoire de ne pas revivre le m\u00eame cauchemar.<\/p>\n","protected":false},"excerpt":{"rendered":"Dans une semaine, \u00e0 Angoul\u00eame, Provence Rugby ouvrira sa saison de Pro D2 avec de nombreuses attentes. Les&hellip;\n","protected":false},"author":2,"featured_media":335180,"comment_status":"","ping_status":"","sticky":false,"template":"","format":"standard","meta":{"footnotes":""},"categories":[1416],"tags":[17,1011,27,471,17907,1186,479,1468,3711,15862,60,5426],"class_list":{"0":"post-335179","1":"post","2":"type-post","3":"status-publish","4":"format-standard","5":"has-post-thumbnail","7":"category-rugby","8":"tag-17","9":"tag-fr","10":"tag-france","11":"tag-pour","12":"tag-pris","13":"tag-provence","14":"tag-rugby","15":"tag-rugby-football","16":"tag-son","17":"tag-sonner","18":"tag-sports","19":"tag-temps"},"share_on_mastodon":{"url":"https:\/\/pubeurope.com\/@fr\/115069810407995417","error":""},"_links":{"self":[{"href":"https:\/\/www.europesays.com\/fr\/wp-json\/wp\/v2\/posts\/335179","targetHints":{"allow":["GET"]}}],"collection":[{"href":"https:\/\/www.europesays.com\/fr\/wp-json\/wp\/v2\/posts"}],"about":[{"href":"https:\/\/www.europesays.com\/fr\/wp-json\/wp\/v2\/types\/post"}],"author":[{"embeddable":true,"href":"https:\/\/www.europesays.com\/fr\/wp-json\/wp\/v2\/users\/2"}],"replies":[{"embeddable":true,"href":"https:\/\/www.europesays.com\/fr\/wp-json\/wp\/v2\/comments?post=335179"}],"version-history":[{"count":0,"href":"https:\/\/www.europesays.com\/fr\/wp-json\/wp\/v2\/posts\/335179\/revisions"}],"wp:featuredmedia":[{"embeddable":true,"href":"https:\/\/www.europesays.com\/fr\/wp-json\/wp\/v2\/media\/335180"}],"wp:attachment":[{"href":"https:\/\/www.europesays.com\/fr\/wp-json\/wp\/v2\/media?parent=335179"}],"wp:term":[{"taxonomy":"category","embeddable":true,"href":"https:\/\/www.europesays.com\/fr\/wp-json\/wp\/v2\/categories?post=335179"},{"taxonomy":"post_tag","embeddable":true,"href":"https:\/\/www.europesays.com\/fr\/wp-json\/wp\/v2\/tags?post=335179"}],"curies":[{"name":"wp","href":"https:\/\/api.w.org\/{rel}","templated":true}]}}