{"id":335187,"date":"2025-08-22T01:30:14","date_gmt":"2025-08-22T01:30:14","guid":{"rendered":"https:\/\/www.europesays.com\/fr\/335187\/"},"modified":"2025-08-22T01:30:14","modified_gmt":"2025-08-22T01:30:14","slug":"tour-du-limousin-perigord-na-21-aout-2025-e3-classement-velopressecollection","status":"publish","type":"post","link":"https:\/\/www.europesays.com\/fr\/335187\/","title":{"rendered":"Tour Du Limousin-P\u00e9rigord NA 21 ao\u00fbt 2025 E3 classement &#8211; Velopressecollection"},"content":{"rendered":"<ol>\n<li><a href=\"https:\/\/news.google.com\/rss\/articles\/CBMiyAFBVV95cUxNeXF0SWJIb0FEYkVPdm5CcDM5M1c0U0JMVHpFNG52cm9UNDZMNENndXRwaDYxbUR5dnJDM2h5emQ3aHdHa3l5MG9BNUNaY21GUlRva0dGREVoR3FIeEZYQktWX05fX2dmSDd0NHFzdjg1VGs5TGQ1aU45N0lNb19Pal9Pc1JDdE5ZcS1vcmxfN1ZqdWJPYUM3ZFpEaEtmX0NsYTN5N1Bja2JhNEY3RkJkaUtIcU9BaDVLZ0ppaUZsbW1NV2lzWmRTeQ?oc=5\" target=\"_blank\" rel=\"nofollow noopener\">Tour Du Limousin-P\u00e9rigord NA 21 ao\u00fbt 2025 E3 classement<\/a>&nbsp;&nbsp;Velopressecollection<\/li>\n<li><a href=\"https:\/\/news.google.com\/rss\/articles\/CBMi4AFBVV95cUxQU2hmTTJJT3V4dXVUdDEzSF9sY1FwQU9uTEhobEkxMmhlM3F2clROVU1xN3ZBR1dyekdGNW02RHBSaVVzOFJBS3NqV2NuYnYyWG50Zm9wdy01RUtWSXdlUGlZRm12Mkk1NWZYdXNsc3FOelN5RFJCRHc2WmxTYWotenVOMldxbkJMMFphQWJheC05NzFfODJzanRqVlRfWHdMNUtMcnR6WjZsSWgzbFF0MWtWTkI0eVVJTUJLYzhka0pmRWJYNnFtVHcxdEs4MDJNazNxdkxGOXhYZVNycWJtSA?oc=5\" target=\"_blank\" rel=\"nofollow noopener\">Paul Lapeira remporte la 3e \u00e9tape du Tour du Limousin, Ewen Costiou reste maillot jaune<\/a>&nbsp;&nbsp;L&rsquo;\u00c9quipe<\/li>\n<li><a href=\"https:\/\/news.google.com\/rss\/articles\/CBMipgFBVV95cUxNM2Q3ZGNFS0FZeGlIU2tqRXk1N1M1aWhoWWVyOExyQ1VTZndUV2V2dUJpSWZnYzBkbmZFcnVaT0lmLTBEcnR1ekxoOGU5ZkFyWEhHaXBnazdQdFUzUmpXaGNWdFpzNmlwRDJ6NjFpdTFXTGJSN1Utd1dTMDNLVVVRRXBtZld3ZTRocWxJSUdrVnZjSENXb1dSaE90TVVKQWRDSE1BcDNn?oc=5\" target=\"_blank\" rel=\"nofollow noopener\">Cyclisme. Tour du Limousin : 3e \u00e9tape entre Saint-Jal et Masseret en replay<\/a>&nbsp;&nbsp;France TV<\/li>\n<li><a href=\"https:\/\/news.google.com\/rss\/articles\/CBMi1AFBVV95cUxOd2VvalRLLTJjank1QW4tSEJScE4tT2V0YzI0TUhIdHZFVzgwUWdXUU1mYmZvMmF4NHJELUtJbmZQSUExWUJpbnBSUUZVUVRqSUJJa0hzNGNhZmZrQ0xSV3Y1OUZmdFV5N2NpRzh6b2tBUUVBT1NJM1BaczAzUlNKM0xHRXhkemlFdDdDdFd4bHBLdEQ2YjZ2NUcxMEhsMFRuN1pMTWJnbGs3NXRjbTJKYmJlaWJYbnhyOWZDb3lpeTJaQ1ByZ0RyaVRKd2UyeUpsYk1FdA?oc=5\" target=\"_blank\" rel=\"nofollow noopener\">\u00c0 Tulle, les signaleurs se pr\u00e9parent pour le passage du Tour du Limousin aujourd&rsquo;hui<\/a>&nbsp;&nbsp;La Montagne<\/li>\n<li><a href=\"https:\/\/news.google.com\/rss\/articles\/CBMi3wFBVV95cUxNLUVoREtWUEFITDk4NTlrVWVMSm4wMkg2cktZbGFycnhicjhCcXFFSHJfWmo4U090U1RYVDc1OUVxa3JzSkNOVDE1dzNXczB4RVM3TDlCbWRDdk45NkU4cDM2bkJ1bkhDLThDM1JnbmdVWWJUaDZIRWtjT1RmWVNoZ3pwZHFfVmJwT1F5OGhhMlF4VVQ4Q3JlakJCWnY2cWlVOXA0cmNaYURDMTJlU0NuSERxbEZkenlXdzhiR3RfbjZNbGhKaDBicjRGZW1mRUhzdG9pWERXb3RoSWM0QVhj?oc=5\" target=\"_blank\" rel=\"nofollow noopener\">\u00ab L\u2019\u00e9quipe a fait un gros boulot \u00bb : Ewen Costiou garde son maillot jaune sur le Tour du Limousin<\/a>&nbsp;&nbsp;Le T\u00e9l\u00e9gramme<\/li>\n<\/ol>\n","protected":false},"excerpt":{"rendered":"Tour Du Limousin-P\u00e9rigord NA 21 ao\u00fbt 2025 E3 classement&nbsp;&nbsp;Velopressecollection Paul Lapeira remporte la 3e \u00e9tape du Tour du&hellip;\n","protected":false},"author":2,"featured_media":332935,"comment_status":"","ping_status":"","sticky":false,"template":"","format":"standard","meta":{"footnotes":""},"categories":[1411],"tags":[1154,207,1011,27,60],"class_list":{"0":"post-335187","1":"post","2":"type-post","3":"status-publish","4":"format-standard","5":"has-post-thumbnail","7":"category-cyclisme","8":"tag-cycling","9":"tag-cyclisme","10":"tag-fr","11":"tag-france","12":"tag-sports"},"share_on_mastodon":{"url":"https:\/\/pubeurope.com\/@fr\/115069833994342435","error":""},"_links":{"self":[{"href":"https:\/\/www.europesays.com\/fr\/wp-json\/wp\/v2\/posts\/335187","targetHints":{"allow":["GET"]}}],"collection":[{"href":"https:\/\/www.europesays.com\/fr\/wp-json\/wp\/v2\/posts"}],"about":[{"href":"https:\/\/www.europesays.com\/fr\/wp-json\/wp\/v2\/types\/post"}],"author":[{"embeddable":true,"href":"https:\/\/www.europesays.com\/fr\/wp-json\/wp\/v2\/users\/2"}],"replies":[{"embeddable":true,"href":"https:\/\/www.europesays.com\/fr\/wp-json\/wp\/v2\/comments?post=335187"}],"version-history":[{"count":0,"href":"https:\/\/www.europesays.com\/fr\/wp-json\/wp\/v2\/posts\/335187\/revisions"}],"wp:featuredmedia":[{"embeddable":true,"href":"https:\/\/www.europesays.com\/fr\/wp-json\/wp\/v2\/media\/332935"}],"wp:attachment":[{"href":"https:\/\/www.europesays.com\/fr\/wp-json\/wp\/v2\/media?parent=335187"}],"wp:term":[{"taxonomy":"category","embeddable":true,"href":"https:\/\/www.europesays.com\/fr\/wp-json\/wp\/v2\/categories?post=335187"},{"taxonomy":"post_tag","embeddable":true,"href":"https:\/\/www.europesays.com\/fr\/wp-json\/wp\/v2\/tags?post=335187"}],"curies":[{"name":"wp","href":"https:\/\/api.w.org\/{rel}","templated":true}]}}