{"id":335190,"date":"2025-08-22T01:32:14","date_gmt":"2025-08-22T01:32:14","guid":{"rendered":"https:\/\/www.europesays.com\/fr\/335190\/"},"modified":"2025-08-22T01:32:14","modified_gmt":"2025-08-22T01:32:14","slug":"stephane-plaza-de-retour-malgre-sa-condam","status":"publish","type":"post","link":"https:\/\/www.europesays.com\/fr\/335190\/","title":{"rendered":"St\u00e9phane Plaza de retour malgr\u00e9 sa condam &#8230;"},"content":{"rendered":"<p>EN BREF<\/p>\n<ul class=\"bloc_resume_post_list\">\n<li>En f\u00e9vrier, St\u00e9phane Plaza a \u00e9t\u00e9 condamn\u00e9 pour violences<br \/>\nconjugales par le tribunal correctionnel de Paris.<\/li>\n<li>Le 19 ao\u00fbt 2025, il a partag\u00e9 une photo de vacances sur<br \/>\nInstagram, annon\u00e7ant son retour prochain.<\/li>\n<li>Il \u00e9voque une comp\u00e9tition de cyclisme en octobre,<br \/>\nlaissant planer le myst\u00e8re sur son retour \u00e0 la<br \/>\nt\u00e9l\u00e9vision.<\/li>\n<\/ul>\n<p>En f\u00e9vrier dernier, St\u00e9phane Plaza a \u00e9t\u00e9 condamn\u00e9 pour violences<br \/>\nconjugales par le tribunal correctionnel de Paris. Depuis,<br \/>\nl\u2019animateur embl\u00e9matique de M6 se faisait tr\u00e8s discret.<\/p>\n<p>Ce 19 ao\u00fbt 2025, il a publi\u00e9 une photo sur son compte Instagram,<br \/>\nprise lors de ses vacances. L\u2019ancienne star du petit \u00e9cran a<br \/>\nannonc\u00e9 \u00eatre de retour tr\u00e8s prochainement.<\/p>\n<p>St\u00e9phane Plaza annonce son come-back, apr\u00e8s sa<br \/>\ncondamnation<\/p>\n<p><a href=\"https:\/\/www.telestar.fr\/people\/stephane-plaza-ils-tont-enterre-lanimateur-met-les-choses-au-point-et-ca-se-passe-de-commentaire-1732550\" target=\"_blank\" rel=\"noopener\"><br \/>\nSt\u00e9phane Plaza<\/a> avait pris la parole en juillet dernier sur<br \/>\nInstagram, pour s\u2019adresser aux agents immobiliers de la <a href=\"https:\/\/www.telestar.fr\/people\/stephane-plaza-ses-affaires-au-plus-mal-les-chiffres-du-gouffre-financier-dans-lequel-il-est-tombe-1731390\" target=\"_blank\" rel=\"noopener\"><br \/>\nfranchise<\/a> \u00e9ponyme. \u00ab\u00a0Je veux que vous sachiez que je suis<br \/>\nl\u00e0, <strong>plus d\u00e9termin\u00e9 que jamais<\/strong>. Je suis n\u00e9 pour<br \/>\nfaire de l\u2019immobilier et un point c\u2019est tout. [\u2026] Un capitaine ne<br \/>\nquitte jamais son \u00e9quipage\u00a0\u00bb, avait-il assur\u00e9. L\u2019<a href=\"https:\/\/www.telestar.fr\/actu_tv\/stephane-plaza-toujours-persona-non-grata-sur-m6-le-patron-de-la-chaine-repond-du-bout-des-levres-1728199\" target=\"_blank\" rel=\"noopener\">ancien<br \/>\nanimateur<\/a> embl\u00e9matique de M6 semble ne pas avoir dit son<br \/>\ndernier mot, alors qu\u2019il a \u00e9t\u00e9 <a href=\"https:\/\/www.telestar.fr\/people\/stephane-plaza-un-nouveau-volet-judiciaire-souvre-les-accusations-de-lanimateur-sont-graves-1725701\" target=\"_blank\" rel=\"noopener\"><br \/>\ncondamn\u00e9<\/a> pour violences conjugales en d\u00e9but d\u2019ann\u00e9e.<\/p>\n<p>Ce 19 ao\u00fbt 2025, apr\u00e8s \u00eatre rest\u00e9 tr\u00e8s discret ces derniers<br \/>\nmois, il a post\u00e9 une photo de lui en vacances, en train de jouer \u00e0<br \/>\nla p\u00e9tanque avec un membre de sa famille. \u00ab\u00a0Se recentrer,<br \/>\nprofiter et partager de pr\u00e9cieux instants en famille.<br \/>\n<strong>Avancer<\/strong>, toujours. C\u2019est <strong>le repos du<br \/>\nguerrier avant une rentr\u00e9e intense et pleine de d\u00e9fis<\/strong>. Pas<br \/>\nde comp\u00e9tition de p\u00e9tanque cette fois\u2026 mais une autre m\u2019attend. Et<br \/>\ncelle-l\u00e0 s\u2019annonce bien plus \u00e9pique\u2026attendez-vous surtout \u00e0<br \/>\nquelques cascades involontaires !\u00a0\u00bb\u00a0a-t-il \u00e9crit en<br \/>\nl\u00e9gende.<\/p>\n<blockquote class=\"instagram-media\" style=\"background: #ffffff;border: 0;margin: 1px;width: 100%;padding: 0;max-width: 500px;\" data-instgrm-permalink=\"https:\/\/www.instagram.com\/p\/DNisfKAo2cn\" data-instgrm-version=\"14\"\/><p>\nSt\u00e9phane Plaza de retour \u00e0 la<br \/>\nt\u00e9l\u00e9vision\u00a0?<\/p>\n<p>Avec ce message laconique, l\u2019agent immobilier ne pr\u00e9cise pas si<br \/>\nce retour aura lieu sur le petit \u00e9cran. <a href=\"https:\/\/www.telestar.fr\/people\/stephane-plaza-condamne-et-zappe-de-m6-ca-a-aussi-coute-cher-a-cette-fidele-collaboratrice-1733832\" target=\"_blank\" rel=\"noopener\"><br \/>\nM6<\/a> avait d\u00e9cid\u00e9 de d\u00e9programmer ses \u00e9missions cultes apr\u00e8s la<br \/>\nd\u00e9cision de justice concernant son animateur embl\u00e9matiques. En<br \/>\nstory Instagram, St\u00e9phane Plaza a donn\u00e9 un peu plus de d\u00e9tails. Il<br \/>\nferait r\u00e9f\u00e9rence dans son post, \u00e0 une c<strong>omp\u00e9tition de<br \/>\ncyclisme<\/strong> pr\u00e9vu les 4 et 5 octobre prochain.<\/p>\n<p>L\u2019animateur a en effet post\u00e9 des photos d\u2019un podium, avec pour<br \/>\nl\u00e9gende : \u00ab\u00a0<strong>On vise que le podium avec<br \/>\nValentine<\/strong>\u00ab\u00a0, en taguant Valentine Rieb, une<br \/>\nentraineuse de cyclisme. Sur la story suivante, on peut voir un<br \/>\nv\u00e9lo face \u00e0 un port. L\u00a0\u00bbancien acolyte de <a href=\"https:\/\/www.telestar.fr\/actu_tv\/lamour-est-dans-le-pre-karine-le-marchand-une-fille-a-gays-et-elle-le-revendique-1735021\" target=\"_blank\" rel=\"noopener\"><br \/>\nKarine Le Marchand<\/a> a alors \u00e9crit : \u00ab\u00a0On r\u00eave sur photo&#8230; et<br \/>\non r\u00eave du podium\u00a0\u00bb. Concernant son avenir \u00e0 la t\u00e9l\u00e9vision, le<br \/>\nmyst\u00e8re reste entier.<\/p>\n<p><script async src=\"\/\/www.instagram.com\/embed.js\"><\/script><\/p>\n","protected":false},"excerpt":{"rendered":"EN BREF En f\u00e9vrier, St\u00e9phane Plaza a \u00e9t\u00e9 condamn\u00e9 pour violences conjugales par le tribunal correctionnel de Paris.&hellip;\n","protected":false},"author":2,"featured_media":335191,"comment_status":"","ping_status":"","sticky":false,"template":"","format":"standard","meta":{"footnotes":""},"categories":[1359],"tags":[548,58,59,1011,27,973,7221],"class_list":{"0":"post-335190","1":"post","2":"type-post","3":"status-publish","4":"format-standard","5":"has-post-thumbnail","7":"category-people","8":"tag-article-simple","9":"tag-divertissement","10":"tag-entertainment","11":"tag-fr","12":"tag-france","13":"tag-people","14":"tag-stephane-plaza"},"share_on_mastodon":{"url":"https:\/\/pubeurope.com\/@fr\/115069841775763978","error":""},"_links":{"self":[{"href":"https:\/\/www.europesays.com\/fr\/wp-json\/wp\/v2\/posts\/335190","targetHints":{"allow":["GET"]}}],"collection":[{"href":"https:\/\/www.europesays.com\/fr\/wp-json\/wp\/v2\/posts"}],"about":[{"href":"https:\/\/www.europesays.com\/fr\/wp-json\/wp\/v2\/types\/post"}],"author":[{"embeddable":true,"href":"https:\/\/www.europesays.com\/fr\/wp-json\/wp\/v2\/users\/2"}],"replies":[{"embeddable":true,"href":"https:\/\/www.europesays.com\/fr\/wp-json\/wp\/v2\/comments?post=335190"}],"version-history":[{"count":0,"href":"https:\/\/www.europesays.com\/fr\/wp-json\/wp\/v2\/posts\/335190\/revisions"}],"wp:featuredmedia":[{"embeddable":true,"href":"https:\/\/www.europesays.com\/fr\/wp-json\/wp\/v2\/media\/335191"}],"wp:attachment":[{"href":"https:\/\/www.europesays.com\/fr\/wp-json\/wp\/v2\/media?parent=335190"}],"wp:term":[{"taxonomy":"category","embeddable":true,"href":"https:\/\/www.europesays.com\/fr\/wp-json\/wp\/v2\/categories?post=335190"},{"taxonomy":"post_tag","embeddable":true,"href":"https:\/\/www.europesays.com\/fr\/wp-json\/wp\/v2\/tags?post=335190"}],"curies":[{"name":"wp","href":"https:\/\/api.w.org\/{rel}","templated":true}]}}