{"id":335194,"date":"2025-08-22T01:37:53","date_gmt":"2025-08-22T01:37:53","guid":{"rendered":"https:\/\/www.europesays.com\/fr\/335194\/"},"modified":"2025-08-22T01:37:53","modified_gmt":"2025-08-22T01:37:53","slug":"greys-anatomy-s08-e04-les-hommes-les-vrais","status":"publish","type":"post","link":"https:\/\/www.europesays.com\/fr\/335194\/","title":{"rendered":"Grey&rsquo;s anatomy &#8211; S08 E04 &#8211; Les hommes, les vrais"},"content":{"rendered":"<p id=\"descriptionPanel\" class=\"text-secondary mr-2 line-clamp-2 pr-2.5 overflow-visible\">Les hommes du Seattle Grace font face \u00e0 leurs probl\u00e8mes. Richard cherche des interventions tandis qu&rsquo;Owen se familiarise avec ses nouvelles fonctions de chef. Mark s\u2019occupe de sa fille, en l\u2019absence de Callie et Arizona. Alex lutte pour assurer son quota d\u2019interventions et \u00e9crire son rapport sur ses patients africains. Derek le cong\u00e9die de son service car il ne le trouve pas assez motiv\u00e9 et se tourne vers Jackson. Mark accuse Derek de lui \u00ab\u00a0voler\u00a0\u00bb Jackson, qu\u2019il trouve tr\u00e8s dou\u00e9. Ben apprend que Bailey fr\u00e9quente Eli. Le soir, tout le monde se retrouve chez Derek pour se d\u00e9fouler sur sa terrasse en construction.<\/p>\n<p>Afficher la version longue du r\u00e9sum\u00e9<a class=\"shrink-0\" href=\"https:\/\/www.tf1.fr\/tf1\/greys-anatomy\" target=\"_blank\" rel=\"noopener\"><img decoding=\"async\" src=\"https:\/\/www.europesays.com\/fr\/wp-content\/uploads\/2025\/08\/flux-program-card-portrait-1-greys-anatomy-saison-21-2693a1-f28875-d5f08c-0@1x.jpg\" width=\"138\" height=\"184\" alt=\"\" loading=\"eager\" fetchpriority=\"auto\" class=\"rounded-3px aspect-[3\/4] h-24 w-auto\" aria-hidden=\"true\"\/><\/a><\/p>\n","protected":false},"excerpt":{"rendered":"Les hommes du Seattle Grace font face \u00e0 leurs probl\u00e8mes. Richard cherche des interventions tandis qu&rsquo;Owen se familiarise&hellip;\n","protected":false},"author":2,"featured_media":335195,"comment_status":"","ping_status":"","sticky":false,"template":"","format":"standard","meta":{"footnotes":""},"categories":[1356],"tags":[58,59,1365,43635,43636,43632,1011,27,43637,43638,43633,43645,43649,43634,43646,43650,43642,43641,43647,43648,43643,43644,252,1364,43639,43640],"class_list":{"0":"post-335194","1":"post","2":"type-post","3":"status-publish","4":"format-standard","5":"has-post-thumbnail","7":"category-television","8":"tag-divertissement","9":"tag-entertainment","10":"tag-episode","11":"tag-episode-greys-anatomy","12":"tag-episode-greys-anatomy-tfx","13":"tag-episode-tfx","14":"tag-fr","15":"tag-france","16":"tag-greys-anatomy-episode","17":"tag-greys-anatomy-episode-tfx","18":"tag-serie-greys-anatomy","19":"tag-serie-greys-anatomy-streaming","20":"tag-serie-greys-anatomy-streaming-gratuit","21":"tag-serie-greys-anatomy-tfx","22":"tag-serie-greys-anatomy-tfx-streaming","23":"tag-serie-greys-anatomy-tfx-streaming-gratuit","24":"tag-serie-greys-anatomy-tfx-video","25":"tag-serie-greys-anatomy-video","26":"tag-streaming-gratuit-serie-greys-anatomy","27":"tag-streaming-gratuit-serie-greys-anatomy-tfx","28":"tag-streaming-serie-greys-anatomy","29":"tag-streaming-serie-greys-anatomy-tfx","30":"tag-television","31":"tag-tv","32":"tag-video-serie-greys-anatomy","33":"tag-video-serie-greys-anatomy-tfx"},"share_on_mastodon":{"url":"","error":"Validation failed: Text character limit of 500 exceeded"},"_links":{"self":[{"href":"https:\/\/www.europesays.com\/fr\/wp-json\/wp\/v2\/posts\/335194","targetHints":{"allow":["GET"]}}],"collection":[{"href":"https:\/\/www.europesays.com\/fr\/wp-json\/wp\/v2\/posts"}],"about":[{"href":"https:\/\/www.europesays.com\/fr\/wp-json\/wp\/v2\/types\/post"}],"author":[{"embeddable":true,"href":"https:\/\/www.europesays.com\/fr\/wp-json\/wp\/v2\/users\/2"}],"replies":[{"embeddable":true,"href":"https:\/\/www.europesays.com\/fr\/wp-json\/wp\/v2\/comments?post=335194"}],"version-history":[{"count":0,"href":"https:\/\/www.europesays.com\/fr\/wp-json\/wp\/v2\/posts\/335194\/revisions"}],"wp:featuredmedia":[{"embeddable":true,"href":"https:\/\/www.europesays.com\/fr\/wp-json\/wp\/v2\/media\/335195"}],"wp:attachment":[{"href":"https:\/\/www.europesays.com\/fr\/wp-json\/wp\/v2\/media?parent=335194"}],"wp:term":[{"taxonomy":"category","embeddable":true,"href":"https:\/\/www.europesays.com\/fr\/wp-json\/wp\/v2\/categories?post=335194"},{"taxonomy":"post_tag","embeddable":true,"href":"https:\/\/www.europesays.com\/fr\/wp-json\/wp\/v2\/tags?post=335194"}],"curies":[{"name":"wp","href":"https:\/\/api.w.org\/{rel}","templated":true}]}}