{"id":335204,"date":"2025-08-22T01:46:22","date_gmt":"2025-08-22T01:46:22","guid":{"rendered":"https:\/\/www.europesays.com\/fr\/335204\/"},"modified":"2025-08-22T01:46:22","modified_gmt":"2025-08-22T01:46:22","slug":"tu-as-sekou-et-lamine-audrey-crespo-mara-soutenue-par-un-visage-de-la-tele-veuve-comme-elle","status":"publish","type":"post","link":"https:\/\/www.europesays.com\/fr\/335204\/","title":{"rendered":"\u00ab\u00a0Tu as S\u00e9kou et Lamine\u00a0\u00bb : Audrey Crespo-Mara soutenue par un visage de la t\u00e9l\u00e9, veuve comme elle"},"content":{"rendered":"<p data-start=\"489\" data-end=\"955\">Le 14 juillet dernier, <a href=\"https:\/\/www.closermag.fr\/people\/suicide-par-depression-thierry-ardisson-imaginait-sa-mort-bien-avant-que-la-maladie-ne-lemporte-3566629\" target=\"_blank\" rel=\"noopener\"><br \/>\nThierry Ardisson<\/a> rendait son dernier souffle. Autour de lui,<br \/>\nses trois enfants, <a href=\"https:\/\/www.closermag.fr\/people\/tu-nous-as-achete-un-haras-thierry-ardisson-cueilli-a-froid-par-ses-enfants-ninon-manon-et-gaston-dans-telematin-3544110\" target=\"_blank\" rel=\"noopener\"><br \/>\nManon, Ninon et Gaston<\/a>, mais aussi sa femme <a href=\"https:\/\/www.closermag.fr\/tv_tele_realite\/un-exemple-de-femme-les-larmes-daudrey-crespo-mara-ont-emu-tout-tf1-la-preuve-3571907\" target=\"_blank\" rel=\"noopener\"><br \/>\nAudrey Crespo-Mara<\/a>, qui partageait sa vie depuis seize ans. Le<br \/>\ncouple \u00e9tait soud\u00e9 dans les moments heureux comme dans les<br \/>\n\u00e9preuves. Pour lui rendre hommage, la journaliste a offert un<br \/>\ndernier cadeau : un documentaire diffus\u00e9 sur TF1, <a href=\"https:\/\/www.closermag.fr\/people\/thierry-ardisson-egocentrique-et-tres-chiant-le-terrible-portrait-dresse-par-ses-enfants-3564555#:~:text=R%C3%A9sultat%20%3F,les%20invit%C3%A9s%20des%20%C3%A9missions...\" target=\"_blank\" rel=\"noopener\"><br \/>\nLa face cach\u00e9e de l\u2019homme en<br \/>\nnoir,<\/a> seulement quelques jours apr\u00e8s sa disparition.<\/p>\n<p data-start=\"957\" data-end=\"1430\">Effondr\u00e9e mais digne, Audrey<br \/>\nCrespo-Mara a trouv\u00e9 la force de <strong>prononcer un discours<br \/>\nbouleversant<\/strong> lors des <a href=\"https:\/\/www.closermag.fr\/people\/obseques-de-thierry-ardisson-le-geste-dechirant-daudrey-crespo-mara-les-invites-nont-jamais-vu-ca-3564903\" target=\"_blank\" rel=\"noopener\"><br \/>\nobs\u00e8ques<\/a>, organis\u00e9es \u00e0 l\u2019\u00e9glise Saint-Roch. Elle s\u2019y est<br \/>\nadress\u00e9e \u00e0 son mari disparu avec ces mots : \u00ab\u00a0Mon Amour, tu es parti comme tu as v\u00e9cu. En homme<br \/>\ncourageux, digne et libre. Et cela nous oblige, les enfants et moi.<br \/>\nTu nous as tant aid\u00e9s, ces derni\u00e8res semaines, ces derniers jours,<br \/>\n\u00e0 accepter ce qui nous semblait inacceptable, \u00e0 \u00eatre un peu moins<br \/>\nd\u00e9vast\u00e9s.\u00a0\u00bb<\/p>\n<p>Le message de Dominique<br \/>\nLagrou Semp\u00e8re pour Audrey Crespo-Mara<\/p>\n<p data-start=\"2455\" data-end=\"2846\">Le 25 juillet, elle faisait<br \/>\nson retour \u00e0 l\u2019antenne apr\u00e8s plusieurs jours d\u2019absence, remerciant<br \/>\navec \u00e9motion les nombreux messages re\u00e7us. Et pour son dernier JT de<br \/>\nl\u2019\u00e9t\u00e9, le dimanche 17 ao\u00fbt, elle s\u2019est une nouvelle fois adress\u00e9e<br \/>\naux t\u00e9l\u00e9spectateurs : \u00ab\u00a0Vos<br \/>\nattentions me vont droit au c\u0153ur, o\u00f9 se trouve l\u2019homme que vous<br \/>\nconnaissez, et <strong>que j\u2019aime \u00e9perdument<\/strong>. Merci<br \/>\ninfiniment. \u00c0 bient\u00f4t.\u00a0\u00bb<\/p>\n<p data-start=\"2848\" data-end=\"3350\">Ce message a touch\u00e9 <a href=\"https:\/\/www.closermag.fr\/people\/dominique-lagrou-sempere-les-mots-bouleversants-de-la-journaliste-pour-les-3-ans-de-la-mort-de-son-mari-1671810\" target=\"_blank\" rel=\"noopener\"><br \/>\nDominique Lagrou Semp\u00e8re<\/a>, ancienne journaliste de TF1, qui a<br \/>\nelle-m\u00eame perdu son mari, le reporter Dominique Lagrou. Sur X, elle<br \/>\na post\u00e9 un texte plein d\u2019amour et de r\u00e9confort, adress\u00e9 directement<br \/>\n\u00e0 Audrey Crespo-Mara : \u00ab\u00a0Ma<br \/>\nch\u00e8re Audrey. Apr\u00e8s l\u2019orage, <strong>l\u2019arc-en-ciel est<br \/>\nindestructible<\/strong>. Je te le promets. Comme l\u2019\u00e9t\u00e9 invincible<br \/>\nde Camus au milieu de l\u2019hiver. Je connais ta force et l\u2019amour de<br \/>\n<a href=\"https:\/\/www.closermag.fr\/people\/obseques-de-thierry-ardisson-audrey-crespo-mara-entouree-de-ses-deux-fils-cette-apparition-aussi-rare-que-dechirante-3564759\" target=\"_blank\" rel=\"noopener\"><br \/>\nS\u00e9kou et Lamine<\/a> \u00e0 tes c\u00f4t\u00e9s. Tu as mon amiti\u00e9 et mon affection.<br \/>\nJe sais que tu sais.\u00a0\u00bb Un t\u00e9moignage de solidarit\u00e9 entre deux<br \/>\nfemmes de t\u00e9l\u00e9vision, marqu\u00e9es par la perte de l\u2019homme de leur vie,<br \/>\nmais port\u00e9es par l\u2019amour ind\u00e9fectible de leurs enfants et la<br \/>\nbienveillance de leurs proches.<\/p>\n<blockquote class=\"twitter-tweet\"><p><a class=\"twitter-link\" rel=\"noindex, nofollow noopener\" href=\"https:\/\/twitter.com\/dlagrousempere\/status\/1957549727916126681#038;t=iRKlUt81US8Am4_pSD63fw\" target=\"_blank\"><br \/>\n<\/a><\/p><\/blockquote>\n<p>Les<br \/>\nobs\u00e8ques de Thierry Ardisson, un moment d\u2019adieu \u00e9mouvant<\/p>\n<p data-start=\"1498\" data-end=\"2021\">Lors des obs\u00e8ques,<br \/>\nAudrey-Crespo Mara a choisi de citer l\u2019une des phrases que Thierry<br \/>\nArdisson lui avait confi\u00e9e avant sa mort : \u00ab\u00a0Cette c\u00e9r\u00e9monie \u00e0 Saint-Roch, fais gaffe, \u00e7a va<br \/>\n\u00eatre le bal des faux-cul !\u00a0\u00bb Un trait d\u2019humour grin\u00e7ant fid\u00e8le<br \/>\n\u00e0 la personnalit\u00e9 de l\u2019homme en noir. Elle avait ensuite ajout\u00e9 :<br \/>\n\u00ab\u00a0Alors oui, il y a sans doute<br \/>\ndes personnes qui ne t\u2019ont pas assez aim\u00e9, pas assez admir\u00e9, pas<br \/>\nassez reconnu\u2026 D\u00e9sol\u00e9e pour \u00e7a, mon Amour. Mais il y a <strong>tous<br \/>\nceux qui t\u2019ont infiniment respect\u00e9<\/strong>, admir\u00e9, ador\u00e9, pendant<br \/>\ntant d\u2019ann\u00e9es.\u00a0\u00bb<\/p>\n<p data-start=\"2023\" data-end=\"2385\">\u00c0 49 ans, Audrey Crespo-Mara a<br \/>\nd\u00fb <strong>mettre entre parenth\u00e8ses<\/strong> ses obligations<br \/>\nprofessionnelles. Soutenue par ses deux fils, Lamine et S\u00e9kou, elle<br \/>\ns\u2019est retir\u00e9e quelque temps du JT de TF1 et de Sept \u00e0 Huit pour traverser cette<br \/>\n\u00e9preuve. Une pause n\u00e9cessaire pour se consacrer \u00e0 son deuil et \u00e0 sa<br \/>\nfamille, avant de reprendre progressivement le chemin des<br \/>\nplateaux.<\/p>\n<p><script async src=\"https:\/\/platform.twitter.com\/widgets.js\" charset=\"utf-8\"><\/script><\/p>\n","protected":false},"excerpt":{"rendered":"Le 14 juillet dernier, Thierry Ardisson rendait son dernier souffle. Autour de lui, ses trois enfants, Manon, Ninon&hellip;\n","protected":false},"author":2,"featured_media":335205,"comment_status":"","ping_status":"","sticky":false,"template":"","format":"standard","meta":{"footnotes":""},"categories":[8],"tags":[548,17979,58,59,1011,27,10058],"class_list":{"0":"post-335204","1":"post","2":"type-post","3":"status-publish","4":"format-standard","5":"has-post-thumbnail","7":"category-divertissement","8":"tag-article-simple","9":"tag-audrey-crespo-mara","10":"tag-divertissement","11":"tag-entertainment","12":"tag-fr","13":"tag-france","14":"tag-thierry-ardisson"},"share_on_mastodon":{"url":"https:\/\/pubeurope.com\/@fr\/115069896768564118","error":""},"_links":{"self":[{"href":"https:\/\/www.europesays.com\/fr\/wp-json\/wp\/v2\/posts\/335204","targetHints":{"allow":["GET"]}}],"collection":[{"href":"https:\/\/www.europesays.com\/fr\/wp-json\/wp\/v2\/posts"}],"about":[{"href":"https:\/\/www.europesays.com\/fr\/wp-json\/wp\/v2\/types\/post"}],"author":[{"embeddable":true,"href":"https:\/\/www.europesays.com\/fr\/wp-json\/wp\/v2\/users\/2"}],"replies":[{"embeddable":true,"href":"https:\/\/www.europesays.com\/fr\/wp-json\/wp\/v2\/comments?post=335204"}],"version-history":[{"count":0,"href":"https:\/\/www.europesays.com\/fr\/wp-json\/wp\/v2\/posts\/335204\/revisions"}],"wp:featuredmedia":[{"embeddable":true,"href":"https:\/\/www.europesays.com\/fr\/wp-json\/wp\/v2\/media\/335205"}],"wp:attachment":[{"href":"https:\/\/www.europesays.com\/fr\/wp-json\/wp\/v2\/media?parent=335204"}],"wp:term":[{"taxonomy":"category","embeddable":true,"href":"https:\/\/www.europesays.com\/fr\/wp-json\/wp\/v2\/categories?post=335204"},{"taxonomy":"post_tag","embeddable":true,"href":"https:\/\/www.europesays.com\/fr\/wp-json\/wp\/v2\/tags?post=335204"}],"curies":[{"name":"wp","href":"https:\/\/api.w.org\/{rel}","templated":true}]}}