{"id":335208,"date":"2025-08-22T01:50:23","date_gmt":"2025-08-22T01:50:23","guid":{"rendered":"https:\/\/www.europesays.com\/fr\/335208\/"},"modified":"2025-08-22T01:50:23","modified_gmt":"2025-08-22T01:50:23","slug":"auchan-victime-dune-cyberattaque-des-centaines-de-milliers-de-donnees-de-clients-volees","status":"publish","type":"post","link":"https:\/\/www.europesays.com\/fr\/335208\/","title":{"rendered":"Auchan victime d\u2019une cyberattaque, des \u00ab\u00a0centaines de milliers\u00a0\u00bb de donn\u00e9es de clients vol\u00e9es"},"content":{"rendered":"<p>        <img decoding=\"async\" loading=\"lazy\" src=\"https:\/\/www.europesays.com\/fr\/wp-content\/uploads\/2025\/08\/66e7418_1714566653885-000-34p692a.jpg\"  width=\"728\" height=\"409\" alt=\"Auchan victime d\u2019une cyberattaque ce jeudi 21\u00a0ao\u00fbt, des \u00ab\u00a0centaines de milliers\u00a0\u00bb de donn\u00e9es de clients vol\u00e9es. (Photo d\u2019illustration)\"\/>  <\/p>\n<p>THOMAS SAMSON \/ AFP<\/p>\n<p>Auchan victime d\u2019une cyberattaque ce jeudi 21\u00a0ao\u00fbt, des \u00ab\u00a0centaines de milliers\u00a0\u00bb de donn\u00e9es de clients vol\u00e9es. (Photo d\u2019illustration)<\/p>\n<p class=\"asset asset-text\">FAITS DIVERS &#8211; Une attaque de grande ampleur. L\u2019<a href=\"https:\/\/www.huffingtonpost.fr\/politique\/video\/auchan-michelin-barnier-veut-savoir-ce-que-les-groupes-qui-licencient-ont-fait-de-l-argent-qu-on-leur-a-donne_241825.html\" target=\"_blank\" rel=\"noopener\">enseigne <\/a>de grande distribution\u00a0<a href=\"https:\/\/www.huffingtonpost.fr\/politique\/article\/auchan-s-apprete-a-supprimer-des-milliers-d-emplois-la-gauche-monte-au-creneau_241771.html\" target=\"_blank\" rel=\"noopener\">Auchan<\/a>\u00a0a annonc\u00e9 ce jeudi 21\u00a0ao\u00fbt avoir \u00e9t\u00e9 victime \u00ab\u00a0d\u2019un acte de<a href=\"https:\/\/www.huffingtonpost.fr\/faits-divers\/article\/une-cyberattaque-massive-frappe-ce-grand-musee-parisien-depuis-plusieurs-semaines_253503.html\" target=\"_blank\" rel=\"noopener\"> cyber malveillance<\/a>\u00a0\u00bb ayant caus\u00e9 le vol de donn\u00e9es des comptes de fid\u00e9lit\u00e9 de \u00ab\u00a0quelques centaines de milliers\u00a0\u00bb de ses clients.<\/p>\n<p class=\"asset asset-text\">Les donn\u00e9es pirat\u00e9es comprennent le \u00ab\u00a0nom, pr\u00e9nom, adresses email et postale, num\u00e9ro de t\u00e9l\u00e9phone, num\u00e9ro de carte de fid\u00e9lit\u00e9\u00a0\u00bb des clients affect\u00e9s, a signal\u00e9<a href=\"https:\/\/www.huffingtonpost.fr\/life\/article\/des-pizzas-auchan-rappelees-en-raison-de-la-presence-possible-de-debris-de-verre_232698.html\" target=\"_blank\" rel=\"noopener\"> le groupe<\/a> dont le si\u00e8ge se trouve \u00e0 Croix, dans un communiqu\u00e9. Il assure que \u00ab\u00a0l\u2019incident a \u00e9t\u00e9 circonscrit\u00a0\u00bb.<\/p>\n<p class=\"asset asset-text\">\u00ab\u00a0Les donn\u00e9es bancaires, mot de passe et code pin des cartes de fid\u00e9lit\u00e9\u00a0\u00bb ainsi que les \u00ab\u00a0montants des cagnottes\u00a0\u00bb des clients ne sont pas concern\u00e9s, a assur\u00e9\u00a0Auchan, ajoutant qu\u2019il avertissait l\u2019ensemble des personnes concern\u00e9es et la\u00a0Commission nationale de l\u2019informatique et des libert\u00e9s (Cnil).<\/p>\n<p>    Attaque similaire fin 2024    <\/p>\n<p class=\"asset asset-text\">L\u2019enseigne nordiste avait d\u00e9j\u00e0 \u00e9t\u00e9 victime d\u2019une attaque similaire en novembre\u00a02024\u00a0et plusieurs centaines de milliers de clients avaient aussi \u00e9t\u00e9 affect\u00e9s.<\/p>\n<p class=\"asset asset-text\">Ce groupe phare de l\u2019empire Mulliez, qui a annonc\u00e9 fin 2024 un grand plan de restructuration avec pr\u00e8s de 2\u00a0400 suppressions de postes, a invit\u00e9 ses clients \u00e0 \u00ab\u00a0rester vigilants\u00a0\u00bb face aux risques de s\u00e9curit\u00e9 li\u00e9s \u00e0 l\u2019hame\u00e7onnage, c\u2019est-\u00e0-dire des SMS ou courriels frauduleux destin\u00e9s \u00e0 tromper des personnes pour les inciter \u00e0 transmettre des donn\u00e9es personnelles ou bancaires.<\/p>\n<p class=\"asset asset-text\">L\u2019ann\u00e9e 2025 a \u00e9t\u00e9 marqu\u00e9e par plusieurs attaques informatiques d\u2019ampleur en France. D\u00e9but ao\u00fbt, plus de six millions de comptes clients de Bouygues Telecom ont \u00e9t\u00e9 affect\u00e9s par une cyberattaque ayant conduit \u00e0 la fuite de donn\u00e9es, y compris des coordonn\u00e9es bancaires.<\/p>\n","protected":false},"excerpt":{"rendered":"THOMAS SAMSON \/ AFP Auchan victime d\u2019une cyberattaque ce jeudi 21\u00a0ao\u00fbt, des \u00ab\u00a0centaines de milliers\u00a0\u00bb de donn\u00e9es de&hellip;\n","protected":false},"author":2,"featured_media":335209,"comment_status":"","ping_status":"","sticky":false,"template":"","format":"standard","meta":{"footnotes":""},"categories":[6],"tags":[14474,35,2481,33,34,118,1011,27,397],"class_list":{"0":"post-335208","1":"post","2":"type-post","3":"status-publish","4":"format-standard","5":"has-post-thumbnail","7":"category-economie","8":"tag-auchan","9":"tag-business","10":"tag-cyberattaque","11":"tag-economie","12":"tag-economy","13":"tag-faits-divers","14":"tag-fr","15":"tag-france","16":"tag-supermarche"},"share_on_mastodon":{"url":"https:\/\/pubeurope.com\/@fr\/115069912760338793","error":""},"_links":{"self":[{"href":"https:\/\/www.europesays.com\/fr\/wp-json\/wp\/v2\/posts\/335208","targetHints":{"allow":["GET"]}}],"collection":[{"href":"https:\/\/www.europesays.com\/fr\/wp-json\/wp\/v2\/posts"}],"about":[{"href":"https:\/\/www.europesays.com\/fr\/wp-json\/wp\/v2\/types\/post"}],"author":[{"embeddable":true,"href":"https:\/\/www.europesays.com\/fr\/wp-json\/wp\/v2\/users\/2"}],"replies":[{"embeddable":true,"href":"https:\/\/www.europesays.com\/fr\/wp-json\/wp\/v2\/comments?post=335208"}],"version-history":[{"count":0,"href":"https:\/\/www.europesays.com\/fr\/wp-json\/wp\/v2\/posts\/335208\/revisions"}],"wp:featuredmedia":[{"embeddable":true,"href":"https:\/\/www.europesays.com\/fr\/wp-json\/wp\/v2\/media\/335209"}],"wp:attachment":[{"href":"https:\/\/www.europesays.com\/fr\/wp-json\/wp\/v2\/media?parent=335208"}],"wp:term":[{"taxonomy":"category","embeddable":true,"href":"https:\/\/www.europesays.com\/fr\/wp-json\/wp\/v2\/categories?post=335208"},{"taxonomy":"post_tag","embeddable":true,"href":"https:\/\/www.europesays.com\/fr\/wp-json\/wp\/v2\/tags?post=335208"}],"curies":[{"name":"wp","href":"https:\/\/api.w.org\/{rel}","templated":true}]}}