{"id":335210,"date":"2025-08-22T01:51:21","date_gmt":"2025-08-22T01:51:21","guid":{"rendered":"https:\/\/www.europesays.com\/fr\/335210\/"},"modified":"2025-08-22T01:51:21","modified_gmt":"2025-08-22T01:51:21","slug":"le-parquet-ouvre-une-enquete-sur-la-responsabilite-des-municipalites","status":"publish","type":"post","link":"https:\/\/www.europesays.com\/fr\/335210\/","title":{"rendered":"le parquet ouvre une enqu\u00eate sur la responsabilit\u00e9 des municipalit\u00e9s"},"content":{"rendered":"<p>En d\u00e9pit d\u2019un programme de lutte contre le feu vot\u00e9 en 2022, l\u2019Espagne subit des feux de for\u00eats in\u00e9dits depuis 30 ans. Le gouvernement socialiste et les municipalit\u00e9s ancr\u00e9es \u00e0 droite s\u2019accusent mutuellement de n\u00e9gligence.<\/p>\n<p class=\"fig-paragraph\">Depuis d\u00e9but ao\u00fbt, des\u00a0<a href=\"http:\/\/www.lefigaro.fr\/international\/l-espagne-n-en-finit-pas-de-combattre-les-incendies-20250816\" data-fig-type=\"Article\" data-gtm-custom-categorie=\"navigation\" data-gtm-custom-action=\"crossclick\" data-gtm-custom-label=\"Contextuel\" data-gtm-event=\"customEventSPE\" data-fig-domain=\"LEFIGARO\" rel=\"nofollow noopener\" target=\"_blank\">incendies exceptionnels<\/a>\u00a0touchent plusieurs r\u00e9gions d\u2019Espagne, notamment la Galice, Castille-et-Le\u00f3n, Madrid, l\u2019Andalousie et Murcie, et ont d\u00e9truit plus de 370.000 hectares. Le parquet g\u00e9n\u00e9ral a ouvert une enqu\u00eate pour v\u00e9rifier si les municipalit\u00e9s avaient mis en place les plans obligatoires de pr\u00e9vention contre les feux de for\u00eat, fix\u00e9s \u00e0 la suite des feux de for\u00eats de 2022. En parall\u00e8le, le Parti Populaire (droite) accuse le gouvernement socialiste de Pedro S\u00e1nchez (gauche) de n\u00e9gligence, tandis que le PSOE critique les dirigeants r\u00e9gionaux du PP, selon le journal national\u00a0<a href=\"https:\/\/elpais.com\/clima-y-medio-ambiente\/2025-08-21\/la-fiscalia-investiga-la-falta-de-planes-de-prevencion-en-la-peor-oleada-de-incendios-en-30-anos.html?outputType=amp\" target=\"_blank\" rel=\"sponsored noopener nofollow\" data-gtm-custom-categorie=\"navigation\" data-gtm-custom-action=\"crossclick\" data-gtm-custom-label=\"Contextuel\" data-gtm-event=\"customEventSPE\">El Pa\u00eds<\/a> .<\/p>\n<p class=\"fig-paragraph\">Antonio Vercher, procureur sp\u00e9cialis\u00e9 en mati\u00e8re d\u2019environnement, a adress\u00e9 lundi une note \u00e0 tous les procureurs provinciaux, \u00e0 laquelle le journal national El Pa\u00eds a eu acc\u00e8s. Il y souligne que cette catastrophe est \u00ab\u202fdue \u00e0 l\u2019absence ou \u00e0 l\u2019application d\u00e9fectueuse des plans de pr\u00e9vention\u00bb. Si des zones \u00e0 risque n\u2019avaient pas appliqu\u00e9 ces plans, des poursuites p\u00e9nales pourraient \u00eatre engag\u00e9es.<\/p>\n<p>                                    <a class=\"fig-a11y-skip a11y-hidden\" href=\"#fig-a11y-skip-main-inarticle\"><br \/>\n        Passer la publicit\u00e9<br \/>\n    <\/a><\/p>\n<p class=\"fig-paragraph\">Vercher a \u00e9galement saisi le Seprona, unit\u00e9 de la gendarmerie, pour v\u00e9rifier si les municipalit\u00e9s les plus touch\u00e9es disposaient des plans exig\u00e9s par la loi Montes de 2003, qui impose des dispositifs de protection dans toutes les zones \u00e0 haut risque.<\/p>\n<p><strong>Des plans de pr\u00e9vention souvent absents ou incomplets<\/strong><\/p>\n<p class=\"fig-paragraph\">Depuis la terrible vague d\u2019incendies de 2022, qui avait br\u00fbl\u00e9 plus de 200.000 hectares et touch\u00e9 plusieurs r\u00e9gions d\u2019Espagne, les municipalit\u00e9s situ\u00e9es en zones \u00e0 risque auraient d\u00fb disposer de plans de lutte contre le feu. Ces plans indiquent concr\u00e8tement quelles zones d\u00e9broussailler, o\u00f9 installer des coupe-feu ou des citernes, combien de pompiers, camions et h\u00e9licopt\u00e8res mobiliser, et comment organiser l\u2019alerte et l\u2019\u00e9vacuation des habitants.<\/p>\n<p class=\"fig-paragraph\">Cependant, trois ans apr\u00e8s l\u2019adoption de la loi, le gouvernement central n\u2019a toujours pas fix\u00e9 de crit\u00e8res communs pour toutes les r\u00e9gions, ce qui signifie que chaque plan peut \u00eatre appliqu\u00e9 diff\u00e9remment et que beaucoup restent incomplets ou non op\u00e9rationnels, comme le souligne le journal national espagnol\u00a0<a href=\"https:\/\/elpais.com\/clima-y-medio-ambiente\/2025-08-21\/la-fiscalia-investiga-la-falta-de-planes-de-prevencion-en-la-peor-oleada-de-incendios-en-30-anos.html?outputType=amp\" target=\"_blank\" rel=\"sponsored noopener nofollow\" data-gtm-custom-categorie=\"navigation\" data-gtm-custom-action=\"crossclick\" data-gtm-custom-label=\"Contextuel\" data-gtm-event=\"customEventSPE\">El Pa\u00eds<\/a> .<\/p>\n<p class=\"fig-paragraph\">Le 13 ao\u00fbt, l\u2019incendie de Tres Cantos, en banlieue de Madrid, a mis en lumi\u00e8re ces carences. Selon Greenpeace, la commune, pourtant en zone sensible, n\u2019avait aucun plan de pr\u00e9vention. L\u2019ONG tire la sonnette d\u2019alarme depuis 2018. Elle accuse les administrations r\u00e9gionales et locales, d\u2019\u00eatre trop souvent muettes lorsqu\u2019il s\u2019agit d\u2019expliquer leurs failles, selon El Pa\u00eds.<\/p>\n<p>\u00c0 qui la faute\u00a0?<\/p>\n<p class=\"fig-paragraph\">L\u2019affaire prend une tournure politique. Le premier vis\u00e9 est le premier ministre socialiste Pedro S\u00e1nchez. Le chef du gouvernement, qui a mis dix jours \u00e0 se rendre sur les lieux du sinistre, essuie des critiques s\u00e9v\u00e8res. Le quotidien de centre droit\u00a0<a href=\"https:\/\/www.elmundo.es\/opinion\/editorial\/2025\/08\/20\/68a4b52de4d4d89c5e8b45b0.html\" target=\"_blank\" rel=\"sponsored noopener nofollow\" data-gtm-custom-categorie=\"navigation\" data-gtm-custom-action=\"crossclick\" data-gtm-custom-label=\"Contextuel\" data-gtm-event=\"customEventSPE\">El Mundo<\/a> \u00a0a d\u00e9gain\u00e9 le premier, fustigeant une attitude \u00abinacceptable\u00bb. L\u2019\u00e9ditorial de ce journal s\u2019adresse directement \u00e0 Pedro Sanchez\u00a0: \u00abLes victimes et ceux qui luttent contre les flammes te paient ton salaire de ministre. Fais au moins semblant de te soucier d\u2019eux\u00bb.<\/p>\n<p>                                    <a class=\"fig-a11y-skip a11y-hidden\" href=\"#fig-a11y-skip-main-inarticle_mtf\"><br \/>\n        Passer la publicit\u00e9<br \/>\n    <\/a><\/p>\n<p class=\"fig-paragraph\">\u00c0 peine cette pierre lanc\u00e9e, une autre suit. Ester Mu\u00f1oz, porte-parole du<a href=\"https:\/\/www.lefigaro.fr\/tag\/parti-populaire?msockid=32415cd5691468d3299e4aea68ff694b\" target=\"_blank\" rel=\"sponsored noopener nofollow\" data-gtm-custom-categorie=\"navigation\" data-gtm-custom-action=\"crossclick\" data-gtm-custom-label=\"Contextuel\" data-gtm-event=\"customEventSPE\">\u00a0Parti populaire\u00a0<\/a>(droite espagnole), principale force d\u2019opposition, d\u00e9nonce \u00e0 son tour \u00ab la passivit\u00e9\u00a0\u00bb du gouvernement, coupable selon elle de ne pas avoir mobilis\u00e9 \u00abtoutes ses ressources au service des r\u00e9gions\u00bb.<\/p>\n<p class=\"fig-paragraph\"><a href=\"https:\/\/elpais.com\/espana\/2025-08-19\/el-pp-reclama-medios-sin-precedentes-al-gobierno-para-intentar-tapar-su-gestion-de-la-crisis.html?utm_source=chatgpt.com\" target=\"_blank\" rel=\"sponsored noopener nofollow\" data-gtm-custom-categorie=\"navigation\" data-gtm-custom-action=\"crossclick\" data-gtm-custom-label=\"Contextuel\" data-gtm-event=\"customEventSPE\">El Pa\u00eds<\/a>, journal de centre gauche, r\u00e9torque en pointant les gouvernements r\u00e9gionaux du PP (Partido Popular). Le journal critique le manque d\u2019anticipation des gouvernements de Castille-et-Le\u00f3n et de Galice, aux mains du Parti Populaire depuis des d\u00e9cennies, et o\u00f9 les incendies ont frapp\u00e9 avec une intensit\u00e9 particuli\u00e8re.<\/p>\n<p class=\"fig-paragraph\">Ce bras de fer politique n\u2019est pas nouveau. Lors des inondations de Valence en octobre 2024, le PP avait accus\u00e9 Pedro S\u00e1nchez d\u2019\u00eatre responsable du drame, et lui avait renvoy\u00e9 la faute sur ses adversaires \u00e0 l\u2019\u00e9chelon r\u00e9gionale. Le m\u00eame sc\u00e9nario se reproduit aujourd\u2019hui avec les incendies. Le 17 ao\u00fbt, S\u00e1nchez a propos\u00e9 un \u00abpacte national contre l\u2019urgence climatique\u00bb, mais l\u2019opposition l\u2019a rejet\u00e9 en parlant de \u00abman\u0153uvre politique\u00bb. De son c\u00f4t\u00e9, le gouvernement reproche au PP de bloquer les solutions communes.<\/p>\n","protected":false},"excerpt":{"rendered":"En d\u00e9pit d\u2019un programme de lutte contre le feu vot\u00e9 en 2022, l\u2019Espagne subit des feux de for\u00eats&hellip;\n","protected":false},"author":2,"featured_media":335211,"comment_status":"","ping_status":"","sticky":false,"template":"","format":"standard","meta":{"footnotes":""},"categories":[5],"tags":[11,123,1011,27,1310,14,12,122,656,28],"class_list":{"0":"post-335210","1":"post","2":"type-post","3":"status-publish","4":"format-standard","5":"has-post-thumbnail","7":"category-international","8":"tag-actualites","9":"tag-espagne","10":"tag-fr","11":"tag-france","12":"tag-incendie","13":"tag-international","14":"tag-news","15":"tag-pedro-sanchez","16":"tag-securite","17":"tag-world"},"share_on_mastodon":{"url":"https:\/\/pubeurope.com\/@fr\/115069916561117798","error":""},"_links":{"self":[{"href":"https:\/\/www.europesays.com\/fr\/wp-json\/wp\/v2\/posts\/335210","targetHints":{"allow":["GET"]}}],"collection":[{"href":"https:\/\/www.europesays.com\/fr\/wp-json\/wp\/v2\/posts"}],"about":[{"href":"https:\/\/www.europesays.com\/fr\/wp-json\/wp\/v2\/types\/post"}],"author":[{"embeddable":true,"href":"https:\/\/www.europesays.com\/fr\/wp-json\/wp\/v2\/users\/2"}],"replies":[{"embeddable":true,"href":"https:\/\/www.europesays.com\/fr\/wp-json\/wp\/v2\/comments?post=335210"}],"version-history":[{"count":0,"href":"https:\/\/www.europesays.com\/fr\/wp-json\/wp\/v2\/posts\/335210\/revisions"}],"wp:featuredmedia":[{"embeddable":true,"href":"https:\/\/www.europesays.com\/fr\/wp-json\/wp\/v2\/media\/335211"}],"wp:attachment":[{"href":"https:\/\/www.europesays.com\/fr\/wp-json\/wp\/v2\/media?parent=335210"}],"wp:term":[{"taxonomy":"category","embeddable":true,"href":"https:\/\/www.europesays.com\/fr\/wp-json\/wp\/v2\/categories?post=335210"},{"taxonomy":"post_tag","embeddable":true,"href":"https:\/\/www.europesays.com\/fr\/wp-json\/wp\/v2\/tags?post=335210"}],"curies":[{"name":"wp","href":"https:\/\/api.w.org\/{rel}","templated":true}]}}