{"id":335212,"date":"2025-08-22T01:52:16","date_gmt":"2025-08-22T01:52:16","guid":{"rendered":"https:\/\/www.europesays.com\/fr\/335212\/"},"modified":"2025-08-22T01:52:16","modified_gmt":"2025-08-22T01:52:16","slug":"une-fete-manchoise-se-retire-dun-label-en-partie-finance-par-un-milliardaire-dextreme-droite","status":"publish","type":"post","link":"https:\/\/www.europesays.com\/fr\/335212\/","title":{"rendered":"Une f\u00eate manchoise se retire d&rsquo;un label en partie financ\u00e9 par un milliardaire d&rsquo;extr\u00eame droite"},"content":{"rendered":"<p>            Par<br \/>\n        <strong><br \/>\n            <a href=\"https:\/\/actu.fr\/auteur\/sarah-tytgat\" title=\"Consulter tous les articles de Sarah Tytgat\" rel=\"nofollow noopener\" target=\"_blank\">Sarah Tytgat<\/a><br \/>\n        <\/strong><\/p>\n<p>        Publi\u00e9 le<\/p>\n<p>            21 ao\u00fbt 2025 \u00e0 18h40        <\/p>\n<p>Le label <a href=\"https:\/\/www.lesplusbellesfetesdefrance.fr\/\" rel=\"nofollow noopener\" target=\"_blank\">Les Plus belles f\u00eates de France<\/a> d\u00e9fend et met en avant depuis 2024 <b>\u00ab\u2009les f\u00eates qui sont l\u2019expression de notre identit\u00e9 culturelle et sociale. Issues de nos traditions agricoles, de nos l\u00e9gendes, de nos modes de vies, de notre histoire ou de notre gastronomie\u2009\u00bb.<\/b><\/p>\n<p class=\" wall-content\">Dans la <a href=\"https:\/\/actu.fr\/normandie\/manche_50\" rel=\"nofollow noopener\" target=\"_blank\">Manche<\/a>, trois f\u00eates \u00e9taient lab\u00e9lis\u00e9es\u2009: La Foire de Lessay, Les M\u00e9di\u00e9vales de Cerisy-la-For\u00eat et le Carnaval de Granville. Ce macaron bleu clair offre de nombreux avantages comme un <b>soutien financier<\/b> et un <b>r\u00e9f\u00e9rencement <\/b>dans les guides Michelin mais aussi une importante valorisation du territoire.<\/p>\n<p class=\" wall-content\">Cependant, ce label est entach\u00e9 depuis quelques semaines par une <b>pol\u00e9mique<\/b>. En juillet dernier, le journal L\u2019Humanit\u00e9 r\u00e9v\u00e9lait les liens entre l\u2019association et le milliardaire d\u2019extr\u00eame droite <b>Pierre-\u00c9douard St\u00e9rin<\/b>, qui est entr\u00e9 dans le capital de l\u2019association cr\u00e9atrice du label.<\/p>\n<p>Le Carnaval de Granville se retire<\/p>\n<p class=\" wall-content\">Ce jeudi 21\u00a0ao\u00fbt, le Comit\u00e9 d\u2019organisation du <a href=\"https:\/\/actu.fr\/tag\/carnaval-de-granville\" rel=\"nofollow noopener\" target=\"_blank\">Carnaval de Granville<\/a>, apr\u00e8s un temps de r\u00e9flexion, annonce son<b> retrait <\/b>du label.<\/p>\n<p class=\" wall-content\">Le Carnaval de Granville s\u2019\u00e9tait tourn\u00e9 vers le label Plus belles f\u00eates de France pour<b>\u00a0la<\/b>\u00a0<b>valorisation du territoire et des traditions<\/b> qu\u2019il promettait. Cela allait dans le sens du carnaval, <b>\u00ab\u2009un \u00e9v\u00e9nement traditionnel s\u00e9culaire et interg\u00e9n\u00e9rationnel qui permet de rassembler chaque ann\u00e9e des dizaines de milliers de personnes sans distinction d\u2019origines ou de classes sociales\u2009\u00bb<\/b>.<\/p>\n<blockquote class=\"ac-article-quote wall-content\">\n<p>Le comit\u00e9 d\u2019organisation du Carnaval de Granville, qui est exempt de tout engagement politique, a demand\u00e9 le retrait du label.<\/p>\n<p>Comit\u00e9 d\u2019organisation du Carnaval de Granville<\/p><\/blockquote>\n<p class=\" wall-content\">Par un vote de son bureau, le comit\u00e9 d\u2019organisation a donc d\u00e9cid\u00e9 de renoncer au label et par cons\u00e9quent aux <b>2\u2009000\u00a0euros<\/b> qui devaient lui \u00eatre octroy\u00e9s par ce dernier.<\/p>\n<p>La Foire de Lessay passe outre<\/p>\n<p class=\" wall-content\">Ce jeudi 21 ao\u00fbt, dans un communiqu\u00e9 sur Facebook, Stephanie Maub\u00e9, maire de Lessay, confirme que <a href=\"https:\/\/actu.fr\/tag\/foire-de-lessay\" rel=\"nofollow noopener\" target=\"_blank\">La Foire de Lessay<\/a> maintient <b>son adh\u00e9rence au label<\/b>.<\/p>\n<p>Votre r\u00e9gion, votre actu !<\/p>\n<p>Recevez chaque jour les infos qui comptent pour vous.<\/p>\n<p>\t<a href=\"https:\/\/actu.fr\/newsletter\" class=\"ac-btn ac-btn--corner ac-btn--medium ac-btn--blue800\" rel=\"nofollow noopener\" target=\"_blank\">S&rsquo;incrire<\/a><\/p>\n<blockquote class=\"ac-article-quote wall-content\">\n<p>Nous ne quittons pas le label pour l\u2019instant.<\/p>\n<p>St\u00e9phanie Maub\u00e9, maire de Lessay<\/p><\/blockquote>\n<p class=\" wall-content\"><b>St\u00e9phanie Maub\u00e9<\/b> d\u00e9clare s\u2019\u00eatre longuement expliqu\u00e9e avec l\u2019association dont les arguments semblent, pour elle, cr\u00e9dibles en ce qui concerne leur lien avec le milliardaire.<\/p>\n<p>    <img   decoding=\"async\" loading=\"lazy\" class=\"size-large\" src=\"https:\/\/www.europesays.com\/fr\/wp-content\/uploads\/2025\/08\/5510cdfcaef465910cdfcaef42d10cv-1-960x640.jpg\" alt=\"Foire de Lessay (Manche), \u00e9dition 2023.\" width=\"960\" height=\"640\"\/><br \/>\n    La Foire de Lessay reste adh\u00e9rente au label. \u00a9Jean-Paul BARBIER<\/p>\n<p class=\" wall-content\">Les financements du label viennent de nombreuses sources et sont transparents, le milliardaire n\u2019apportant qu\u2019une part parmi tant d\u2019autres, selon l\u2019association derri\u00e8re Les Plus belles f\u00eates de France. Cet \u00e9change n\u2019aurait pas permis de prouver la<b> \u00ab\u2009mainmise\u2009\u00bb<\/b> de l\u2019extr\u00eame droite sur le label, ce qui n\u2019emp\u00eache pas de rester vigilant pour l\u2019avenir.<\/p>\n<p class=\" wall-content\">La maire pr\u00e9f\u00e8re rappeler que la Foire reste strictement <b>\u00ab\u2009apolitique et rassembleuse\u2009\u00bb<\/b>, le label permettant simplement un soutien financier et une exposition plus importante pour le territoire.<\/p>\n<p>Les M\u00e9di\u00e9vales de Cerisy ne se prononcent pas<\/p>\n<p class=\" wall-content\">De leur c\u00f4t\u00e9, Les M\u00e9di\u00e9vales de Cerisy-la-For\u00eat ont<b> refus\u00e9 <\/b>de r\u00e9pondre \u00e0 nos questions.<\/p>\n<p class=\" wall-content\">Personnalisez votre actualit\u00e9 en ajoutant vos villes et m\u00e9dias en favori avec <a href=\"https:\/\/moncompte.actu.fr\" title=\"D\u00e9couvez Mon Actu\" rel=\"nofollow noopener\" data-trk=\"{&quot;cta&quot;:{&quot;action&quot;:&quot;https:\\\/\\\/moncompte.actu.fr&quot;,&quot;category&quot;:&quot;mon compte&quot;,&quot;from&quot;:&quot;article footer&quot;,&quot;name&quot;:&quot;Mon actu&quot;,&quot;type&quot;:&quot;cta&quot;}}\" target=\"_blank\">Mon Actu<\/a>.<\/p>\n","protected":false},"excerpt":{"rendered":"Par Sarah Tytgat Publi\u00e9 le 21 ao\u00fbt 2025 \u00e0 18h40 Le label Les Plus belles f\u00eates de France&hellip;\n","protected":false},"author":2,"featured_media":335213,"comment_status":"","ping_status":"","sticky":false,"template":"","format":"standard","meta":{"footnotes":""},"categories":[4],"tags":[11,47239,3168,47240,1011,27,12,25,104],"class_list":{"0":"post-335212","1":"post","2":"type-post","3":"status-publish","4":"format-standard","5":"has-post-thumbnail","7":"category-france","8":"tag-actualites","9":"tag-carnaval-de-granville","10":"tag-cotentin","11":"tag-foire-de-lessay","12":"tag-fr","13":"tag-france","14":"tag-news","15":"tag-republique-francaise","16":"tag-societe"},"share_on_mastodon":{"url":"https:\/\/pubeurope.com\/@fr\/115069920891170091","error":""},"_links":{"self":[{"href":"https:\/\/www.europesays.com\/fr\/wp-json\/wp\/v2\/posts\/335212","targetHints":{"allow":["GET"]}}],"collection":[{"href":"https:\/\/www.europesays.com\/fr\/wp-json\/wp\/v2\/posts"}],"about":[{"href":"https:\/\/www.europesays.com\/fr\/wp-json\/wp\/v2\/types\/post"}],"author":[{"embeddable":true,"href":"https:\/\/www.europesays.com\/fr\/wp-json\/wp\/v2\/users\/2"}],"replies":[{"embeddable":true,"href":"https:\/\/www.europesays.com\/fr\/wp-json\/wp\/v2\/comments?post=335212"}],"version-history":[{"count":0,"href":"https:\/\/www.europesays.com\/fr\/wp-json\/wp\/v2\/posts\/335212\/revisions"}],"wp:featuredmedia":[{"embeddable":true,"href":"https:\/\/www.europesays.com\/fr\/wp-json\/wp\/v2\/media\/335213"}],"wp:attachment":[{"href":"https:\/\/www.europesays.com\/fr\/wp-json\/wp\/v2\/media?parent=335212"}],"wp:term":[{"taxonomy":"category","embeddable":true,"href":"https:\/\/www.europesays.com\/fr\/wp-json\/wp\/v2\/categories?post=335212"},{"taxonomy":"post_tag","embeddable":true,"href":"https:\/\/www.europesays.com\/fr\/wp-json\/wp\/v2\/tags?post=335212"}],"curies":[{"name":"wp","href":"https:\/\/api.w.org\/{rel}","templated":true}]}}