{"id":335216,"date":"2025-08-22T01:54:42","date_gmt":"2025-08-22T01:54:42","guid":{"rendered":"https:\/\/www.europesays.com\/fr\/335216\/"},"modified":"2025-08-22T01:54:42","modified_gmt":"2025-08-22T01:54:42","slug":"projet-0-to-100-18-mois-pour-sentrainer-a-courir-un-ultra-trail","status":"publish","type":"post","link":"https:\/\/www.europesays.com\/fr\/335216\/","title":{"rendered":"Projet 0 to 100\u00a0: 18 mois pour s\u2019entrainer \u00e0 courir un ultra trail\u00a0"},"content":{"rendered":"<p>L&rsquo;Universit\u00e9 Jean Monnet lance le projet 0 to 100, une \u00e9tude scientifique o\u00f9 40 femmes et hommes s\u00e9dentaires vont s&rsquo;entra\u00eener pendant 18 mois pour participer \u00e0 l&rsquo;Ultra Trail Mont Blanc.<\/p>\n<p>Ils seront 20 femmes et 20 hommes \u00e0 relever le d\u00e9fi !<\/p>\n<p><b>L&rsquo;Universit\u00e9 Jean Monnet<\/b> lance le <a class=\"url\" href=\"https:\/\/www.0to100.fr\/\" target=\"_blank\" rel=\"noopener\">projet 0 to 100<\/a>, une \u00e9tude scientifique de grande ampleur.\u00a0<b>40 personnes s\u00e9dentaires<\/b> auront <b>18 mois<\/b> pour s&rsquo;entra\u00eener \u00e0 courir\u00a0<a class=\"url\" href=\"https:\/\/montblanc.utmb.world\/fr\/races\/UTMB\" target=\"_blank\" rel=\"noopener\">l&rsquo;Ultra Trail Mont Blanc<\/a> (UTMB). <\/p>\n<p>Des personnes n&rsquo;ayant pas pratiqu\u00e9 de sport depuis au moins 10 ans<\/p>\n<p>Le projet d\u00e9butera officiellement en <b>octobre <\/b>par la s\u00e9lection des 40 candidats. Un seul crit\u00e8re demand\u00e9 : ne pas avoir pratiqu\u00e9 de sport depuis<b> au moins 10 ans<\/b>.  <\/p>\n<p>Les s\u00e9lectionn\u00e9s r\u00e9aliseront une s\u00e9rie de tests pour \u00e9valuer leur forme physique, comme l&rsquo;explique <b>Guillaume Millet, coordinateur du projet<\/b> et professeur \u00e0 l&rsquo;Universit\u00e9 Jean Monnet : <\/p>\n<blockquote><p>\u00ab\u00a0On va s&rsquo;int\u00e9resser, bien s\u00fbr, \u00e0 leur endurance, mais aussi leur qualit\u00e9 de vie, leur sommeil. On va prendre un petit bout de muscle, on va faire une IRM, on va regarder l&rsquo;\u00e9tat de leurs os, etc. Ensuite, on va les faire revenir r\u00e9guli\u00e8rement, tous les 4 ou 5 mois, pour suivre la transformation jusqu&rsquo;\u00e0 la fin des 18 mois.\u00a0\u00bb<\/p><\/blockquote>\n<p>Les candidats s\u00e9lectionn\u00e9s seront appel\u00e9s <b>fin 2025<\/b> et pourront commencer l&rsquo;entra\u00eenement \u00e0 partir de <b>mars 2026.<\/b><\/p>\n<p>Un suivi personnalis\u00e9 par des professionnels<\/p>\n<p>Durant leurs entra\u00eenements, les candidats seront suivis par <b>des professionnels du sport<\/b> <b>et des scientifiques<\/b>, pr\u00e9cise Guillaume Millet : <\/p>\n<blockquote><p>\u00ab\u00a0Il y aura entre 6 et 8 coachs qui vont se r\u00e9partir l&rsquo;ensemble des 40 participants. \u00c0 la fois ils auront un petit peu de marge de man\u0153uvre parce que, bien s\u00fbr, ils devront s&rsquo;adapter \u00e0 leurs participants. Et en m\u00eame temps il n&rsquo;y aura qu&rsquo;une ligne de conduite qui sera donn\u00e9e par une \u00e9quipe compos\u00e9e de notre \u00e9quipe scientifique et d&rsquo;une soci\u00e9t\u00e9 qui s&rsquo;appelle \u00c9cole de Trel qui forme des coachs.\u00a0\u00bb<\/p><\/blockquote>\n<p>\u00c0 l&rsquo;issue des 18 mois, ils participeront en <b>ao\u00fbt 2027 \u00e0 l&rsquo;UTMB<\/b>. L&rsquo;exp\u00e9rience cherche \u00e0 montrer qu&rsquo;une pratique intense du sport a des effets b\u00e9n\u00e9fiques sur la sant\u00e9, et qu&rsquo;il ne faut pas se limiter aux \u00ab\u00a0fameuses 150 minutes d&rsquo;activit\u00e9 physique par semaine\u00a0\u00bb. <\/p>\n<p>Une variante : le projet 0 to 40 <\/p>\n<p>Une variante appel\u00e9e <a class=\"url\" href=\"https:\/\/www.0to100.fr\/2025\/06\/25\/projet-0-to-40-quand-le-trail-running-devient-un-veritable-levier-dinclusion-et-de-sante\/\" target=\"_blank\" rel=\"noopener\">projet 0 to 40<\/a>\u00a0est \u00e9galement en pr\u00e9paration. Le but est de r\u00e9unir une dizaine de participants atteints de <b>maladies chroniques ou en situation de handicap<\/b> et de les faire participer \u00e0 la<a class=\"url\" href=\"https:\/\/montblanc.utmb.world\/fr\/races\/MCC\" target=\"_blank\" rel=\"noopener\">Martigny-Combe-Chamonix<\/a> (MCC), une course de<b> 40 km<\/b> dans les Alpes.<\/p>\n<p>Si vous souhaitez int\u00e9grer l&rsquo;un des deux projets, il faudra patienter jusqu&rsquo;\u00e0 <b>octobre<\/b> pour remplir le formulaire de candidature. Pour suivre les actualit\u00e9s du projet, rendez-vous sur leurs <a class=\"url\" href=\"https:\/\/www.facebook.com\/profile.php?id=61575880406741\" target=\"_blank\" rel=\"noopener\">r\u00e9seaux sociaux<\/a>.<\/p>\n<p><img loading=\"lazy\" decoding=\"async\" src=\"https:\/\/www.europesays.com\/fr\/wp-content\/uploads\/2025\/08\/1755827682_513_img\" width=\"350\" height=\"200\" border=\"0\" title=\"Thomas Goumarre et Adriano Duarte ont lanc\u00c3\u00a9 ce projet en janvier 2025.\"\/><\/p>\n<p>\u25baId\u00e9e sortie<\/p>\n<p style=\"font-size: 22px;\"><b>Le Sentier des crassiers : une nouvelle randonn\u00e9e pour d\u00e9couvrir le bassin minier st\u00e9phanois\u00a0\u00a0<\/b><\/p>\n<p>Le Sentier des crassiers a \u00e9t\u00e9 cr\u00e9\u00e9 en juin&#8230;<\/p>\n<p><\/p>\n","protected":false},"excerpt":{"rendered":"L&rsquo;Universit\u00e9 Jean Monnet lance le projet 0 to 100, une \u00e9tude scientifique o\u00f9 40 femmes et hommes s\u00e9dentaires&hellip;\n","protected":false},"author":2,"featured_media":335217,"comment_status":"","ping_status":"","sticky":false,"template":"","format":"standard","meta":{"footnotes":""},"categories":[9653],"tags":[1111,11,2430,1777,674,1011,27,12,47243,47244,25,4001,47242,47241,32369],"class_list":{"0":"post-335216","1":"post","2":"type-post","3":"status-publish","4":"format-standard","5":"has-post-thumbnail","7":"category-saint-etienne","8":"tag-actu","9":"tag-actualites","10":"tag-auvergne-rhone-alpes","11":"tag-eu","12":"tag-europe","13":"tag-fr","14":"tag-france","15":"tag-news","16":"tag-projet-0-to-100","17":"tag-projet-0-to-40","18":"tag-republique-francaise","19":"tag-saint-etienne","20":"tag-ujm","21":"tag-universit-jean-monnet","22":"tag-utmb"},"share_on_mastodon":{"url":"https:\/\/pubeurope.com\/@fr\/115069928908494831","error":""},"_links":{"self":[{"href":"https:\/\/www.europesays.com\/fr\/wp-json\/wp\/v2\/posts\/335216","targetHints":{"allow":["GET"]}}],"collection":[{"href":"https:\/\/www.europesays.com\/fr\/wp-json\/wp\/v2\/posts"}],"about":[{"href":"https:\/\/www.europesays.com\/fr\/wp-json\/wp\/v2\/types\/post"}],"author":[{"embeddable":true,"href":"https:\/\/www.europesays.com\/fr\/wp-json\/wp\/v2\/users\/2"}],"replies":[{"embeddable":true,"href":"https:\/\/www.europesays.com\/fr\/wp-json\/wp\/v2\/comments?post=335216"}],"version-history":[{"count":0,"href":"https:\/\/www.europesays.com\/fr\/wp-json\/wp\/v2\/posts\/335216\/revisions"}],"wp:featuredmedia":[{"embeddable":true,"href":"https:\/\/www.europesays.com\/fr\/wp-json\/wp\/v2\/media\/335217"}],"wp:attachment":[{"href":"https:\/\/www.europesays.com\/fr\/wp-json\/wp\/v2\/media?parent=335216"}],"wp:term":[{"taxonomy":"category","embeddable":true,"href":"https:\/\/www.europesays.com\/fr\/wp-json\/wp\/v2\/categories?post=335216"},{"taxonomy":"post_tag","embeddable":true,"href":"https:\/\/www.europesays.com\/fr\/wp-json\/wp\/v2\/tags?post=335216"}],"curies":[{"name":"wp","href":"https:\/\/api.w.org\/{rel}","templated":true}]}}