{"id":335221,"date":"2025-08-22T02:07:31","date_gmt":"2025-08-22T02:07:31","guid":{"rendered":"https:\/\/www.europesays.com\/fr\/335221\/"},"modified":"2025-08-22T02:07:31","modified_gmt":"2025-08-22T02:07:31","slug":"toulon-exposition-bansky-la-programmation-culturelle","status":"publish","type":"post","link":"https:\/\/www.europesays.com\/fr\/335221\/","title":{"rendered":"TOULON : Exposition Bansky, la programmation culturelle"},"content":{"rendered":"<p><strong>En simultan\u00e9 de l\u2019exposition BANKSY : une (R)\u00e9volution, une programmation riche et vari\u00e9e, s\u2019adressant \u00e0 tous les publics, dans un esprit d\u2019ouverture et de d\u00e9mocratisation culturelle est mise en place dans toutes les structures mus\u00e9ales de la ville de Toulon.<\/strong> <\/p>\n<p>La mise en r\u00e9seau indispensable des structures \u00e0 travers une exposition th\u00e9matique forte estivale permet de raviver l\u2019int\u00e9r\u00eat et la visibilit\u00e9 de celles-ci. C\u2019est pourquoi des activit\u00e9s ont \u00e9t\u00e9 pens\u00e9es, \u00e0 la fois d\u2019ordre scientifique, ludique et adapt\u00e9es aux diff\u00e9rents publics, mais aussi transversales sur les divers lieux.<\/p>\n<p><strong>Vernissage du 13 juin :<\/strong>\u00a0Participation exceptionnelle du d\u00e9partement danse du Conservatoire TPM.<\/p>\n<p><strong>Visites flash de l\u2019exposition :<\/strong>\u00a0Les m\u00e9diateur.rices de l\u2019exposition proposent des visites th\u00e9matiques de l\u2019exposition au fil de l\u2019\u00e9t\u00e9. Dur\u00e9e : 30 minutes environ.<\/p>\n<p><strong>Visites photographiques : un parcours street-art :<\/strong>\u00a0Depuis la Maison de la Photographie, parcourrez les rues de Toulon et d\u00e9couvrez son histoire au fil des d\u00e9cors muraux. Dur\u00e9e : 1 heure environ.<\/p>\n<p><strong>Ateliers enfants :<\/strong>\u00a0Des Ateliers KIDS sont pens\u00e9s selon diff\u00e9rentes tranches d\u2019\u00e2ges pendant lesquels les m\u00e9diateur.rices proposent des activit\u00e9s autour des diff\u00e9rentes techniques de l\u2019art urbain : pochoirs, mat\u00e9riaux de r\u00e9cup\u00e9ration, d\u00e9tournements\u2026 Dur\u00e9e : 1 heure environ.<\/p>\n<p><strong>Ateliers ados-adultes :<\/strong>\u00a0Avec l\u2019intervention d\u2019artistes, des ateliers sont propos\u00e9s pour d\u00e9couvrir les diff\u00e9rentes facettes de l\u2019art urbain (s\u00e9rigraphie, c\u00e9ramique, peinture \u00e0 la bombe\u2026). Dur\u00e9e : 1 heure environ.<\/p>\n<p><strong>Conf\u00e9rences :<\/strong>\u00a0Au sein de l\u2019auditorium de la M\u00e9diath\u00e8que Chalucet, conf\u00e9rences autour du street art. Pr\u00e9sentation de l\u2019exposition par la commissaire de l\u2019exposition Patrizia Cattaneo Moresi, jeudi 12 juin, en amont du vernissage.<\/p>\n<p><strong>Restez connect\u00e9s \u00e0 l\u2019actualit\u00e9 du M- sur\u00a0<a href=\"https:\/\/www.facebook.com\/Mus%C3%A9eToulon\" target=\"_blank\" rel=\"noopener nofollow\" data-saferedirecturl=\"https:\/\/www.google.com\/url?q=https:\/\/www.facebook.com\/Mus%C3%A9eToulon&amp;source=gmail&amp;ust=1755766961188000&amp;usg=AOvVaw0SwR1Q0a_DuUicC5MdyQ4_\">Facebook<\/a>\u00a0|\u00a0<a href=\"https:\/\/www.instagram.com\/Mus%C3%A9eToulon\" target=\"_blank\" rel=\"noopener nofollow\" data-saferedirecturl=\"https:\/\/www.google.com\/url?q=https:\/\/www.instagram.com\/Mus%C3%A9eToulon&amp;source=gmail&amp;ust=1755766961188000&amp;usg=AOvVaw04ZvhYtzsA134i0e_di3tQ\">Instagram<\/a>\u00a0pour d\u00e9couvrir l\u2019agenda des \u00e9v\u00e9nements.<\/strong><\/p>\n<p><strong>Source : Au mus\u00e9e d\u2019Art, exposition Banksy.<\/strong><\/p>\n<p><script async src=\"\/\/www.instagram.com\/embed.js\"><\/script><\/p>\n","protected":false},"excerpt":{"rendered":"En simultan\u00e9 de l\u2019exposition BANKSY : une (R)\u00e9volution, une programmation riche et vari\u00e9e, s\u2019adressant \u00e0 tous les publics,&hellip;\n","protected":false},"author":2,"featured_media":331423,"comment_status":"","ping_status":"","sticky":false,"template":"","format":"standard","meta":{"footnotes":""},"categories":[9619],"tags":[1111,11,1777,674,1011,27,12,882,25,2310],"class_list":{"0":"post-335221","1":"post","2":"type-post","3":"status-publish","4":"format-standard","5":"has-post-thumbnail","7":"category-toulon","8":"tag-actu","9":"tag-actualites","10":"tag-eu","11":"tag-europe","12":"tag-fr","13":"tag-france","14":"tag-news","15":"tag-provence-alpes-cote-dazur","16":"tag-republique-francaise","17":"tag-toulon"},"share_on_mastodon":{"url":"https:\/\/pubeurope.com\/@fr\/115069979420155171","error":""},"_links":{"self":[{"href":"https:\/\/www.europesays.com\/fr\/wp-json\/wp\/v2\/posts\/335221","targetHints":{"allow":["GET"]}}],"collection":[{"href":"https:\/\/www.europesays.com\/fr\/wp-json\/wp\/v2\/posts"}],"about":[{"href":"https:\/\/www.europesays.com\/fr\/wp-json\/wp\/v2\/types\/post"}],"author":[{"embeddable":true,"href":"https:\/\/www.europesays.com\/fr\/wp-json\/wp\/v2\/users\/2"}],"replies":[{"embeddable":true,"href":"https:\/\/www.europesays.com\/fr\/wp-json\/wp\/v2\/comments?post=335221"}],"version-history":[{"count":0,"href":"https:\/\/www.europesays.com\/fr\/wp-json\/wp\/v2\/posts\/335221\/revisions"}],"wp:featuredmedia":[{"embeddable":true,"href":"https:\/\/www.europesays.com\/fr\/wp-json\/wp\/v2\/media\/331423"}],"wp:attachment":[{"href":"https:\/\/www.europesays.com\/fr\/wp-json\/wp\/v2\/media?parent=335221"}],"wp:term":[{"taxonomy":"category","embeddable":true,"href":"https:\/\/www.europesays.com\/fr\/wp-json\/wp\/v2\/categories?post=335221"},{"taxonomy":"post_tag","embeddable":true,"href":"https:\/\/www.europesays.com\/fr\/wp-json\/wp\/v2\/tags?post=335221"}],"curies":[{"name":"wp","href":"https:\/\/api.w.org\/{rel}","templated":true}]}}