{"id":335222,"date":"2025-08-22T02:10:03","date_gmt":"2025-08-22T02:10:03","guid":{"rendered":"https:\/\/www.europesays.com\/fr\/335222\/"},"modified":"2025-08-22T02:10:03","modified_gmt":"2025-08-22T02:10:03","slug":"toulon-celebre-la-50e-braderie-du-centre-ville-avec-trois-jours-danimations-et-de-bonnes-affaires","status":"publish","type":"post","link":"https:\/\/www.europesays.com\/fr\/335222\/","title":{"rendered":"Toulon c\u00e9l\u00e8bre la 50e Braderie du centre-ville avec trois jours d\u2019animations et de bonnes affaires"},"content":{"rendered":"<p>Toulon c\u00e9l\u00e8bre les 50 ans de sa braderie estivale avec trois jours de f\u00eate, de bons plans et d\u2019animations au c\u0153ur du centre-ville.<\/p>\n<p><img fetchpriority=\"high\" decoding=\"async\" width=\"526\" height=\"526\" alt=\"Braderie Toulon 2025 centre-ville animations commer\u00e7ants\" title=\"affiche ville de toulon\" src=\"https:\/\/www.europesays.com\/fr\/wp-content\/uploads\/2025\/08\/affiche-ville-de-toulon.webp.webp\" class=\"img-responsive wp-image-73922\"\/><\/p>\n<p>Braderie Toulon 2025 centre-ville- CREDIT : affiche ville de Toulon<\/p>\n<p data-start=\"104\" data-end=\"213\"><strong data-start=\"104\" data-end=\"213\">Du 21 au 23 ao\u00fbt, le c\u0153ur historique de Toulon accueillera l\u2019\u00e9dition anniversaire de sa braderie estivale<\/strong><\/p>\n<p data-start=\"215\" data-end=\"518\">La Braderie du centre-ville de Toulon revient du jeudi 21 au samedi 23 ao\u00fbt 2025 \u2026<\/p>\n<p>Lire la suite dans l\u2019article <a href=\"https:\/\/www.varactu.fr\/toulon-celebre-la-50e-braderie-du-centre-ville-avec-trois-jours-danimations-et-de-bonnes-affaires\/\" rel=\"nofollow noopener\" target=\"_blank\">Toulon c\u00e9l\u00e8bre la 50e Braderie du centre-ville avec trois jours d\u2019animations et de bonnes affaires<\/a> qui est apparu en premier sur <a href=\"https:\/\/www.varactu.fr\" rel=\"nofollow noopener\" target=\"_blank\">Var Actu<\/a>.<\/p>\n","protected":false},"excerpt":{"rendered":"Toulon c\u00e9l\u00e8bre les 50 ans de sa braderie estivale avec trois jours de f\u00eate, de bons plans et&hellip;\n","protected":false},"author":2,"featured_media":335223,"comment_status":"","ping_status":"","sticky":false,"template":"","format":"standard","meta":{"footnotes":""},"categories":[9619],"tags":[1111,11,1777,674,1011,27,12,882,25,2310],"class_list":{"0":"post-335222","1":"post","2":"type-post","3":"status-publish","4":"format-standard","5":"has-post-thumbnail","7":"category-toulon","8":"tag-actu","9":"tag-actualites","10":"tag-eu","11":"tag-europe","12":"tag-fr","13":"tag-france","14":"tag-news","15":"tag-provence-alpes-cote-dazur","16":"tag-republique-francaise","17":"tag-toulon"},"share_on_mastodon":{"url":"https:\/\/pubeurope.com\/@fr\/115069991630896355","error":""},"_links":{"self":[{"href":"https:\/\/www.europesays.com\/fr\/wp-json\/wp\/v2\/posts\/335222","targetHints":{"allow":["GET"]}}],"collection":[{"href":"https:\/\/www.europesays.com\/fr\/wp-json\/wp\/v2\/posts"}],"about":[{"href":"https:\/\/www.europesays.com\/fr\/wp-json\/wp\/v2\/types\/post"}],"author":[{"embeddable":true,"href":"https:\/\/www.europesays.com\/fr\/wp-json\/wp\/v2\/users\/2"}],"replies":[{"embeddable":true,"href":"https:\/\/www.europesays.com\/fr\/wp-json\/wp\/v2\/comments?post=335222"}],"version-history":[{"count":0,"href":"https:\/\/www.europesays.com\/fr\/wp-json\/wp\/v2\/posts\/335222\/revisions"}],"wp:featuredmedia":[{"embeddable":true,"href":"https:\/\/www.europesays.com\/fr\/wp-json\/wp\/v2\/media\/335223"}],"wp:attachment":[{"href":"https:\/\/www.europesays.com\/fr\/wp-json\/wp\/v2\/media?parent=335222"}],"wp:term":[{"taxonomy":"category","embeddable":true,"href":"https:\/\/www.europesays.com\/fr\/wp-json\/wp\/v2\/categories?post=335222"},{"taxonomy":"post_tag","embeddable":true,"href":"https:\/\/www.europesays.com\/fr\/wp-json\/wp\/v2\/tags?post=335222"}],"curies":[{"name":"wp","href":"https:\/\/api.w.org\/{rel}","templated":true}]}}