{"id":335224,"date":"2025-08-22T02:14:52","date_gmt":"2025-08-22T02:14:52","guid":{"rendered":"https:\/\/www.europesays.com\/fr\/335224\/"},"modified":"2025-08-22T02:14:52","modified_gmt":"2025-08-22T02:14:52","slug":"le-cri-de-nicollin-ca-fait-bizarre-pour-camara","status":"publish","type":"post","link":"https:\/\/www.europesays.com\/fr\/335224\/","title":{"rendered":"Le cri de Nicollin, \u00ab \u00e7a fait bizarre \u00bb pour Camara"},"content":{"rendered":"<p class=\"date\">\n                                                            Fabien Le Floc&rsquo;h, Media365 : publi\u00e9 le jeudi 21 ao\u00fbt 2025 \u00e0 15h52\n                                                    <\/p>\n<p>Apr\u00e8s de bons d\u00e9buts cette saison en Ligue 2, l&rsquo;ambiance semble plus d\u00e9tendue du c\u00f4t\u00e9 du MHSC.<\/p>\n<p>Apr\u00e8s l&rsquo;une des pires saisons de son histoire en Ligue 1, le MHSC est reparti de z\u00e9ro, ou presque, durant l&rsquo;intersaison. <a href=\"https:\/\/sports.orange.fr\/football\/ligue-1\/article\/droits-tv-l-inquietant-montant-que-devront-se-partager-les-clubs-de-ligue-1-CNT000002kgnYj.html\" rel=\"nofollow noopener\" target=\"_blank\">Forc\u00e9 de baisser son train de vie comme de nombreux clubs fran\u00e7ais<\/a>, Montpellier s&rsquo;attache \u00e0 retrouver ses valeurs qui ont si souvent manqu\u00e9 la saison derni\u00e8re, au cours de laquelle le club h\u00e9raultais a termin\u00e9 \u00e0 la 18e et derni\u00e8re place de L1 en marquant seulement 16 points. Apr\u00e8s plusieurs saisons pass\u00e9es \u00e0 la t\u00eate de la r\u00e9serve du Paris Saint-Germain, Zoumana Camara a choisi de rester sur le banc cet apr\u00e8s sa nomination au mois d&rsquo;avril. L&rsquo;ancien international fran\u00e7ais (1 s\u00e9lection) a lanc\u00e9 la reconstruction montpelli\u00e9raine en s&rsquo;appuyant sur un groupe jeune qui lui a donn\u00e9 satisfaction lors des deux premi\u00e8res journ\u00e9es de Ligue 2.<\/p>\n<p>Un succ\u00e8s peut-\u00eatre fondateur<\/p>\n<p>Apr\u00e8s un match nul inaugural contre le Red Star \u00e0 la Mosson (1-1), Montpellier est all\u00e9 chercher son premier succ\u00e8s de la saison et de l&rsquo;\u00e8re Camara le week-end dernier <a href=\"https:\/\/sports.orange.fr\/football\/ligue-2\/debrief\/ligue-2-j2-montpellier-arrache-sa-victoire-dans-un-scenario-fou-au-mans-CNT000002keP4K.html\" rel=\"nofollow noopener\" target=\"_blank\">sur la pelouse d&rsquo;un promu, Le Mans (1-2)<\/a>. Un succ\u00e8s qui a fait du bien \u00e0 tout un club, des joueurs au pr\u00e9sident Laurent Nicollin, qui a m\u00eame surpris son nouveau coach. \u00ab Retrouver le go\u00fbt de la victoire, c&rsquo;est toujours agr\u00e9able. Moi, c&rsquo;est la premi\u00e8re fois que j&rsquo;entendais le cri du pr\u00e9sident, je ne le connaissais pas, a-t-il avou\u00e9 dans un sourire en conf\u00e9rence de presse, dans des propos recueillis par Midi-Libre. Donc \u00e7a fait bizarre ! \u00bb<\/p>\n<p>Cette victoire, acquise au bout du temps additionnel gr\u00e2ce \u00e0 un but de Junior Ndiaye (90e+9, ndlr), peut v\u00e9ritablement lancer la saison du club h\u00e9raultais. \u00c0 l&rsquo;occasion de la 3e journ\u00e9e de Ligue 2, Montpellier encha\u00eene un deuxi\u00e8me d\u00e9placement cons\u00e9cutif, cette fois \u00e0 Troyes (samedi 23 ao\u00fbt \u00e0 14 heures). L&rsquo;occasion de confirmer le succ\u00e8s glan\u00e9 au Mans et de passer un vrai premier test dans ce d\u00e9but de championnat o\u00f9 toutes les \u00e9quipes se jaugent encore.<\/p>\n","protected":false},"excerpt":{"rendered":"Fabien Le Floc&rsquo;h, Media365 : publi\u00e9 le jeudi 21 ao\u00fbt 2025 \u00e0 15h52 Apr\u00e8s de bons d\u00e9buts cette&hellip;\n","protected":false},"author":2,"featured_media":335225,"comment_status":"","ping_status":"","sticky":false,"template":"","format":"standard","meta":{"footnotes":""},"categories":[9599],"tags":[1111,11,1777,674,1011,27,2208,12,2680,25],"class_list":{"0":"post-335224","1":"post","2":"type-post","3":"status-publish","4":"format-standard","5":"has-post-thumbnail","7":"category-montpellier","8":"tag-actu","9":"tag-actualites","10":"tag-eu","11":"tag-europe","12":"tag-fr","13":"tag-france","14":"tag-montpellier","15":"tag-news","16":"tag-occitanie","17":"tag-republique-francaise"},"share_on_mastodon":{"url":"https:\/\/pubeurope.com\/@fr\/115070010858963346","error":""},"_links":{"self":[{"href":"https:\/\/www.europesays.com\/fr\/wp-json\/wp\/v2\/posts\/335224","targetHints":{"allow":["GET"]}}],"collection":[{"href":"https:\/\/www.europesays.com\/fr\/wp-json\/wp\/v2\/posts"}],"about":[{"href":"https:\/\/www.europesays.com\/fr\/wp-json\/wp\/v2\/types\/post"}],"author":[{"embeddable":true,"href":"https:\/\/www.europesays.com\/fr\/wp-json\/wp\/v2\/users\/2"}],"replies":[{"embeddable":true,"href":"https:\/\/www.europesays.com\/fr\/wp-json\/wp\/v2\/comments?post=335224"}],"version-history":[{"count":0,"href":"https:\/\/www.europesays.com\/fr\/wp-json\/wp\/v2\/posts\/335224\/revisions"}],"wp:featuredmedia":[{"embeddable":true,"href":"https:\/\/www.europesays.com\/fr\/wp-json\/wp\/v2\/media\/335225"}],"wp:attachment":[{"href":"https:\/\/www.europesays.com\/fr\/wp-json\/wp\/v2\/media?parent=335224"}],"wp:term":[{"taxonomy":"category","embeddable":true,"href":"https:\/\/www.europesays.com\/fr\/wp-json\/wp\/v2\/categories?post=335224"},{"taxonomy":"post_tag","embeddable":true,"href":"https:\/\/www.europesays.com\/fr\/wp-json\/wp\/v2\/tags?post=335224"}],"curies":[{"name":"wp","href":"https:\/\/api.w.org\/{rel}","templated":true}]}}