{"id":335230,"date":"2025-08-22T02:29:51","date_gmt":"2025-08-22T02:29:51","guid":{"rendered":"https:\/\/www.europesays.com\/fr\/335230\/"},"modified":"2025-08-22T02:29:51","modified_gmt":"2025-08-22T02:29:51","slug":"le-village-meteor-a-la-foire-europeenne-de-strasbourg","status":"publish","type":"post","link":"https:\/\/www.europesays.com\/fr\/335230\/","title":{"rendered":"Le village Meteor \u00e0 la Foire Europ\u00e9enne de Strasbourg"},"content":{"rendered":"<p class=\"fw-bold font-size-16 my-1\"> Du 05\/09\/2025 au 14\/09\/2025<\/p>\n<p class=\"fw-bold font-size-16 my-1\"> <a class=\"mr-2\" href=\"https:\/\/www.jds.fr\/strasbourg\/parc-expo\/parc-des-expositions-4589_L\" rel=\"nofollow noopener\" target=\"_blank\">Parc des Expositions du Wacken<\/a> | <a href=\"https:\/\/www.jds.fr\/strasbourg\/\" rel=\"nofollow noopener\" target=\"_blank\">Strasbourg<\/a><\/p>\n<p class=\"fw-bold font-size-16 my-1\"> Entr\u00e9e Foire Europ\u00e9enne : 5\u20ac  | Gratuite tous les jours \u00e0 partir de 18h et le dimanche 14 septembre d\u00e8s 16h <\/p>\n<p class=\"intro\">Du 5 au 14 septembre 2025, le Village Meteor fait son grand retour \u00e0 la Foire Europ\u00e9enne de Strasbourg. Situ\u00e9 devant le Parc Expo, au stand RA12, cet espace unique m\u00e9lange brasserie, biergarten en plein air et animations vari\u00e9es pour offrir aux visiteurs une exp\u00e9rience conviviale et gourmande.<\/p>\n<p><a data-lightbox=\"article\" data-title=\"Le Village Meteor s&#039;installe \u00e0 la Foire Europ&#039; DR\" class=\"image detail\" href=\"https:\/\/www.jds.fr\/medias\/image\/le-village-meteor-a-la-foire-europeenne-de-strasbo-698259-1200-0-F.webp\" title=\"Le Village Meteor s&#039;installe \u00e0 la Foire Europ&#039; DR\" rel=\"nofollow noopener\" target=\"_blank\"><br \/>\n<img decoding=\"async\" loading=\"lazy\" src=\"https:\/\/www.europesays.com\/fr\/wp-content\/uploads\/2025\/08\/le-village-meteor-a-la-foire-europeenne-de-strasbo-698259-1200-0.webp.webp\"   width=\"300\" alt=\"Le Village Meteor s'installe \u00e0 la Foire Europ'\" class=\"shortcode_image border\"\/><br \/>\n\u00a9 DR<br \/>\nLe Village Meteor s&rsquo;installe \u00e0 la Foire Europ&rsquo;<br \/>\n<\/a>\n<\/p>\n<p>Le Village Meteor\u00a0: le rendez-vous pour les amateurs de bi\u00e8re<\/p>\n<p>Le Meteor Strasbourg n\u2019est pas une brasserie comme les autres. C\u2019est un v\u00e9ritable lieu de vie o\u00f9 la bi\u00e8re coule \u00e0 flots et o\u00f9 l\u2019ambiance est toujours au rendez-vous. \u00c0 l\u2019occasion de la Foire Europ\u00e9enne, le village Meteor s&rsquo;invite \u00e0 la f\u00eate\u00a0! La maison alsacienne propose un large choix de bi\u00e8res Meteor, dont certains brassins exclusifs sp\u00e9cialement s\u00e9lectionn\u00e9s pour l\u2019\u00e9v\u00e9nement.<\/p>\n<p>Le stand RA12 du Village Meteor se divise en deux espaces compl\u00e9mentaires\u00a0:<\/p>\n<ul>&#13;<\/p>\n<li><strong>La Brasserie Meteor\u00a0:<\/strong> sous la grande b\u00e2che, les visiteurs peuvent d\u00e9guster les grands classiques de la cuisine alsacienne \u2013 choucroute, jarret, coquelet \u2013 mais aussi des petites assiettes pour grignoter. Des animations sp\u00e9ciales y sont organis\u00e9es tout au long de la Foire.<\/li>\n<p>&#13;<\/p>\n<li><strong>Le Biergarten<\/strong>\u00a0: en ext\u00e9rieur, transats, bretzels, knacks et tartes flamb\u00e9es accompagnent les bi\u00e8res bien fra\u00eeches. Ambiance d\u00e9tendue garantie entre ap\u00e9ros, DJ sets, fanfares et concerts live.<\/li>\n<p>&#13;\n<\/ul>\n<p>Une programmation festive et vari\u00e9e au Village Meteor<\/p>\n<p><a data-lightbox=\"article\" data-title=\"L&#039;ambiance festive et conviviale du Village Meteor DR\" class=\"image detail fullwidth\" href=\"https:\/\/www.jds.fr\/medias\/image\/le-village-meteor-a-la-foire-europeenne-de-strasbo-1-698260-1200-0-F.webp\" title=\"L&#039;ambiance festive et conviviale du Village Meteor DR\" rel=\"nofollow noopener\" target=\"_blank\"><br \/>\n<img decoding=\"async\" loading=\"lazy\" src=\"https:\/\/www.europesays.com\/fr\/wp-content\/uploads\/2025\/08\/le-village-meteor-a-la-foire-europeenne-de-strasbo-1-698260-1200-0.webp.webp\"   alt=\"L'ambiance festive et conviviale du Village Meteor\" class=\"shortcode_image border\"\/><br \/>\n\u00a9 DR<br \/>\nL&rsquo;ambiance festive et conviviale du Village Meteor<br \/>\n<\/a>\n<\/p>\n<p>Le Village Meteor ne se limite pas \u00e0 la bi\u00e8re et \u00e0 la gastronomie\u00a0: chaque jour, une ambiance diff\u00e9rente est propos\u00e9e. Au programme\u00a0: soir\u00e9es stand-up, concerts live et fanfare, DJ sets et saxophone live, d\u00eener spectacle et show burlesque.<\/p>\n<p>De quoi transformer chaque passage en un moment unique, que vous veniez en famille, entre amis ou pour un afterwork\u00a0!<\/p>\n<p><a data-lightbox=\"article\" data-title=\"Profitez du Village Meteor DR\" class=\"image detail\" href=\"https:\/\/www.jds.fr\/medias\/image\/le-village-meteor-a-la-foire-europeenne-de-strasbo-3-698262-1200-0-F.webp\" title=\"Profitez du Village Meteor DR\" rel=\"nofollow noopener\" target=\"_blank\"><br \/>\n<img decoding=\"async\" loading=\"lazy\" src=\"https:\/\/www.europesays.com\/fr\/wp-content\/uploads\/2025\/08\/le-village-meteor-a-la-foire-europeenne-de-strasbo-3-698262-1200-0.webp.webp\"   width=\"300\" alt=\"Profitez du Village Meteor\" class=\"shortcode_image border\"\/><br \/>\n\u00a9 DR<br \/>\nProfitez du Village Meteor<br \/>\n<\/a>\n<\/p>\n<p>Les soir\u00e9es propos\u00e9es au Village Meteor cette ann\u00e9e\u00a0:\u00a0<\/p>\n<ul>&#13;<\/p>\n<li>Vendredi 5 septembre 2025\u00a0:<strong> Funky Mannalas<\/strong> (19h-22h, Entr\u00e9e libre)<\/li>\n<p>&#13;<\/p>\n<li>Samedi 6 septembre 2025\u00a0: <strong>Fracture Frequency<\/strong> (19h-22h, Entr\u00e9e libre)<\/li>\n<p>&#13;<\/p>\n<li>Mardi 9 septembre 2025\u00a0: <a href=\"https:\/\/www.jds.fr\/strasbourg\/spectacles\/diner-spectacle\/diner-spectacle-avec-catoch-au-village-meteor-1132876_A\" rel=\"nofollow noopener\" target=\"_blank\"><strong>D\u00eener spectacle avec Catoch&rsquo;<\/strong><\/a> (19h-22h, 39\u20ac sur r\u00e9servation)<\/li>\n<p>&#13;<\/p>\n<li>Mercredi 10 septembre 2025\u00a0: <a href=\"https:\/\/www.jds.fr\/strasbourg\/soirees\/soiree-accords-mets-et-bieres-1132884_A\" rel=\"nofollow noopener\" target=\"_blank\"><strong>D\u00eener spectacle\u00a0Accords Mets &amp; Bi\u00e8res<\/strong><\/a> (19h-22h, 39\u20ac sur r\u00e9servation)<\/li>\n<p>&#13;<\/p>\n<li>Jeudi 11 septembre 2025\u00a0:\u00a0&#13;<br \/>\n&#13;\n<\/li>\n<p>&#13;<\/p>\n<li>Vendredi 12 septembre 2025\u00a0:\u00a0&#13;<br \/>\n&#13;\n<\/li>\n<p>&#13;<\/p>\n<li>Samedi 13 septembre 2025\u00a0:\u00a0&#13;<br \/>\n&#13;\n<\/li>\n<p>&#13;\n<\/ul>\n<p class=\"mise_en_avant\">O\u00f9 trouver le Village Meteor \u00e0 <a href=\"https:\/\/www.jds.fr\/strasbourg\/foires-et-salons\/foires\/foire-europenne-strasbourg-109502_A\" rel=\"nofollow noopener\" target=\"_blank\">la Foire Europ\u00e9enne de Strasbourg<\/a> en 2025\u00a0? Rendez-vous sur le stand RA12, devant le Parc Expo<\/p>\n<p>Galerie photos :<\/p>\n<p class=\"font-size-30 fw-bold lh-1 mt-0 mb-4\">Je trouve les meilleures sorties dans ma ville<\/p>\n<p>Les actualit\u00e9s \u00e0  Strasbourg<\/p>\n<ul class=\"mt-3 list-unstyled list-articles-v2\">\n<li class=\"col-12 pt-4\" data-view-id-type=\"1\" data-view-id=\"1131296\" data-view-bc=\"0\"><a class=\"image\" href=\"https:\/\/www.jds.fr\/strasbourg\/magazine\/sorties-du-week-end\/on-fait-quoi-ce-week-end-a-strasbourg-5-idees-du-22-au-24-aout-2025-1131296_A\" rel=\"nofollow noopener\" target=\"_blank\"><img decoding=\"async\" loading=\"lazy\" src=\"https:\/\/www.europesays.com\/fr\/wp-content\/uploads\/2025\/08\/fete-de-la-mirabelle-et-corso-fleuri-a-dorlisheim-1-696940-180-180.webp.webp\" width=\"180\" height=\"180\" alt=\"On fait quoi ce week-end \u00e0 Strasbourg ? 5 id\u00e9es du 22 au 24 ao\u00fbt 2025\" class=\"border\"\/><\/a><\/li>\n<li class=\"col-12 pt-4\" data-view-id-type=\"1\" data-view-id=\"741958\" data-view-bc=\"0\"><a class=\"image\" href=\"https:\/\/www.jds.fr\/strasbourg\/magazine\/actu-magazine\/lunettes-et-style-comment-accessoiriser-vos-tenues-a-strasbourg-741958_A\" rel=\"nofollow noopener\" target=\"_blank\"><img decoding=\"async\" loading=\"lazy\" src=\"https:\/\/www.europesays.com\/fr\/wp-content\/uploads\/2025\/08\/lunettes-et-style-comment-accessoiriser-vos-tenues-484399-180-180.webp.webp\" width=\"180\" height=\"180\" alt=\"Lunettes et style : comment accessoiriser vos tenues \u00e0 Strasbourg ?\" class=\"border\"\/><\/a><\/li>\n<\/ul>\n<p><a href=\"https:\/\/www.jds.fr\/strasbourg\/magazine\/\" class=\"btn btn-outline-primary py-2 px-4\" rel=\"nofollow noopener\" target=\"_blank\">Voir toutes les actualit\u00e9s \u00e0  Strasbourg<\/a><br \/>\n<a class=\"gp_div_clic_event\" data-id=\"3859\" rel=\"nofollow noopener\" href=\"https:\/\/www.jds.fr\/scripts\/gp_div_clic.php?redirection&amp;id=3859&amp;format=18\" target=\"_blank\"><img decoding=\"async\" loading=\"lazy\" src=\"https:\/\/www.europesays.com\/fr\/wp-content\/uploads\/2025\/08\/estivale-rhin-jds-300-x-600-px.jpg\" alt=\"Publicit\u00e9\" border=\"0\" width=\"300\"\/><\/a><\/p>\n<p class=\"mt-0 mb-3 h2\">Newsletter JDS Strasbourg<\/p>\n<p class=\"font-size-18 fw-normal lh-sm\">Pr\u00eat pour un week-end de folie\u00a0? Chaque jeudi tous les bons plans sorties<\/p>\n","protected":false},"excerpt":{"rendered":"Du 05\/09\/2025 au 14\/09\/2025 Parc des Expositions du Wacken | Strasbourg Entr\u00e9e Foire Europ\u00e9enne : 5\u20ac | Gratuite&hellip;\n","protected":false},"author":2,"featured_media":335231,"comment_status":"","ping_status":"","sticky":false,"template":"","format":"standard","meta":{"footnotes":""},"categories":[2820],"tags":[1111,11,1777,674,1011,27,775,12,25,640],"class_list":{"0":"post-335230","1":"post","2":"type-post","3":"status-publish","4":"format-standard","5":"has-post-thumbnail","7":"category-strasbourg","8":"tag-actu","9":"tag-actualites","10":"tag-eu","11":"tag-europe","12":"tag-fr","13":"tag-france","14":"tag-grand-est","15":"tag-news","16":"tag-republique-francaise","17":"tag-strasbourg"},"share_on_mastodon":{"url":"https:\/\/pubeurope.com\/@fr\/115070073510147368","error":""},"_links":{"self":[{"href":"https:\/\/www.europesays.com\/fr\/wp-json\/wp\/v2\/posts\/335230","targetHints":{"allow":["GET"]}}],"collection":[{"href":"https:\/\/www.europesays.com\/fr\/wp-json\/wp\/v2\/posts"}],"about":[{"href":"https:\/\/www.europesays.com\/fr\/wp-json\/wp\/v2\/types\/post"}],"author":[{"embeddable":true,"href":"https:\/\/www.europesays.com\/fr\/wp-json\/wp\/v2\/users\/2"}],"replies":[{"embeddable":true,"href":"https:\/\/www.europesays.com\/fr\/wp-json\/wp\/v2\/comments?post=335230"}],"version-history":[{"count":0,"href":"https:\/\/www.europesays.com\/fr\/wp-json\/wp\/v2\/posts\/335230\/revisions"}],"wp:featuredmedia":[{"embeddable":true,"href":"https:\/\/www.europesays.com\/fr\/wp-json\/wp\/v2\/media\/335231"}],"wp:attachment":[{"href":"https:\/\/www.europesays.com\/fr\/wp-json\/wp\/v2\/media?parent=335230"}],"wp:term":[{"taxonomy":"category","embeddable":true,"href":"https:\/\/www.europesays.com\/fr\/wp-json\/wp\/v2\/categories?post=335230"},{"taxonomy":"post_tag","embeddable":true,"href":"https:\/\/www.europesays.com\/fr\/wp-json\/wp\/v2\/tags?post=335230"}],"curies":[{"name":"wp","href":"https:\/\/api.w.org\/{rel}","templated":true}]}}