{"id":335234,"date":"2025-08-22T02:34:10","date_gmt":"2025-08-22T02:34:10","guid":{"rendered":"https:\/\/www.europesays.com\/fr\/335234\/"},"modified":"2025-08-22T02:34:10","modified_gmt":"2025-08-22T02:34:10","slug":"vous-en-avez-peut-etre-recu-dans-votre-boite-aux-lettres-a-nice-attention-a-ces-prospectus-faussement-estampilles","status":"publish","type":"post","link":"https:\/\/www.europesays.com\/fr\/335234\/","title":{"rendered":"Vous en avez peut-\u00eatre re\u00e7u dans votre boite aux lettres \u00e0 Nice: attention \u00e0 ces prospectus faussement estampill\u00e9s"},"content":{"rendered":"<p>Encore un prospectus gliss\u00e9 dans la bo\u00eete aux lettres. Nous avons l\u2019habitude de voir ces cartons recensant un tas de num\u00e9ros de t\u00e9l\u00e9phone de professionnels, plombiers, \u00e9lectriciens, serruriers, etc., pr\u00eats \u00e0 venir d\u00e9panner en quelques minutes.<\/p>\n<p>Mais ces derniers jours, l\u2019un d\u2019eux est un peu diff\u00e9rent des autres. Il affiche dans le coin sup\u00e9rieur gauche et \u00e0 deux reprises au verso le logo et l\u2019inscription Ville de Nice en rouge. Sauf que la commune n\u2019a rien \u00e0 voir avec cela&#8230;<\/p>\n<p>Le document pr\u00eate clairement \u00e0 confusion. Il est intitul\u00e9 \u00ab\u00a0Informations utiles de votre ville\u00a0\u00bb. Le premier contact indiqu\u00e9 est celui de la mairie. Sauf que c\u2019est un num\u00e9ro commen\u00e7ant par 0800 alors que le standard de l\u2019h\u00f4tel de Ville est un 04. Mieux, pour les infos utiles, il est conseill\u00e9 de composer le 3906 (Allo Mairie), valable sur les 51 communes de la M\u00e9tropole.<\/p>\n<p><strong>\u00ab\u00a0La collectivit\u00e9 se r\u00e9serve le droit de porter plainte\u00a0\u00bb<\/strong><\/p>\n<p>Sollicit\u00e9e, la municipalit\u00e9 clarifie les choses: \u00ab\u00a0Une soci\u00e9t\u00e9 utilise actuellement, de fa\u00e7on inappropri\u00e9e et sans autorisation, le logo de la Ville sur un prospectus publicitaire. La Ville de Nice n\u2019est absolument pas associ\u00e9e \u00e0 cette d\u00e9marche commerciale \u00ab\u00a0douteuse\u00a0\u00bb. La collectivit\u00e9 se r\u00e9serve le droit de porter plainte\u00a0\u00bb.\u00a0<\/p>\n<p>Sur le recto du prospectus sont recens\u00e9s plus d\u2019une douzaine de motifs d\u2019intervention capable d\u2019arriver 24h\/24 et 7 jours\/7 y compris pour une prestation de cuisiniste ou de peinture.<\/p>\n<p>Mais ce sont les m\u00eames deux num\u00e9ros qui reviennent \u00e0 chaque fois. Nous avons contact\u00e9 cette soci\u00e9t\u00e9 comme si nous voulions un d\u00e9pannage.<\/p>\n<p>\u00c0 la question: \u00ab\u00a0Est-ce que votre entreprise est s\u00e9rieuse?\u00a0\u00bb, l\u2019interlocuteur a r\u00e9pliqu\u00e9 en basculant sur une musique d\u2019attente t\u00e9l\u00e9phonique. On ne conna\u00eetra donc pas sa r\u00e9ponse. Ce type de d\u00e9marche n\u2019est pas nouvelle.<\/p>\n<p>D\u00e9but juin, des habitants de l\u2019ouest du d\u00e9partement recevaient des flyers similaires &#8211; sans logo de leur ville &#8211; avec des num\u00e9ros similaires jusqu\u2019\u00e0 la m\u00eame faute de frappe dans la case \u00ab\u00a0r\u00e9novation de l\u2019habitabitat (sic)\u00a0\u00bb.<\/p>\n<p>La seule certitude est donc que la Ville de Nice n\u2019a rien \u00e0 voir avec cela et que le logo n\u2019est pas un gage de confiance&#8230;<\/p>\n","protected":false},"excerpt":{"rendered":"Encore un prospectus gliss\u00e9 dans la bo\u00eete aux lettres. Nous avons l\u2019habitude de voir ces cartons recensant un&hellip;\n","protected":false},"author":2,"featured_media":335235,"comment_status":"","ping_status":"","sticky":false,"template":"","format":"standard","meta":{"footnotes":""},"categories":[2819],"tags":[1111,11,1777,674,1011,27,12,2401,882,25,3366],"class_list":{"0":"post-335234","1":"post","2":"type-post","3":"status-publish","4":"format-standard","5":"has-post-thumbnail","7":"category-nice","8":"tag-actu","9":"tag-actualites","10":"tag-eu","11":"tag-europe","12":"tag-fr","13":"tag-france","14":"tag-news","15":"tag-nice","16":"tag-provence-alpes-cote-dazur","17":"tag-republique-francaise","18":"tag-vie-locale"},"share_on_mastodon":{"url":"https:\/\/pubeurope.com\/@fr\/115070085670661542","error":""},"_links":{"self":[{"href":"https:\/\/www.europesays.com\/fr\/wp-json\/wp\/v2\/posts\/335234","targetHints":{"allow":["GET"]}}],"collection":[{"href":"https:\/\/www.europesays.com\/fr\/wp-json\/wp\/v2\/posts"}],"about":[{"href":"https:\/\/www.europesays.com\/fr\/wp-json\/wp\/v2\/types\/post"}],"author":[{"embeddable":true,"href":"https:\/\/www.europesays.com\/fr\/wp-json\/wp\/v2\/users\/2"}],"replies":[{"embeddable":true,"href":"https:\/\/www.europesays.com\/fr\/wp-json\/wp\/v2\/comments?post=335234"}],"version-history":[{"count":0,"href":"https:\/\/www.europesays.com\/fr\/wp-json\/wp\/v2\/posts\/335234\/revisions"}],"wp:featuredmedia":[{"embeddable":true,"href":"https:\/\/www.europesays.com\/fr\/wp-json\/wp\/v2\/media\/335235"}],"wp:attachment":[{"href":"https:\/\/www.europesays.com\/fr\/wp-json\/wp\/v2\/media?parent=335234"}],"wp:term":[{"taxonomy":"category","embeddable":true,"href":"https:\/\/www.europesays.com\/fr\/wp-json\/wp\/v2\/categories?post=335234"},{"taxonomy":"post_tag","embeddable":true,"href":"https:\/\/www.europesays.com\/fr\/wp-json\/wp\/v2\/tags?post=335234"}],"curies":[{"name":"wp","href":"https:\/\/api.w.org\/{rel}","templated":true}]}}