{"id":335236,"date":"2025-08-22T02:35:20","date_gmt":"2025-08-22T02:35:20","guid":{"rendered":"https:\/\/www.europesays.com\/fr\/335236\/"},"modified":"2025-08-22T02:35:20","modified_gmt":"2025-08-22T02:35:20","slug":"ca-devient-indigne-la-surpopulation-carcerale-atteint-des-records-a-la-prison-de-nice","status":"publish","type":"post","link":"https:\/\/www.europesays.com\/fr\/335236\/","title":{"rendered":"\u00ab\u00a0Ca devient indigne\u00a0\u00bb : la surpopulation carc\u00e9rale atteint des records \u00e0 la prison de Nice"},"content":{"rendered":"<p>Le syndicat UFAP-UNSA Justice d\u00e9nonce dans un tract publi\u00e9 ce mercredi \u00ab\u00a0des conditions ind\u00e9centes\u00a0\u00bb \u00e0 la prison de Nice, tant pour les d\u00e9tenus que pour les agents p\u00e9nitentiaires. <\/p>\n<p>\u00ab\u00a0<strong>La situation n&rsquo;a jamais \u00e9t\u00e9 aussi critique<\/strong> dans notre \u00e9tablissement.\u00a0\u00bb\u00a0<a target=\"_blank\" rel=\"nofollow noopener noreferrer\" class=\"IciLink ici-link IciArticleLink g-ici-body-regular-1 underline brand svelte-lu7k6w\" href=\"https:\/\/www.ufap.fr\/ma-nice-en-surchauffe-asphyxie-du-personnel-indifference-des-autorites\/?fbclid=IwY2xjawMUMbJleHRuA2FlbQIxMQABHjg_j8s4NgtJwMLa0Nog-18xsNAO2JRMSaUt2yj7oC_oM4eMV1qMwc6ef4Zi_aem_TxaXa8O872TdgExzrGoaFw\">Dans un\u00a0tract\u00a0de deux pages<\/a>, l&rsquo;UFAP UNSA Justice alerte une nouvelle fois ce mercredi sur les conditions de d\u00e9tention et sur les conditions de travail des agents p\u00e9nitentiaires \u00e0 la maison d&rsquo;arr\u00eat de Nice. \u00ab\u00a0La surpopulation atteint des sommets, on est \u00e0 Nice \u00e0 645 d\u00e9tenus alors qu&rsquo;on a 360 places sur le papier\u00a0\u00bb, explique\u00a0Nordine Souab, d\u00e9l\u00e9gu\u00e9 UFAP UNSA Justice dans les Alpes-Maritimes.<\/p>\n<p>Trois \u00e0 quatre d\u00e9tenus dans une cellule de 9m2<\/p>\n<p>Nordine Souab d\u00e9crit des conditions \u00ab\u00a0ind\u00e9centes\u00a0\u00bb : des d\u00e9tenus entass\u00e9s \u00e0 trois ou quatre dans des cellules de 9 m2, sans eau chaude, avec parfois des matelas par terre. \u00ab\u00a0Non seulement c&rsquo;est inhumain comme condition pour les d\u00e9tenus, mais pour les agents p\u00e9nitentiaires \u00e7a ajoute aussi un stress, une pression, des conditions de travail tr\u00e8s compliqu\u00e9es.\u00a0\u00bb<\/p>\n<p>loading<\/p>\n<p>\u00ab\u00a0Je n&rsquo;ai jamais vu \u00e7a en 25 ans\u00a0\u00bb<\/p>\n<p>Le tract liste les plus grosses probl\u00e9matiques\u00a0: \u00ab\u00a0des agents \u00e0 bout\u00a0\u00bb, \u00ab\u00a030% d&rsquo;effectif manquant chez les officiers\u00a0\u00bb, \u00ab\u00a0une surpopulation f\u00e9minine qui est une vraie poudri\u00e8re avec quatre d\u00e9tenues par cellule\u00a0\u00bb, ou encore \u00ab\u00a0une prison v\u00e9tuste et inadapt\u00e9e, sans investissement \u00e0 la hauteur alors que l&rsquo;\u00e9tablissement a \u00e9t\u00e9 construit au XIXe si\u00e8cle\u00a0\u00bb.<\/p>\n<p>\u00ab\u00a0La maison d&rsquo;arr\u00eat de Nice est v\u00e9tuste et d\u00e9labr\u00e9e, elle n\u00e9cessite des investissements cons\u00e9quents\u00a0\u00bb, insiste\u00a0Nordine Souab. \u00ab\u00a0Une mise aux normes de la structure doit \u00eatre une priorit\u00e9\u00a0: fen\u00eatres inadapt\u00e9es, absence d&rsquo;eau chaude et de douche dans certaines cellules. De telles am\u00e9liorations permettraient non seulement de mieux prendre en charge les d\u00e9tenus mais aussi de s\u00e9curiser les conditions de travail du personnel.\u00a0\u00bb<\/p>\n<p>loading<\/p>\n<p>\u00c0 lire aussi   <img decoding=\"async\" src=\"https:\/\/www.europesays.com\/fr\/wp-content\/uploads\/2025\/08\/1755830120_120_560x315\" alt=\"Le d\u00e9put\u00e9 Eric Ciotti visite la maison d'arr\u00eat de Nice\" style=\"--_image-preview:url('data:image\/jpeg;base64,\/9j\/2wBDACgcHiMeGSgjISMtKygwPGRBPDc3PHtYXUlkkYCZlo+AjIqgtObDoKrarYqMyP\/L2u71\/\/\/\/m8H\/\/\/\/6\/+b9\/\/j\/2wBDASstLTw1PHZBQXb4pYyl+Pj4+Pj4+Pj4+Pj4+Pj4+Pj4+Pj4+Pj4+Pj4+Pj4+Pj4+Pj4+Pj4+Pj4+Pj4+Pj4+Pj\/wAARCAAXACoDASIAAhEBAxEB\/8QAGAAAAwEBAAAAAAAAAAAAAAAAAAIDAQT\/xAAYEAEBAQEBAAAAAAAAAAAAAAAAAgESEf\/EABUBAQEAAAAAAAAAAAAAAAAAAAAB\/8QAFBEBAAAAAAAAAAAAAAAAAAAAAP\/aAAwDAQACEQMRAD8A7K1KqbdI1SBum5qPR50FcaXNMip3SNaABfVJABSTgA\/\/2Q==');\" loading=\"lazy\" fetchpriority=\"low\" aria-hidden=\"true\" class=\"svelte-1pnmlwx rounded\" onload=\"this.__e=event\" onerror=\"this.__e=event\"\/><\/p>\n","protected":false},"excerpt":{"rendered":"Le syndicat UFAP-UNSA Justice d\u00e9nonce dans un tract publi\u00e9 ce mercredi \u00ab\u00a0des conditions ind\u00e9centes\u00a0\u00bb \u00e0 la prison de&hellip;\n","protected":false},"author":2,"featured_media":335237,"comment_status":"","ping_status":"","sticky":false,"template":"","format":"standard","meta":{"footnotes":""},"categories":[2819],"tags":[1111,11,1777,674,1011,27,12,2401,882,25],"class_list":{"0":"post-335236","1":"post","2":"type-post","3":"status-publish","4":"format-standard","5":"has-post-thumbnail","7":"category-nice","8":"tag-actu","9":"tag-actualites","10":"tag-eu","11":"tag-europe","12":"tag-fr","13":"tag-france","14":"tag-news","15":"tag-nice","16":"tag-provence-alpes-cote-dazur","17":"tag-republique-francaise"},"share_on_mastodon":{"url":"https:\/\/pubeurope.com\/@fr\/115070090017374591","error":""},"_links":{"self":[{"href":"https:\/\/www.europesays.com\/fr\/wp-json\/wp\/v2\/posts\/335236","targetHints":{"allow":["GET"]}}],"collection":[{"href":"https:\/\/www.europesays.com\/fr\/wp-json\/wp\/v2\/posts"}],"about":[{"href":"https:\/\/www.europesays.com\/fr\/wp-json\/wp\/v2\/types\/post"}],"author":[{"embeddable":true,"href":"https:\/\/www.europesays.com\/fr\/wp-json\/wp\/v2\/users\/2"}],"replies":[{"embeddable":true,"href":"https:\/\/www.europesays.com\/fr\/wp-json\/wp\/v2\/comments?post=335236"}],"version-history":[{"count":0,"href":"https:\/\/www.europesays.com\/fr\/wp-json\/wp\/v2\/posts\/335236\/revisions"}],"wp:featuredmedia":[{"embeddable":true,"href":"https:\/\/www.europesays.com\/fr\/wp-json\/wp\/v2\/media\/335237"}],"wp:attachment":[{"href":"https:\/\/www.europesays.com\/fr\/wp-json\/wp\/v2\/media?parent=335236"}],"wp:term":[{"taxonomy":"category","embeddable":true,"href":"https:\/\/www.europesays.com\/fr\/wp-json\/wp\/v2\/categories?post=335236"},{"taxonomy":"post_tag","embeddable":true,"href":"https:\/\/www.europesays.com\/fr\/wp-json\/wp\/v2\/tags?post=335236"}],"curies":[{"name":"wp","href":"https:\/\/api.w.org\/{rel}","templated":true}]}}