{"id":335242,"date":"2025-08-22T02:42:19","date_gmt":"2025-08-22T02:42:19","guid":{"rendered":"https:\/\/www.europesays.com\/fr\/335242\/"},"modified":"2025-08-22T02:42:19","modified_gmt":"2025-08-22T02:42:19","slug":"la-meteo-a-bordeaux-du-vendredi-22-aout-2025","status":"publish","type":"post","link":"https:\/\/www.europesays.com\/fr\/335242\/","title":{"rendered":"La m\u00e9t\u00e9o \u00e0 Bordeaux du vendredi 22 ao\u00fbt 2025"},"content":{"rendered":"<p><strong>Pr\u00e9visions M\u00e9t\u00e9o \u00e0 Bordeaux demain<\/strong><\/p>\n<p>Demain, le soleil sera au rendez-vous. Les temp\u00e9ratures ext\u00e9rieures oscilleront entre 14\u00b0C et 31\u00b0C. On sentira une brise de 7 km\/h. Le matin, le climat approchera les 22\u00b0C. Demain apr\u00e8s-midi, les valeurs seront de 31\u00b0C, soit au-dessus des normales saisonni\u00e8res. Demain soir, le mercure sera autour de 24\u00b0C.<\/p>\n<p><strong>M\u00e9t\u00e9o \u00e0 Bordeaux pour les prochains jours<\/strong><\/p>\n","protected":false},"excerpt":{"rendered":"Pr\u00e9visions M\u00e9t\u00e9o \u00e0 Bordeaux demain Demain, le soleil sera au rendez-vous. Les temp\u00e9ratures ext\u00e9rieures oscilleront entre 14\u00b0C et&hellip;\n","protected":false},"author":2,"featured_media":335243,"comment_status":"","ping_status":"","sticky":false,"template":"","format":"standard","meta":{"footnotes":""},"categories":[2817],"tags":[1111,11,1997,1777,674,1011,27,12,2219,25],"class_list":{"0":"post-335242","1":"post","2":"type-post","3":"status-publish","4":"format-standard","5":"has-post-thumbnail","7":"category-bordeaux","8":"tag-actu","9":"tag-actualites","10":"tag-bordeaux","11":"tag-eu","12":"tag-europe","13":"tag-fr","14":"tag-france","15":"tag-news","16":"tag-nouvelle-aquitaine","17":"tag-republique-francaise"},"share_on_mastodon":{"url":"https:\/\/pubeurope.com\/@fr\/115070116952192284","error":""},"_links":{"self":[{"href":"https:\/\/www.europesays.com\/fr\/wp-json\/wp\/v2\/posts\/335242","targetHints":{"allow":["GET"]}}],"collection":[{"href":"https:\/\/www.europesays.com\/fr\/wp-json\/wp\/v2\/posts"}],"about":[{"href":"https:\/\/www.europesays.com\/fr\/wp-json\/wp\/v2\/types\/post"}],"author":[{"embeddable":true,"href":"https:\/\/www.europesays.com\/fr\/wp-json\/wp\/v2\/users\/2"}],"replies":[{"embeddable":true,"href":"https:\/\/www.europesays.com\/fr\/wp-json\/wp\/v2\/comments?post=335242"}],"version-history":[{"count":0,"href":"https:\/\/www.europesays.com\/fr\/wp-json\/wp\/v2\/posts\/335242\/revisions"}],"wp:featuredmedia":[{"embeddable":true,"href":"https:\/\/www.europesays.com\/fr\/wp-json\/wp\/v2\/media\/335243"}],"wp:attachment":[{"href":"https:\/\/www.europesays.com\/fr\/wp-json\/wp\/v2\/media?parent=335242"}],"wp:term":[{"taxonomy":"category","embeddable":true,"href":"https:\/\/www.europesays.com\/fr\/wp-json\/wp\/v2\/categories?post=335242"},{"taxonomy":"post_tag","embeddable":true,"href":"https:\/\/www.europesays.com\/fr\/wp-json\/wp\/v2\/tags?post=335242"}],"curies":[{"name":"wp","href":"https:\/\/api.w.org\/{rel}","templated":true}]}}