{"id":335247,"date":"2025-08-22T02:52:16","date_gmt":"2025-08-22T02:52:16","guid":{"rendered":"https:\/\/www.europesays.com\/fr\/335247\/"},"modified":"2025-08-22T02:52:16","modified_gmt":"2025-08-22T02:52:16","slug":"5-expositions-marseillaises-qui-vont-enchanter-votre-rentree-2025","status":"publish","type":"post","link":"https:\/\/www.europesays.com\/fr\/335247\/","title":{"rendered":"5 expositions marseillaises qui vont enchanter votre rentr\u00e9e 2025"},"content":{"rendered":"<p class=\"intro\">Septembre \u00e0 Marseille, c&rsquo;est le retour de la culture en fanfare\u00a0! Entre les tr\u00e9sors permanents du MuCEM, les cr\u00e9atures magiques de Niki de Saint Phalle et les d\u00e9couvertes surprenantes dans les galeries alternatives, la rentr\u00e9e culturelle s&rsquo;annonce riche en \u00e9motions sur Marseille et ses environs.<\/p>\n<p class=\"intro\"><a data-lightbox=\"article\" data-title=\"Rencontre entre artistes et public dans un ancien kiosque \u00e0 journaux de la place Bellegarde - Aix en Provence \u00a9 La Galerie Miniature | Aix-en-Provence\" class=\"image detail fullwidth\" href=\"https:\/\/www.jds.fr\/medias\/image\/5-expositions-marseillaises-qui-vont-enchanter-vot-698096-1200-0-F.webp\" title=\"Rencontre entre artistes et public dans un ancien kiosque \u00e0 journaux de la place Bellegarde - Aix en Provence \u00a9 La Galerie Miniature | Aix-en-Provence\" rel=\"nofollow noopener\" target=\"_blank\"><br \/>\n<img decoding=\"async\" loading=\"lazy\" src=\"https:\/\/www.europesays.com\/fr\/wp-content\/uploads\/2025\/08\/5-expositions-marseillaises-qui-vont-enchanter-vot-698096-1200-0.webp.webp\"   alt=\"Rencontre entre artistes et public dans un ancien kiosque \u00e0 journaux de la place Bellegarde - Aix en Provence\" class=\"shortcode_image border\"\/><br \/>\n\u00a9 La Galerie Miniature | Aix-en-Provence<br \/>\nRencontre entre artistes et public dans un ancien kiosque \u00e0 journaux de la place Bellegarde &#8211; Aix en Provence<br \/>\n<\/a>\n<\/p>\n<p>1\/ Expositions &#8211; Mus\u00e9e des Civilisations de l&rsquo;Europe et de la M\u00e9diterran\u00e9e<\/p>\n<p>Le\u00a0<a href=\"https:\/\/www.jds.fr\/marseille\/expos\/expositions-musee-des-civilisations-de-l-europe-et-de-la-mediterranee-769716_A\" rel=\"nofollow noopener\" target=\"_blank\">MuCEM \u00e0 Marseille<\/a>\u00a0continue sa mission de passerelle culturelle m\u00e9diterran\u00e9enne avec ses expositions permanentes et temporaires. \ud83c\udfdb\ufe0f Cette institution phare de la cit\u00e9 phoc\u00e9enne m\u00eale avec brio architecture avant-gardiste et collections anthropologiques, offrant une plong\u00e9e fascinante dans les civilisations euro-m\u00e9diterran\u00e9ennes. On y va pour cette capacit\u00e9 unique \u00e0 faire dialoguer pass\u00e9 et pr\u00e9sent \u00e0 travers des questionnements soci\u00e9taux actuels. La promenade entre le fort Saint-Jean et le b\u00e2timent J4 reste l&rsquo;une des plus belles balades culturelles de la ville, avec cette vue imprenable sur le Vieux-Port.<\/p>\n<p>\ud83d\udca1\u00a0<strong>Notre conseil\u00a0:<\/strong>\u00a0Profitez des premiers dimanches du mois pour une visite gratuite, et n&rsquo;oubliez pas de r\u00e9server 45 minutes avant la fermeture pour \u00e9viter les d\u00e9convenues.<\/p>\n<p>\ud83d\udccd Mucem | Marseille<br \/>\ud83d\udcc5 Jusqu&rsquo;au 31\/12\/2025<\/p>\n<p class=\"mise_en_avant\">\ud83d\udc49\u00a0<a href=\"https:\/\/www.jds.fr\/marseille\/expos\/expositions-musee-des-civilisations-de-l-europe-et-de-la-mediterranee-769716_A\" rel=\"nofollow noopener\" target=\"_blank\">Expositions &#8211; Mus\u00e9e des Civilisations de l&rsquo;Europe et de la M\u00e9diterran\u00e9e\u00a0: toutes les informations<\/a><\/p>\n<p><a class=\"btn btn-lg shadow-lg btn-primary rounded-pill fnac_link\" data-fnac=\"in_article\" href=\"https:\/\/www.awin1.com\/pclick.php?p=40024458977&amp;a=634278&amp;m=12494&amp;clickref=in_article-A-desktop\" target=\"_blank\" rel=\"nofollow noopener\"> Acheter des billets<\/a><\/p>\n<p>2\/ Niki de Saint Phalle, le Bestiaire Magique<\/p>\n<p><a href=\"https:\/\/www.jds.fr\/marseille\/expos\/niki-de-saint-phalle-le-bestiaire-magique-907492_A\" rel=\"nofollow noopener\" target=\"_blank\">Niki de Saint Phalle \u00e0 Aix-en-Provence<\/a>\u00a0d\u00e9voile sa facette la plus f\u00e9erique \u00e0 l&rsquo;H\u00f4tel de Caumont. \ud83e\udd84 Cette exposition in\u00e9dite explore l&rsquo;univers animal et mythologique de l&rsquo;artiste franco-am\u00e9ricaine, bien au-del\u00e0 de ses c\u00e9l\u00e8bres Nanas. Le parcours, con\u00e7u comme un conte initiatique, r\u00e9v\u00e8le comment les cr\u00e9atures fantastiques ont nourri toute sa cr\u00e9ation, des premiers tirs aux monumentales fontaines. Cette approche th\u00e9matique jamais explor\u00e9e auparavant offre un regard neuf sur une \u0153uvre d\u00e9j\u00e0 iconique. L&rsquo;H\u00f4tel de Caumont, avec ses salons d&rsquo;\u00e9poque, cr\u00e9e un \u00e9crin parfait pour ces cr\u00e9atures color\u00e9es.<\/p>\n<p>\ud83d\udca1\u00a0<strong>\u00c0 savoir\u00a0:<\/strong>\u00a0L&rsquo;entr\u00e9e est valable 15 minutes seulement, mais le temps de visite est ensuite libre &#8211; parfait pour savourer chaque d\u00e9tail de ce bestiaire extraordinaire.<\/p>\n<p>\ud83d\udccd H\u00f4tel de Caumont | Aix-en-Provence<br \/>\ud83d\udcc5 Jusqu&rsquo;au 05\/10\/2025<\/p>\n<p class=\"mise_en_avant\">\ud83d\udc49\u00a0<a href=\"https:\/\/www.jds.fr\/marseille\/expos\/niki-de-saint-phalle-le-bestiaire-magique-907492_A\" rel=\"nofollow noopener\" target=\"_blank\">Niki de Saint Phalle, le Bestiaire Magique\u00a0: toutes les informations<\/a><\/p>\n<p><a class=\"btn btn-lg shadow-lg btn-primary rounded-pill fnac_link\" data-fnac=\"in_article\" href=\"https:\/\/www.awin1.com\/pclick.php?p=41025751736&amp;a=634278&amp;m=12494&amp;clickref=in_article-A-desktop\" target=\"_blank\" rel=\"nofollow noopener\"> Acheter des billets<\/a><\/p>\n<p>3\/ Un presque vernissage \u00e0 La Galerie Miniature<\/p>\n<p>La\u00a0<a href=\"https:\/\/www.jds.fr\/marseille\/expos\/un-presque-vernissage-a-la-galerie-miniature-1130371_A\" rel=\"nofollow noopener\" target=\"_blank\">Galerie Miniature \u00e0 Aix-en-Provence<\/a>\u00a0organise sa rencontre mensuelle entre artistes et public dans son ancien kiosque \u00e0 journaux de la place Bellegarde. \ud83c\udfa8 Treize cr\u00e9ateurs investissent ce lieu atypique avec des techniques vari\u00e9es\u00a0: photo argentique, gravure, collage, tatouage&#8230; Cette diversit\u00e9 artistique dans un espace si r\u00e9duit cr\u00e9e une intimit\u00e9 rare avec les \u0153uvres. On appr\u00e9cie cette initiative qui transforme un lieu de passage en v\u00e9ritable carrefour culturel. L&rsquo;association Automatikart prouve qu&rsquo;il ne faut pas grand-chose pour cr\u00e9er de la magie artistique.<\/p>\n<p>\ud83d\udca1\u00a0<strong>Conseil pratique\u00a0:<\/strong>\u00a0Arrivez d\u00e8s 14h pour d\u00e9couvrir les \u0153uvres tranquillement, puis revenez \u00e0 17h pour rencontrer les artistes dans une ambiance plus conviviale.<\/p>\n<p>\ud83d\udccd La Galerie Miniature | Aix-en-Provence<br \/>\ud83d\udcc5 Le 06\/09\/2025<\/p>\n<p class=\"mise_en_avant\">\ud83d\udc49\u00a0<a href=\"https:\/\/www.jds.fr\/marseille\/expos\/un-presque-vernissage-a-la-galerie-miniature-1130371_A\" rel=\"nofollow noopener\" target=\"_blank\">Un presque vernissage \u00e0 La Galerie Miniature\u00a0: toutes les informations<\/a><\/p>\n<p><a data-lightbox=\"article\" data-title=\" \u00a9 Automatikart\" class=\"image detail fullwidth\" href=\"https:\/\/www.jds.fr\/medias\/image\/0.70647600-1755608450-696472-1200-0-F.webp\" title=\" \u00a9 Automatikart\" rel=\"nofollow noopener\" target=\"_blank\"><br \/>\n<img decoding=\"async\" loading=\"lazy\" src=\"https:\/\/www.europesays.com\/fr\/wp-content\/uploads\/2025\/08\/0.70647600-1755608450-696472-1200-0.webp.webp\"   alt=\"Un presque vernissage \u00e0 La Galerie Miniature\" class=\"shortcode_image border\"\/><br \/>\n\u00a9 Automatikart<br \/>\n<\/a>\n<\/p>\n<p>4\/ Va-nu-pieds<\/p>\n<p>La\u00a0<a href=\"https:\/\/www.jds.fr\/marseille\/expos\/va-nu-pieds-1038335_A\" rel=\"nofollow noopener\" target=\"_blank\">Galerie du Tableau \u00e0 Marseille<\/a>\u00a0poursuit sa saga artistique avec ce 13\u00e8me chapitre de la Cabane Georgina. \ud83c\udf3f Cette exposition collective m\u00eale po\u00e9sie et \u00e9cologie dans une approche sensible de l&rsquo;art contemporain, o\u00f9 os, troncs et coquilles deviennent les messagers d&rsquo;autres mondes possibles. L&rsquo;originalit\u00e9 r\u00e9side dans cette d\u00e9marche communautaire qui unit cr\u00e9ation artistique et conscience environnementale. Le lieu, nich\u00e9 dans le quartier du Mauvais Pas, offre ce cadre authentique entre mer et calanques qui nourrit naturellement la r\u00e9flexion des artistes.<\/p>\n<p>\ud83d\udca1\u00a0<strong>Notre avis\u00a0:<\/strong>\u00a0Une exposition qui se savoure lentement, en prenant le temps de d\u00e9crypter les symboles et messages \u00e9cologiques diss\u00e9min\u00e9s dans chaque \u0153uvre.<\/p>\n<p>\ud83d\udccd Galerie du Tableau 37 Rue Sylvabelle | Marseille<br \/>\ud83d\udcc5 Jusqu&rsquo;au 07\/09\/2025<\/p>\n<p class=\"mise_en_avant\">\ud83d\udc49\u00a0<a href=\"https:\/\/www.jds.fr\/marseille\/expos\/va-nu-pieds-1038335_A\" rel=\"nofollow noopener\" target=\"_blank\">Va-nu-pieds\u00a0: toutes les informations<\/a><\/p>\n<p><a data-lightbox=\"article\" data-title=\" \u00a9 @camoinjodorovsky\" class=\"image detail fullwidth\" href=\"https:\/\/www.jds.fr\/medias\/image\/va-nu-pieds-647240-1200-0-F.webp\" title=\" \u00a9 @camoinjodorovsky\" rel=\"nofollow noopener\" target=\"_blank\"><br \/>\n<img decoding=\"async\" loading=\"lazy\" src=\"https:\/\/www.europesays.com\/fr\/wp-content\/uploads\/2025\/08\/va-nu-pieds-647240-1200-0.webp.webp\"   alt=\"Va-nu-pieds\" class=\"shortcode_image border\"\/><br \/>\n\u00a9 @camoinjodorovsky<br \/>\n<\/a>\n<\/p>\n<p>5\/ La Route Europ\u00e9enne de la C\u00e9ramique\u00a0: exposition<\/p>\n<p>La\u00a0<a href=\"https:\/\/www.jds.fr\/marseille\/expos\/la-route-europeenne-de-la-ceramique-exposition-1076246_A\" rel=\"nofollow noopener\" target=\"_blank\">Galerie Argilla \u00e0 Aubagne<\/a>\u00a0c\u00e9l\u00e8bre l&rsquo;entr\u00e9e d&rsquo;Aubagne dans le cercle prestigieux de la Route Europ\u00e9enne de la C\u00e9ramique. \ud83c\udffa Cette reconnaissance europ\u00e9enne met en lumi\u00e8re les techniques ancestrales proven\u00e7ales de terre verniss\u00e9e et de fa\u00efences qui perdurent encore aujourd&rsquo;hui. Aubagne rejoint ainsi Limoges pour repr\u00e9senter la France dans ce r\u00e9seau d&rsquo;excellence c\u00e9ramique. Cette exposition t\u00e9moigne de la vitalit\u00e9 des savoir-faire traditionnels m\u00e9diterran\u00e9ens et de leur rayonnement international. Les ateliers d&rsquo;Aubagne perp\u00e9tuent depuis des si\u00e8cles cette tradition artisanale qui fait la fiert\u00e9 de la r\u00e9gion.<\/p>\n<p>\ud83d\udca1\u00a0<strong>Astuce de pro\u00a0:<\/strong>\u00a0Profitez de votre visite pour fl\u00e2ner dans les ateliers du centre-ville d&rsquo;Aubagne et d\u00e9couvrir les c\u00e9ramistes contemporains qui perp\u00e9tuent cette tradition.<\/p>\n<p>\ud83d\udccd Galerie Argilla 59 rue de la R\u00e9publique | Aubagne<br \/>\ud83d\udcc5 Jusqu&rsquo;au 06\/09\/2025<\/p>\n<p class=\"mise_en_avant\">\ud83d\udc49\u00a0<a href=\"https:\/\/www.jds.fr\/marseille\/expos\/la-route-europeenne-de-la-ceramique-exposition-1076246_A\" rel=\"nofollow noopener\" target=\"_blank\">La Route Europ\u00e9enne de la C\u00e9ramique\u00a0: exposition\u00a0: toutes les informations<\/a><\/p>\n<p><a data-lightbox=\"article\" data-title=\" DR\" class=\"image detail fullwidth\" href=\"https:\/\/www.jds.fr\/medias\/image\/la-route-europeenne-de-la-ceramique-exposition-667578-1200-0-F.webp\" title=\" DR\" rel=\"nofollow noopener\" target=\"_blank\"><br \/>\n<img decoding=\"async\" loading=\"lazy\" src=\"https:\/\/www.europesays.com\/fr\/wp-content\/uploads\/2025\/08\/la-route-europeenne-de-la-ceramique-exposition-667578-1200-0.webp.webp\"   alt=\"La Route Europ\u00e9enne de la C\u00e9ramique : exposition\" class=\"shortcode_image border\"\/><br \/>\n\u00a9 DR<br \/>\n<\/a>\n<\/p>\n<p class=\"font-size-30 fw-bold lh-1 mt-0 mb-4\">Je trouve les meilleures sorties dans ma ville<\/p>\n","protected":false},"excerpt":{"rendered":"Septembre \u00e0 Marseille, c&rsquo;est le retour de la culture en fanfare\u00a0! Entre les tr\u00e9sors permanents du MuCEM, les&hellip;\n","protected":false},"author":2,"featured_media":335248,"comment_status":"","ping_status":"","sticky":false,"template":"","format":"standard","meta":{"footnotes":""},"categories":[2814],"tags":[1111,11,1777,674,1011,27,884,12,882,25],"class_list":{"0":"post-335247","1":"post","2":"type-post","3":"status-publish","4":"format-standard","5":"has-post-thumbnail","7":"category-marseille","8":"tag-actu","9":"tag-actualites","10":"tag-eu","11":"tag-europe","12":"tag-fr","13":"tag-france","14":"tag-marseille","15":"tag-news","16":"tag-provence-alpes-cote-dazur","17":"tag-republique-francaise"},"share_on_mastodon":{"url":"https:\/\/pubeurope.com\/@fr\/115070156521195402","error":""},"_links":{"self":[{"href":"https:\/\/www.europesays.com\/fr\/wp-json\/wp\/v2\/posts\/335247","targetHints":{"allow":["GET"]}}],"collection":[{"href":"https:\/\/www.europesays.com\/fr\/wp-json\/wp\/v2\/posts"}],"about":[{"href":"https:\/\/www.europesays.com\/fr\/wp-json\/wp\/v2\/types\/post"}],"author":[{"embeddable":true,"href":"https:\/\/www.europesays.com\/fr\/wp-json\/wp\/v2\/users\/2"}],"replies":[{"embeddable":true,"href":"https:\/\/www.europesays.com\/fr\/wp-json\/wp\/v2\/comments?post=335247"}],"version-history":[{"count":0,"href":"https:\/\/www.europesays.com\/fr\/wp-json\/wp\/v2\/posts\/335247\/revisions"}],"wp:featuredmedia":[{"embeddable":true,"href":"https:\/\/www.europesays.com\/fr\/wp-json\/wp\/v2\/media\/335248"}],"wp:attachment":[{"href":"https:\/\/www.europesays.com\/fr\/wp-json\/wp\/v2\/media?parent=335247"}],"wp:term":[{"taxonomy":"category","embeddable":true,"href":"https:\/\/www.europesays.com\/fr\/wp-json\/wp\/v2\/categories?post=335247"},{"taxonomy":"post_tag","embeddable":true,"href":"https:\/\/www.europesays.com\/fr\/wp-json\/wp\/v2\/tags?post=335247"}],"curies":[{"name":"wp","href":"https:\/\/api.w.org\/{rel}","templated":true}]}}