{"id":335257,"date":"2025-08-22T02:58:18","date_gmt":"2025-08-22T02:58:18","guid":{"rendered":"https:\/\/www.europesays.com\/fr\/335257\/"},"modified":"2025-08-22T02:58:18","modified_gmt":"2025-08-22T02:58:18","slug":"cest-lui-qui-a-change-le-visage-du-psg-a-paris-pas-de-doute-on-vote-ousmane-dembele-ballon-dor","status":"publish","type":"post","link":"https:\/\/www.europesays.com\/fr\/335257\/","title":{"rendered":"\u00ab\u00a0C\u2019est lui qui a chang\u00e9 le visage du PSG\u00a0\u00bb\u00a0: \u00e0 Paris, pas de doute, on vote Ousmane Demb\u00e9l\u00e9 Ballon d\u2019or\u00a0!"},"content":{"rendered":"<p class=\"paragraph text_align_left lp-f-body-02\">Dans un mois pile, on saura. La sc\u00e8ne du th\u00e9\u00e2tre du Ch\u00e2telet sera alors pr\u00eate \u00e0 accueillir le nouveau \u00ab boss \u00bb de la plan\u00e8te foot et \u00e0 le voir soulever l\u2019objet de toutes les convoitises, <a href=\"https:\/\/www.leparisien.fr\/sports\/football\/ballon-d-or\/\" target=\"_blank\" rel=\"noreferrer nofollow noopener\">ce Ballon d\u2019or 2025<\/a> aussi d\u00e9sir\u00e9 qu\u2019ind\u00e9cis.<\/p>\n<p class=\"paragraph text_align_left lp-f-body-02\">Le suspense sera d\u00e9finitivement lev\u00e9 le 22 septembre, le lendemain d\u2019un d\u00e9placement br\u00fblant <a href=\"https:\/\/www.leparisien.fr\/sports\/football\/psg\/\" target=\"_blank\" rel=\"noreferrer nofollow noopener\">du PSG<\/a> \u00e0 Marseille, et tout un club r\u00eave que les \u00e9toiles s\u2019alignent une nouvelle fois pour briller encore un peu plus fort apr\u00e8s une saison historique.<\/p>\n","protected":false},"excerpt":{"rendered":"Dans un mois pile, on saura. La sc\u00e8ne du th\u00e9\u00e2tre du Ch\u00e2telet sera alors pr\u00eate \u00e0 accueillir le&hellip;\n","protected":false},"author":2,"featured_media":335258,"comment_status":"","ping_status":"","sticky":false,"template":"","format":"standard","meta":{"footnotes":""},"categories":[1888],"tags":[1111,1928,11,1927,1777,674,63,1011,27,12,1926,626,1925,93,25,60],"class_list":{"0":"post-335257","1":"post","2":"type-post","3":"status-publish","4":"format-standard","5":"has-post-thumbnail","7":"category-paris","8":"tag-actu","9":"tag-actu-paris","10":"tag-actualites","11":"tag-actualites-paris","12":"tag-eu","13":"tag-europe","14":"tag-football","15":"tag-fr","16":"tag-france","17":"tag-news","18":"tag-news-paris","19":"tag-paris","20":"tag-paris-news","21":"tag-psg","22":"tag-republique-francaise","23":"tag-sports"},"share_on_mastodon":{"url":"https:\/\/pubeurope.com\/@fr\/115070180261986615","error":""},"_links":{"self":[{"href":"https:\/\/www.europesays.com\/fr\/wp-json\/wp\/v2\/posts\/335257","targetHints":{"allow":["GET"]}}],"collection":[{"href":"https:\/\/www.europesays.com\/fr\/wp-json\/wp\/v2\/posts"}],"about":[{"href":"https:\/\/www.europesays.com\/fr\/wp-json\/wp\/v2\/types\/post"}],"author":[{"embeddable":true,"href":"https:\/\/www.europesays.com\/fr\/wp-json\/wp\/v2\/users\/2"}],"replies":[{"embeddable":true,"href":"https:\/\/www.europesays.com\/fr\/wp-json\/wp\/v2\/comments?post=335257"}],"version-history":[{"count":0,"href":"https:\/\/www.europesays.com\/fr\/wp-json\/wp\/v2\/posts\/335257\/revisions"}],"wp:featuredmedia":[{"embeddable":true,"href":"https:\/\/www.europesays.com\/fr\/wp-json\/wp\/v2\/media\/335258"}],"wp:attachment":[{"href":"https:\/\/www.europesays.com\/fr\/wp-json\/wp\/v2\/media?parent=335257"}],"wp:term":[{"taxonomy":"category","embeddable":true,"href":"https:\/\/www.europesays.com\/fr\/wp-json\/wp\/v2\/categories?post=335257"},{"taxonomy":"post_tag","embeddable":true,"href":"https:\/\/www.europesays.com\/fr\/wp-json\/wp\/v2\/tags?post=335257"}],"curies":[{"name":"wp","href":"https:\/\/api.w.org\/{rel}","templated":true}]}}