{"id":335269,"date":"2025-08-22T03:04:11","date_gmt":"2025-08-22T03:04:11","guid":{"rendered":"https:\/\/www.europesays.com\/fr\/335269\/"},"modified":"2025-08-22T03:04:11","modified_gmt":"2025-08-22T03:04:11","slug":"la-cour-supreme-valide-les-coupes-de-ladministration-trump-dans-les-fonds-pour-la-recherche-medicale-lies-a-la-diversite","status":"publish","type":"post","link":"https:\/\/www.europesays.com\/fr\/335269\/","title":{"rendered":"la Cour supr\u00eame valide les coupes de l\u2019administration Trump dans les fonds pour la recherche m\u00e9dicale li\u00e9s \u00e0 la diversit\u00e9"},"content":{"rendered":"<p>                          <img loading=\"lazy\" decoding=\"async\" src=\"https:\/\/www.europesays.com\/fr\/wp-content\/uploads\/2025\/08\/2a41e3b_ftp-import-images-1-gs9jul5adh77-2025-07-25t090137z-937107932-rc2om8a4wzsy-rtrmadp-3-usa-cou.jpeg\" alt=\"La Cour supr\u00eame des Etats-Unis, \u00e0 Washington, en\u00a0juillet\u00a02024.\"   width=\"664\" height=\"443\"\/>    La Cour supr\u00eame des Etats-Unis, \u00e0 Washington, en\u00a0juillet\u00a02024.  KEVIN MOHATT \/ REUTERS                          <\/p>\n<p class=\"article__paragraph  \">La Cour supr\u00eame des Etats-Unis, \u00e0 majorit\u00e9 conservatrice, a autoris\u00e9, jeudi 21\u00a0ao\u00fbt, l\u2019administration Trump \u00e0 supprimer des centaines de millions de dollars de fonds d\u00e9di\u00e9s \u00e0 la recherche m\u00e9dicale li\u00e9s aux initiatives en faveur de la diversit\u00e9, en levant une d\u00e9cision judiciaire ant\u00e9rieure.<\/p>\n<p>                                            Lire aussi |  Article r\u00e9serv\u00e9 \u00e0 nos abonn\u00e9s  <a href=\"https:\/\/www.lemonde.fr\/economie\/article\/2025\/06\/21\/patrick-artus-aux-etats-unis-les-attaques-sur-le-systeme-de-recherche-publique-et-les-universites-compromettent-les-perspectives-de-croissance_6615045_3234.html\" class=\"js-article-read-also catcher--favoris__link\" data-premium=\"1\" id=\"article-title-3428028\" rel=\"nofollow noopener\" target=\"_blank\">Patrick Artus\u00a0: \u00ab\u00a0Aux Etats-Unis, les attaques sur le syst\u00e8me de recherche publique et les universit\u00e9s compromettent les perspectives de croissance \u00a0\u00bb<\/a>    <\/p>\n<p>   Lire plus tard  <\/p>\n<p class=\"article__paragraph  \">Un juge f\u00e9d\u00e9ral du Massachusetts avait en effet bloqu\u00e9, en juin, les coupes dans les subventions accord\u00e9es aux National Institutes of Health (NIH), organismes supervisant la recherche m\u00e9dicale aux Etats-Unis, estimant qu\u2019elles constituaient une discrimination raciale et un pr\u00e9jug\u00e9 \u00e0 l\u2019encontre des personnes LGBT+.<\/p>\n<p class=\"article__paragraph  \">L\u2019administration Trump a annonc\u00e9 supprimer pr\u00e8s de 800\u00a0millions de dollars (690\u00a0millions d\u2019euros) de financement destin\u00e9s \u00e0 la recherche au sein des NIH dans le cadre de sa campagne contre les politiques de diversit\u00e9, d\u2019\u00e9quit\u00e9 et d\u2019inclusion, appel\u00e9es \u00ab\u00a0DEI\u00a0\u00bb.<\/p>\n<p>                    Profonde refonte du paysage scientifique                    <\/p>\n<p class=\"article__paragraph  \">Jeudi, la Cour supr\u00eame s\u2019est montr\u00e9e divis\u00e9e \u2013 cinq voix contre quatre \u2013 pour autoriser la mise en \u0153uvre de ces coupes budg\u00e9taires. Les recours judiciaires se poursuivent devant des tribunaux inf\u00e9rieurs.<\/p>\n<p class=\"article__paragraph  \">Les subventions cibl\u00e9es en faveur de la diversit\u00e9 ne repr\u00e9sentent qu\u2019une fraction des plus de 10\u00a0milliards de dollars consacr\u00e9s \u00e0 la recherche et aux contrats du NIH qui ont \u00e9t\u00e9 supprim\u00e9s depuis l\u2019entr\u00e9e en fonction de Donald Trump en janvier. Parmi les autres projets concern\u00e9s figurent des \u00e9tudes sur les effets du r\u00e9chauffement climatique sur la sant\u00e9, la maladie d\u2019Alzheimer et le cancer.<\/p>\n<p>                                       Lire aussi la tribune |  Article r\u00e9serv\u00e9 \u00e0 nos abonn\u00e9s  <a href=\"https:\/\/www.lemonde.fr\/idees\/article\/2025\/04\/22\/offensive-de-trump-contre-les-sciences-le-prejudice-pour-la-recherche-americaine-et-mondiale-sera-considerable_6598770_3232.html\" class=\"js-article-read-also catcher--favoris__link\" data-premium=\"1\" id=\"article-title-3418833\" rel=\"nofollow noopener\" target=\"_blank\">Offensive de Trump contre les sciences\u00a0: \u00ab\u00a0Le pr\u00e9judice pour la recherche am\u00e9ricaine et mondiale sera consid\u00e9rable\u00a0\u00bb<\/a>    <\/p>\n<p>   Lire plus tard  <\/p>\n<p class=\"article__paragraph  \">Depuis son retour au pouvoir, fin janvier, Donald Trump a amorc\u00e9 une profonde refonte du paysage scientifique aux Etats-Unis, pays phare de la recherche mondiale, en \u00e9liminant des milliards de dollars de financements, en s\u2019attaquant directement aux universit\u00e9s et en proc\u00e9dant \u00e0 des licenciements massifs de scientifiques dans les organes f\u00e9d\u00e9raux.<\/p>\n<p class=\"author__detail\">  Le Monde avec AFP  <\/p>\n<p>                  <a href=\"https:\/\/www.lemonde.fr\/syndication\/\" class=\"reuse__content\" title=\"R\u00e9utiliser ce contenu\" target=\"_blank\" rel=\"nofollow noopener\">R\u00e9utiliser ce contenu<\/a>      <\/p>\n","protected":false},"excerpt":{"rendered":"La Cour supr\u00eame des Etats-Unis, \u00e0 Washington, en\u00a0juillet\u00a02024. KEVIN MOHATT \/ REUTERS La Cour supr\u00eame des Etats-Unis, \u00e0&hellip;\n","protected":false},"author":2,"featured_media":335270,"comment_status":"","ping_status":"","sticky":false,"template":"","format":"standard","meta":{"footnotes":""},"categories":[1589],"tags":[11,73,1866,12,1864,1865,1863,308],"class_list":{"0":"post-335269","1":"post","2":"type-post","3":"status-publish","4":"format-standard","5":"has-post-thumbnail","7":"category-etats-unis","8":"tag-actualites","9":"tag-etats-unis","10":"tag-etats-unis-damerique","11":"tag-news","12":"tag-united-states","13":"tag-united-states-of-america","14":"tag-us","15":"tag-usa"},"share_on_mastodon":{"url":"https:\/\/pubeurope.com\/@fr\/115070203605508763","error":""},"_links":{"self":[{"href":"https:\/\/www.europesays.com\/fr\/wp-json\/wp\/v2\/posts\/335269","targetHints":{"allow":["GET"]}}],"collection":[{"href":"https:\/\/www.europesays.com\/fr\/wp-json\/wp\/v2\/posts"}],"about":[{"href":"https:\/\/www.europesays.com\/fr\/wp-json\/wp\/v2\/types\/post"}],"author":[{"embeddable":true,"href":"https:\/\/www.europesays.com\/fr\/wp-json\/wp\/v2\/users\/2"}],"replies":[{"embeddable":true,"href":"https:\/\/www.europesays.com\/fr\/wp-json\/wp\/v2\/comments?post=335269"}],"version-history":[{"count":0,"href":"https:\/\/www.europesays.com\/fr\/wp-json\/wp\/v2\/posts\/335269\/revisions"}],"wp:featuredmedia":[{"embeddable":true,"href":"https:\/\/www.europesays.com\/fr\/wp-json\/wp\/v2\/media\/335270"}],"wp:attachment":[{"href":"https:\/\/www.europesays.com\/fr\/wp-json\/wp\/v2\/media?parent=335269"}],"wp:term":[{"taxonomy":"category","embeddable":true,"href":"https:\/\/www.europesays.com\/fr\/wp-json\/wp\/v2\/categories?post=335269"},{"taxonomy":"post_tag","embeddable":true,"href":"https:\/\/www.europesays.com\/fr\/wp-json\/wp\/v2\/tags?post=335269"}],"curies":[{"name":"wp","href":"https:\/\/api.w.org\/{rel}","templated":true}]}}