{"id":335274,"date":"2025-08-22T03:07:14","date_gmt":"2025-08-22T03:07:14","guid":{"rendered":"https:\/\/www.europesays.com\/fr\/335274\/"},"modified":"2025-08-22T03:07:14","modified_gmt":"2025-08-22T03:07:14","slug":"pourquoi-la-nouvelle-taxe-americaine-seme-la-pagaille-en-europe","status":"publish","type":"post","link":"https:\/\/www.europesays.com\/fr\/335274\/","title":{"rendered":"pourquoi la nouvelle taxe am\u00e9ricaine s\u00e8me la pagaille en Europe"},"content":{"rendered":"<p>Un coup de massue pour le business des colis en Europe\u00a0? Cette semaine, PostEurope, l&rsquo;association qui repr\u00e9sente les r\u00e9seaux postaux europ\u00e9ens, a pr\u00e9venu que ces derniers pourraient \u00ab\u00a0restreindre ou suspendre temporairement l&rsquo;exp\u00e9dition \u00bb de certains colis vers les \u00c9tats-Unis.<\/p>\n<p>La raison est tr\u00e8s concr\u00e8te\u00a0: le 30 juillet dernier, <a href=\"https:\/\/www.whitehouse.gov\/presidential-actions\/2025\/07\/suspending-duty-free-de-minimis-treatment-for-all-countries\/\" target=\"_blank\" rel=\"noopener\">un d\u00e9cret de l&rsquo;administration Trump<\/a> a annonc\u00e9 que l&rsquo;ensemble des colis mondiaux de marchandises<strong> d&rsquo;une<\/strong> valeur \u00e9gale ou inf\u00e9rieure \u00e0 800 dollars ne seront plus exon\u00e9r\u00e9s de taxe. Et ce, \u00e0 partir du 29 ao\u00fbt prochain. Les exp\u00e9diteurs devront donc s&rsquo;affranchir d&rsquo;un droit de douane \u00e0 payer en amont de l&rsquo;envoi. C&rsquo;est donc la fin du r\u00e9gime fiscal, dit des \u00ab\u00a0minimis\u00a0\u00bb dans le jargon postal, pour les petits colis.<\/p>\n<p>Et pour ne rien arranger, ce n&rsquo;est que vendredi dernier que le service am\u00e9ricain des douanes a d\u00e9taill\u00e9 <a href=\"https:\/\/content.govdelivery.com\/accounts\/USDHSCBP\/bulletins\/3ee147f\" target=\"_blank\" rel=\"noopener\">les modalit\u00e9s<\/a> de ce nouveau syst\u00e8me, avec des informations encore manquantes. Le d\u00e9lai de pr\u00e9paration est donc \u00ab\u00a0extr\u00eamement court\u00a0\u00bb, selon PostEurope, raison pour laquelle plusieurs entreprises postales envisagent d&rsquo;ores et d\u00e9j\u00e0 de suspendre momentan\u00e9ment leurs exp\u00e9ditions.<\/p>\n<p>\u00ab\u00a0Situation critique\u00a0\u00bb<\/p>\n<p>\u00ab\u00a0La situation est critique pour l&rsquo;ensemble des postes d&rsquo;Europe. Il est urgent de clarifier les nouvelles exigences de la douane am\u00e9ricaine, afin de faire les d\u00e9veloppements informatiques n\u00e9cessaires et les d\u00e9ployer dans les r\u00e9seaux postaux \u00bb, d\u00e9plore ce jeudi Jean-Paul Forceville, directeur des relations internationales du groupe fran\u00e7ais La Poste. Il ajoute\u00a0:\u00a0\u00ab\u00a0C&rsquo;est la condition pour que les clients, entreprises et particuliers, puissent continuer \u00e0 envoyer leurs colis par La Poste aux \u00c9tats-Unis.\u00a0\u00bb<\/p>\n<p>Aujourd&rsquo;hui, les op\u00e9rateurs ne savent, en effet, pas comment les droits de douane seront calcul\u00e9s et collect\u00e9s, ou comment certaines donn\u00e9es techniques seront transmises aux services am\u00e9ricains. Raison pour laquelle Botond Szebeny, secr\u00e9taire g\u00e9n\u00e9ral de PostEurope, esp\u00e8re \u00ab\u00a0vivement\u00a0\u00bb que des solutions vont \u00eatre trouv\u00e9es \u00ab\u00a0rapidement\u00a0\u00bb.<\/p>\n<p>Surco\u00fbt financier<\/p>\n<p>De plus, rappelle-t-il \u00e0 La Tribune, la mesure en soi va produire un \u00ab\u00a0surco\u00fbt financier\u00a0qui n&rsquo;existait pas avant\u00a0\u00bb. Pour le groupe La Poste, l&rsquo;impact de cette nouvelle taxe \u00e0 l&rsquo;entr\u00e9e ne sera pas n\u00e9gligeable, car les colis de biens inf\u00e9rieurs ou \u00e9gaux \u00e0 800 dollars repr\u00e9sentent la majeure partie des envois aux \u00c9tats-Unis.<\/p>\n<p>En outre, le r\u00e9seau postal tricolore exp\u00e9die outre-atlantique 1,6 million de colis par an en moyenne, toutes valeurs confondues. Par ailleurs, 80\u00a0% sont envoy\u00e9s par des entreprises, indique \u00e0 La Tribune le groupe. L&rsquo;effet de cette taxe, ou d&rsquo;une suspension, n&rsquo;est donc pas anodin.<\/p>\n<p>Des exp\u00e9ditions d\u00e9j\u00e0 suspendues<\/p>\n<p>Du c\u00f4t\u00e9 de Bpost, le r\u00e9seau belge, les colis de 800 dollars ou moins ne repr\u00e9sentent \u00ab\u00a0qu&rsquo;une petite partie du nombre total d&rsquo;envois\u00a0\u00bb rapportait hier le quotidien de Flandre Het Laatste Nieuws (HLN). Pourtant, le postier a d\u00e9j\u00e0 d\u00e9cid\u00e9 de suspendre temporairement ses envois aux \u00c9tats-Unis faute d&rsquo;informations compl\u00e8tes. \u00ab\u00a0Cette mesure vise \u00e0 \u00e9viter que les colis soient bloqu\u00e9s ou que nos clients subissent des frais impr\u00e9vus\u00a0\u00bb, justifiait le porte-parole de Bpost \u00e0 HLN hier.<\/p>\n<p>Bpost a \u00e9t\u00e9 rejointe ce jeudi par PostNord (le r\u00e9seau su\u00e9do-danois), Posten Bring (Norv\u00e8ge), Austrian Post (Autriche). Quant \u00e0 La Poste tricolore, dans un communiqu\u00e9 ce matin, celle-ci a indiqu\u00e9 qu&rsquo;elle le ferait \u00ab\u00a0si des solutions ne sont pas trouv\u00e9es avant l&rsquo;entr\u00e9e en vigueur de cette r\u00e9glementation le 29 ao\u00fbt\u00a0\u00bb. En attendant, l&rsquo;inqui\u00e9tude demeure.<\/p>\n","protected":false},"excerpt":{"rendered":"Un coup de massue pour le business des colis en Europe\u00a0? Cette semaine, PostEurope, l&rsquo;association qui repr\u00e9sente les&hellip;\n","protected":false},"author":2,"featured_media":335275,"comment_status":"","ping_status":"","sticky":false,"template":"","format":"standard","meta":{"footnotes":""},"categories":[1586],"tags":[17,17387,11,12784,27075,33,1777,674,1011,27,379,12,2043,7555,25,2549],"class_list":{"0":"post-335274","1":"post","2":"type-post","3":"status-publish","4":"format-standard","5":"has-post-thumbnail","7":"category-europe","8":"tag-17","9":"tag-17387","10":"tag-actualites","11":"tag-colis","12":"tag-dollars","13":"tag-economie","14":"tag-eu","15":"tag-europe","16":"tag-fr","17":"tag-france","18":"tag-moins","19":"tag-news","20":"tag-nouvelle","21":"tag-pourquoi","22":"tag-republique-francaise","23":"tag-taxe"},"share_on_mastodon":{"url":"https:\/\/pubeurope.com\/@fr\/115070215402964935","error":""},"_links":{"self":[{"href":"https:\/\/www.europesays.com\/fr\/wp-json\/wp\/v2\/posts\/335274","targetHints":{"allow":["GET"]}}],"collection":[{"href":"https:\/\/www.europesays.com\/fr\/wp-json\/wp\/v2\/posts"}],"about":[{"href":"https:\/\/www.europesays.com\/fr\/wp-json\/wp\/v2\/types\/post"}],"author":[{"embeddable":true,"href":"https:\/\/www.europesays.com\/fr\/wp-json\/wp\/v2\/users\/2"}],"replies":[{"embeddable":true,"href":"https:\/\/www.europesays.com\/fr\/wp-json\/wp\/v2\/comments?post=335274"}],"version-history":[{"count":0,"href":"https:\/\/www.europesays.com\/fr\/wp-json\/wp\/v2\/posts\/335274\/revisions"}],"wp:featuredmedia":[{"embeddable":true,"href":"https:\/\/www.europesays.com\/fr\/wp-json\/wp\/v2\/media\/335275"}],"wp:attachment":[{"href":"https:\/\/www.europesays.com\/fr\/wp-json\/wp\/v2\/media?parent=335274"}],"wp:term":[{"taxonomy":"category","embeddable":true,"href":"https:\/\/www.europesays.com\/fr\/wp-json\/wp\/v2\/categories?post=335274"},{"taxonomy":"post_tag","embeddable":true,"href":"https:\/\/www.europesays.com\/fr\/wp-json\/wp\/v2\/tags?post=335274"}],"curies":[{"name":"wp","href":"https:\/\/api.w.org\/{rel}","templated":true}]}}