{"id":335297,"date":"2025-08-22T03:23:11","date_gmt":"2025-08-22T03:23:11","guid":{"rendered":"https:\/\/www.europesays.com\/fr\/335297\/"},"modified":"2025-08-22T03:23:11","modified_gmt":"2025-08-22T03:23:11","slug":"jai-fini-par-comprendre-que-cest-moins-un-fardeau-quune-forme-de-richesse","status":"publish","type":"post","link":"https:\/\/www.europesays.com\/fr\/335297\/","title":{"rendered":"\u00ab\u00a0J\u2019ai fini par comprendre que c\u2019est moins un fardeau qu\u2019une forme de richesse\u00a0\u00bb"},"content":{"rendered":"<p>                         <img loading=\"lazy\" decoding=\"async\" src=\"https:\/\/www.europesays.com\/fr\/wp-content\/uploads\/2025\/08\/bee5c33_upload-1-vwokzcm46xsk-books-colo-01.jpg\" alt=\"\"   width=\"664\" height=\"443\"\/>      SIMON LANDREIN                 <\/p>\n<p class=\"article__paragraph  \">Quand j\u2019avais 22\u00a0ans et que j\u2019habitais \u00e0 Lille, j\u2019ai un jour demand\u00e9 \u00e0 ma m\u00e8re de me faire parvenir une \u00e9dition en six volumes de la gargantuesque Recherche du temps perdu. Chaque apr\u00e8s-midi ou soir\u00e9e pluvieuse fut d\u00e8s lors consacr\u00e9e au projet de venir \u00e0 bout de ses milliers de pages. A mon grand chagrin, cette entreprise reste inachev\u00e9e \u2013 \u00e0 vrai dire, je n\u2019ai pas encore r\u00e9ussi \u00e0 aller plus loin qu\u2019A l\u2019ombre des jeunes filles en fleurs. Mais le fait m\u00eame de lire Proust m\u2019a transform\u00e9 et donn\u00e9 de la confiance en moi\u00a0: je suis devenu quelqu\u2019un qui lit Proust, autant dire un homme nouveau. D\u2019ailleurs, je me consid\u00e8re toujours comme quelqu\u2019un qui, un beau jour, aura lu Proust, voire quelqu\u2019un qui relira Proust (je vous donne rendez-vous l\u2019\u00e9t\u00e9 prochain, ou peut-\u00eatre le suivant\u00a0!). Les bibliophiles avertis se reconna\u00eetront ais\u00e9ment dans ces lignes.<\/p>\n<p class=\"article__paragraph  \">De m\u00eame que s\u2019habiller ou voyager, lire est une activit\u00e9 qui, au bout du compte, peut \u00eatre au\u00a0service d\u2019une ambition. Il s\u2019agit de se r\u00e9inventer, de s\u2019imaginer plus fort, plus authentique, capable de s\u2019\u00e9lever au-dessus des circonstances et de prendre un nouvel \u00e9lan pour affronter le monde. Ainsi, une autre version de nous-m\u00eames appara\u00eet en notre for int\u00e9rieur\u00a0: elle nous ressemble, mais elle est un peu plus sophistiqu\u00e9e, plus int\u00e9ressante, plus proche de qui nous voudrions \u00eatre\u2026 Et puis nous nous effor\u00e7ons de calquer notre vie r\u00e9elle sur cet id\u00e9al. C\u2019est par ce moyen que nous commen\u00e7ons \u00e0 ressembler \u00e0 ce que l\u2019indomptable pouvoir de l\u2019imagination nous avait fait entrapercevoir.<\/p>\n<p class=\"reading-mode-only \"><strong>Il vous reste 82.17% de cet article \u00e0 lire. La suite est r\u00e9serv\u00e9e aux abonn\u00e9s.<\/strong><\/p>\n","protected":false},"excerpt":{"rendered":"SIMON LANDREIN Quand j\u2019avais 22\u00a0ans et que j\u2019habitais \u00e0 Lille, j\u2019ai un jour demand\u00e9 \u00e0 ma m\u00e8re de&hellip;\n","protected":false},"author":2,"featured_media":335298,"comment_status":"","ping_status":"","sticky":false,"template":"","format":"standard","meta":{"footnotes":""},"categories":[1357],"tags":[1379,58,59,1011,27,1380],"class_list":{"0":"post-335297","1":"post","2":"type-post","3":"status-publish","4":"format-standard","5":"has-post-thumbnail","7":"category-livres","8":"tag-books","9":"tag-divertissement","10":"tag-entertainment","11":"tag-fr","12":"tag-france","13":"tag-livres"},"share_on_mastodon":{"url":"https:\/\/pubeurope.com\/@fr\/115070278367697290","error":""},"_links":{"self":[{"href":"https:\/\/www.europesays.com\/fr\/wp-json\/wp\/v2\/posts\/335297","targetHints":{"allow":["GET"]}}],"collection":[{"href":"https:\/\/www.europesays.com\/fr\/wp-json\/wp\/v2\/posts"}],"about":[{"href":"https:\/\/www.europesays.com\/fr\/wp-json\/wp\/v2\/types\/post"}],"author":[{"embeddable":true,"href":"https:\/\/www.europesays.com\/fr\/wp-json\/wp\/v2\/users\/2"}],"replies":[{"embeddable":true,"href":"https:\/\/www.europesays.com\/fr\/wp-json\/wp\/v2\/comments?post=335297"}],"version-history":[{"count":0,"href":"https:\/\/www.europesays.com\/fr\/wp-json\/wp\/v2\/posts\/335297\/revisions"}],"wp:featuredmedia":[{"embeddable":true,"href":"https:\/\/www.europesays.com\/fr\/wp-json\/wp\/v2\/media\/335298"}],"wp:attachment":[{"href":"https:\/\/www.europesays.com\/fr\/wp-json\/wp\/v2\/media?parent=335297"}],"wp:term":[{"taxonomy":"category","embeddable":true,"href":"https:\/\/www.europesays.com\/fr\/wp-json\/wp\/v2\/categories?post=335297"},{"taxonomy":"post_tag","embeddable":true,"href":"https:\/\/www.europesays.com\/fr\/wp-json\/wp\/v2\/tags?post=335297"}],"curies":[{"name":"wp","href":"https:\/\/api.w.org\/{rel}","templated":true}]}}