{"id":335313,"date":"2025-08-22T03:31:08","date_gmt":"2025-08-22T03:31:08","guid":{"rendered":"https:\/\/www.europesays.com\/fr\/335313\/"},"modified":"2025-08-22T03:31:08","modified_gmt":"2025-08-22T03:31:08","slug":"lia-va-t-elle-rendre-les-doctorats-de-medecine-et-de-droit-obsoletes-lavis-tranche-dun-expert-les-numeriques","status":"publish","type":"post","link":"https:\/\/www.europesays.com\/fr\/335313\/","title":{"rendered":"L\u2019IA va-t-elle rendre les doctorats de m\u00e9decine et de droit obsol\u00e8tes ? L&#039;avis tranch\u00e9 d\u2019un expert &#8211; Les Num\u00e9riques"},"content":{"rendered":"<ol>\n<li><a href=\"https:\/\/news.google.com\/rss\/articles\/CBMi-AFBVV95cUxNZmdxWkZMSUJYNXF5RmliNnQ0T2haSVlGUW51ZDl6Ymk5N0l1ZUFST2lkc2FLQjloelhvVXFpU2szU2xrZzJqNnFZWHNEeVFHNXNOQ0RaUFFpcGI4TmYxVzQ3TUNaVGxwQjdiZEU0bUZnTkxHUWxaLW9DaVA2Rzd6M1FzaFpTRlI4bGxEU3ZGcFpqVVd2ZkZnVFdxbXg5a2VIcGJDODJCOVlIc3lzbU9felJjdEpmUDdENmhJenc3M0E2YWVqdDRwMlh6T09QQmNJSDhBeUd2QU04ckxYWkl4eTFxM0xzVnZ2Q3JVTnRmTHVxT1FUSWE0eg?oc=5\" target=\"_blank\" rel=\"nofollow noopener\">L\u2019IA va-t-elle rendre les doctorats de m\u00e9decine et de droit obsol\u00e8tes ? L&rsquo;avis tranch\u00e9 d\u2019un expert<\/a>&nbsp;&nbsp;Les Num\u00e9riques<\/li>\n<li><a href=\"https:\/\/news.google.com\/rss\/articles\/CBMiwgFBVV95cUxPYmROSDZJT0U1aHBvMmZ1ZzJ0WVU2QzBDWXFwZUhkdWk3LUowR3JwX3VxdVVPc01xOE9BVE1VYUR1NTNLOUxNdGM2WFRwcWU1U3dxNGxxeEk0QXNmOE5OaGMzU0J4eDlabldRSEg3amt1VUoyZ2h0TDhraW0teGp5bnJkZ0NNUy0yWWo2bXdHZ3FvZUFjZWVEOUxmUTZHWjBrLWtKMlQxRm44dm9ldERjS3duVWZ1TVo4WUVoZDNjUTB3UQ?oc=5\" target=\"_blank\" rel=\"nofollow noopener\">IA et h\u00f4pital : vers une nouvelle organisation des soins \u2013 par Antoine Tesni\u00e8re et Aur\u00e9lie Jean<\/a>&nbsp;&nbsp;l&rsquo;Opinion<\/li>\n<li><a href=\"https:\/\/news.google.com\/rss\/articles\/CBMi7AFBVV95cUxNaUVnMGNYRjNrTWNIZHJfenk3YmV3NUJVZnVXU05aSUEwYnFWWXp4NTA2NThaczFCTFh4MzNSaHozXzNJdmY0bzFvQU1zR1JKaFZTVThleVd4djdkakNCaDBPVEUzd3VwTFk1VUNYS2pncHgzUVRuRzA0eVhoVDY4cDZqVFRPYW1CRHk2c3NMeFViVGFyY1FPV0VXczA2dENZZzY0SEJmclVMdVFmUWVGVWR0cENVeU5zb0c3Z1BQMGFZMkJfN3NBX3F0M2VvcjNfRzgyQ2VNLTBaUS1oMnNUN05sSnF6YWVvdGxmUA?oc=5\" target=\"_blank\" rel=\"nofollow noopener\">En Occitanie, le chemin complexe de l\u2019\u00e9cosyst\u00e8me sant\u00e9 dans la jungle de l\u2019IA<\/a>&nbsp;&nbsp;La Tribune<\/li>\n<li><a href=\"https:\/\/news.google.com\/rss\/articles\/CBMioAFBVV95cUxQTDVkSHctR1NuSDEtaTRWcUVwWEtPS1JtYllrVWFJZ3pEVHpoZk1IdlowUkZHdTBENjRmNjRtbTBXVXJWUHAtRjkyeFBjekZGTFRrd2t1QjRpNV9lVkRZWUJzeVhMSjdoZVFOWHNzdlpnRnVQWmR0ajFYUUV1SWNVS2E3M1RjNDhYaERmVndPR3ZyMkFpU0RPWmhNd1oyQ3V6?oc=5\" target=\"_blank\" rel=\"nofollow noopener\">Est-ce une bonne id\u00e9e de booster les outils d\u2019imagerie m\u00e9dicale avec de l\u2019IA ?<\/a>&nbsp;&nbsp;next.ink<\/li>\n<li><a href=\"https:\/\/news.google.com\/rss\/articles\/CBMi0AFBVV95cUxPRWhXNk9WSlZTVXNJN19wTXZCWDREQjdIY0pScnk2bXpzUkoxN0lhbDFRcEdGWWdGeEtSTHBFTVIwN3VRRllqaEpKOENTMUp2aTdyREg2djU5RlZ6c1RmM1lwU3NIcG9QRnZYVVctZjNBeGw0XzBZMWZvNi1lRFc2dVFnZmhCSEpJakdfT2FFbWtWYm1fbnB0Y3lRQmk3b3lid0k0NVk4emFxOFlTUHFLTWFGRTFha2VjbDA2OEg4ck9PR1FjNDY0TlJEZ3p6YzFn?oc=5\" target=\"_blank\" rel=\"nofollow noopener\">M\u00e9dicaments, chirurgie, patients\u2026 Quand l&rsquo;IA aura transform\u00e9 la sant\u00e9<\/a>&nbsp;&nbsp;Les Echos<\/li>\n<\/ol>\n","protected":false},"excerpt":{"rendered":"L\u2019IA va-t-elle rendre les doctorats de m\u00e9decine et de droit obsol\u00e8tes ? L&rsquo;avis tranch\u00e9 d\u2019un expert&nbsp;&nbsp;Les Num\u00e9riques IA&hellip;\n","protected":false},"author":2,"featured_media":1445,"comment_status":"","ping_status":"","sticky":false,"template":"","format":"standard","meta":{"footnotes":""},"categories":[6],"tags":[35,33,34,1011,27],"class_list":{"0":"post-335313","1":"post","2":"type-post","3":"status-publish","4":"format-standard","5":"has-post-thumbnail","7":"category-economie","8":"tag-business","9":"tag-economie","10":"tag-economy","11":"tag-fr","12":"tag-france"},"share_on_mastodon":{"url":"https:\/\/pubeurope.com\/@fr\/115070310048352660","error":""},"_links":{"self":[{"href":"https:\/\/www.europesays.com\/fr\/wp-json\/wp\/v2\/posts\/335313","targetHints":{"allow":["GET"]}}],"collection":[{"href":"https:\/\/www.europesays.com\/fr\/wp-json\/wp\/v2\/posts"}],"about":[{"href":"https:\/\/www.europesays.com\/fr\/wp-json\/wp\/v2\/types\/post"}],"author":[{"embeddable":true,"href":"https:\/\/www.europesays.com\/fr\/wp-json\/wp\/v2\/users\/2"}],"replies":[{"embeddable":true,"href":"https:\/\/www.europesays.com\/fr\/wp-json\/wp\/v2\/comments?post=335313"}],"version-history":[{"count":0,"href":"https:\/\/www.europesays.com\/fr\/wp-json\/wp\/v2\/posts\/335313\/revisions"}],"wp:featuredmedia":[{"embeddable":true,"href":"https:\/\/www.europesays.com\/fr\/wp-json\/wp\/v2\/media\/1445"}],"wp:attachment":[{"href":"https:\/\/www.europesays.com\/fr\/wp-json\/wp\/v2\/media?parent=335313"}],"wp:term":[{"taxonomy":"category","embeddable":true,"href":"https:\/\/www.europesays.com\/fr\/wp-json\/wp\/v2\/categories?post=335313"},{"taxonomy":"post_tag","embeddable":true,"href":"https:\/\/www.europesays.com\/fr\/wp-json\/wp\/v2\/tags?post=335313"}],"curies":[{"name":"wp","href":"https:\/\/api.w.org\/{rel}","templated":true}]}}