{"id":335323,"date":"2025-08-22T03:39:45","date_gmt":"2025-08-22T03:39:45","guid":{"rendered":"https:\/\/www.europesays.com\/fr\/335323\/"},"modified":"2025-08-22T03:39:45","modified_gmt":"2025-08-22T03:39:45","slug":"usl-dunkerque-as-nancy-sur-quelle-chaine-voir-le-match-de-ligue-2","status":"publish","type":"post","link":"https:\/\/www.europesays.com\/fr\/335323\/","title":{"rendered":"USL Dunkerque &#8211; AS Nancy : sur quelle cha\u00eene voir le match de Ligue 2 ?"},"content":{"rendered":"<p>Entre une \u00e9quipe de l\u2019USL Dunkerque en pleine refonte et une formation de l\u2019AS Nancy qui retrouve ce niveau de la comp\u00e9tition, le duel s\u2019annonce pour le moins ind\u00e9cis. Suivez le guide pour ne rien manquer de cette rencontre de la troisi\u00e8me journ\u00e9e de Ligue 2.<\/p>\n<p><strong>O\u00f9 suivre le match<\/strong> USL Dunkerque \u2013 AS Nancy ?<\/p>\n<p><strong>1-\u00a0<\/strong>Au Stade Marcel Tribut (Dunkerque)\u2013\u00a0Le coup d\u2019envoi sera lui donn\u00e9 <strong>le vendredi 23 ao\u00fbt \u00e0 20 heures.<\/strong> Si vous n\u2019avez pas encore votre place, vous pouvez vous la procurer sur la <a href=\"https:\/\/www.usldunkerque.com\/accueil\/le-club\/billetterie\/\" target=\"_blank\" rel=\"noreferrer noopener nofollow\">billetterie en ligne du club.<\/a><\/p>\n<p><strong>2-<\/strong>\u00a0Pour suivre la rencontre dans son int\u00e9gralit\u00e9, rendez-vous\u00a0<strong>\u00e0 partir de 19h55 sur beIN Sports<\/strong>\u00a0<strong>max 8 <\/strong>, diffuseur unique de la rencontre. Le match sera pr\u00e9c\u00e9d\u00e9 d\u2019un avant-match pour pr\u00e9senter les enjeux du multiplex et suivi d\u2019un apr\u00e8s-match avec les premi\u00e8res r\u00e9actions des diff\u00e9rents acteurs sur beIN Sports 1.<\/p>\n<p><img loading=\"lazy\" data-lazyloaded=\"1\" decoding=\"async\" width=\"850\" height=\"567\" src=\"https:\/\/www.europesays.com\/fr\/wp-content\/uploads\/2025\/08\/ICONSPORT_169791_0065.jpg\" alt=\"BeIN Sports Ligue 2\" class=\"wp-image-360796\"  data-\/>Xavier Grimaldi\/Icon Sport<\/p>\n<p><a href=\"https:\/\/boutique.canalplus.com\/produits\/BEINCNCT\/bein-sports-connect\/1\" target=\"_blank\" rel=\"noreferrer noopener nofollow\">Souscrivez \u00e0 beIN Sports Connec<\/a>t \u00e0 partir de 15 euros par mois pour avoir acc\u00e8s \u00e0 100% des matches de Ligue 2, du vendredi 20 heures jusqu\u2019au lundi 20h45, auxquels il faut ajouter l\u2019affiche de Ligue 1, le samedi \u00e0 17 heures.<\/p>\n<p>Cr\u00e9dits photo : Sandra Ruhaut\/<a href=\"https:\/\/www.iconsport.photo\/\" target=\"_blank\" rel=\"noopener nofollow\">Icon Sport<\/a><\/p>\n","protected":false},"excerpt":{"rendered":"Entre une \u00e9quipe de l\u2019USL Dunkerque en pleine refonte et une formation de l\u2019AS Nancy qui retrouve ce&hellip;\n","protected":false},"author":2,"featured_media":335324,"comment_status":"","ping_status":"","sticky":false,"template":"","format":"standard","meta":{"footnotes":""},"categories":[9635],"tags":[1111,11,1777,674,1011,27,775,1702,12,25],"class_list":{"0":"post-335323","1":"post","2":"type-post","3":"status-publish","4":"format-standard","5":"has-post-thumbnail","7":"category-nancy","8":"tag-actu","9":"tag-actualites","10":"tag-eu","11":"tag-europe","12":"tag-fr","13":"tag-france","14":"tag-grand-est","15":"tag-nancy","16":"tag-news","17":"tag-republique-francaise"},"share_on_mastodon":{"url":"https:\/\/pubeurope.com\/@fr\/115070341133954715","error":""},"_links":{"self":[{"href":"https:\/\/www.europesays.com\/fr\/wp-json\/wp\/v2\/posts\/335323","targetHints":{"allow":["GET"]}}],"collection":[{"href":"https:\/\/www.europesays.com\/fr\/wp-json\/wp\/v2\/posts"}],"about":[{"href":"https:\/\/www.europesays.com\/fr\/wp-json\/wp\/v2\/types\/post"}],"author":[{"embeddable":true,"href":"https:\/\/www.europesays.com\/fr\/wp-json\/wp\/v2\/users\/2"}],"replies":[{"embeddable":true,"href":"https:\/\/www.europesays.com\/fr\/wp-json\/wp\/v2\/comments?post=335323"}],"version-history":[{"count":0,"href":"https:\/\/www.europesays.com\/fr\/wp-json\/wp\/v2\/posts\/335323\/revisions"}],"wp:featuredmedia":[{"embeddable":true,"href":"https:\/\/www.europesays.com\/fr\/wp-json\/wp\/v2\/media\/335324"}],"wp:attachment":[{"href":"https:\/\/www.europesays.com\/fr\/wp-json\/wp\/v2\/media?parent=335323"}],"wp:term":[{"taxonomy":"category","embeddable":true,"href":"https:\/\/www.europesays.com\/fr\/wp-json\/wp\/v2\/categories?post=335323"},{"taxonomy":"post_tag","embeddable":true,"href":"https:\/\/www.europesays.com\/fr\/wp-json\/wp\/v2\/tags?post=335323"}],"curies":[{"name":"wp","href":"https:\/\/api.w.org\/{rel}","templated":true}]}}