{"id":335325,"date":"2025-08-22T03:41:22","date_gmt":"2025-08-22T03:41:22","guid":{"rendered":"https:\/\/www.europesays.com\/fr\/335325\/"},"modified":"2025-08-22T03:41:22","modified_gmt":"2025-08-22T03:41:22","slug":"les-meilleures-idees-sorties-du-22-au-24-aout-2025","status":"publish","type":"post","link":"https:\/\/www.europesays.com\/fr\/335325\/","title":{"rendered":"les meilleures id\u00e9es sorties du 22 au 24 ao\u00fbt 2025"},"content":{"rendered":"<p class=\"intro\">Ce week-end du 22 au 24 ao\u00fbt s&rsquo;annonce riche en \u00e9motions dans la r\u00e9gion toulonnaise\u00a0! Entre sensations foraines, concerts intimistes et festivals color\u00e9s, il y en a pour tous les go\u00fbts et toutes les envies d&rsquo;\u00e9vasion. Que vous soyez amateur de musique, passionn\u00e9 d&rsquo;attractions ou en qu\u00eate d&rsquo;exp\u00e9riences originales, notre s\u00e9lection vous garantit un week-end m\u00e9morable. Alors, pr\u00eat \u00e0 d\u00e9couvrir les incontournables de ces trois jours\u00a0?<\/p>\n<p class=\"mise_en_avant\"><strong>Pr\u00e9visions m\u00e9t\u00e9o ce week-end\u00a0:<\/strong> Un temps id\u00e9al vous attend avec 27\u00b0C et un ciel d\u00e9gag\u00e9 vendredi et samedi, puis quelques nuages dimanche &#8211; parfait pour profiter pleinement de vos sorties\u00a0!<\/p>\n<p>1\/ [Coup de \u2764\ufe0f JDS] Luna Park de Fr\u00e9jus 2025\u00a0: sensations garanties<\/p>\n<p>Impossible de r\u00e9sister \u00e0 l&rsquo;appel de <a href=\"https:\/\/www.jds.fr\/frejus\/manifestations\/fete-foraine\/luna-park-de-frejus-1003230_A\" rel=\"nofollow noopener\" target=\"_blank\">[Coup de \u2764\ufe0f JDS] Luna Park de Fr\u00e9jus 2025<\/a>, la f\u00eate foraine incontournable du Var\u00a0! \ud83c\udfa2 Avec ses man\u00e8ges spectaculaires, du grand huit vertigineux Magic Mountain aux auto-tamponneuses cultes, en passant par l&rsquo;espace Funny Land d\u00e9di\u00e9 aux 1-10 ans, cette institution estivale promet des soir\u00e9es inoubliables. Nous l&rsquo;avons s\u00e9lectionn\u00e9 pour sa capacit\u00e9 unique \u00e0 rassembler toutes les g\u00e9n\u00e9rations autour du plaisir simple des attractions foraines. \ud83c\udfa0<\/p>\n<p>\ud83d\udca1 <strong>Notre conseil\u00a0:<\/strong> Arrivez d\u00e8s 19h pour profiter de la restauration sur place avant l&rsquo;ouverture des man\u00e8ges \u00e0 20h, et n&rsquo;oubliez pas de t\u00e9l\u00e9charger les cartes tarif r\u00e9duit depuis le site officiel\u00a0!<\/p>\n<p>\ud83d\udccd Fr\u00e9jus<br \/>\ud83d\udcc5 Jusqu&rsquo;au 30\/08\/2025<\/p>\n<p class=\"mise_en_avant\">\ud83d\udc49 <a href=\"https:\/\/www.jds.fr\/frejus\/manifestations\/fete-foraine\/luna-park-de-frejus-1003230_A\" rel=\"nofollow noopener\" target=\"_blank\">[Coup de \u2764\ufe0f JDS] Luna Park de Fr\u00e9jus 2025\u00a0: toutes les informations<\/a><\/p>\n<p><a data-lightbox=\"article\" data-title=\"Luna Park de Fr\u00e9jus DR\" class=\"image detail fullwidth\" href=\"https:\/\/www.jds.fr\/medias\/image\/luna-park-de-frejus-627618-1200-0-F.webp\" title=\"Luna Park de Fr\u00e9jus DR\" rel=\"nofollow noopener\" target=\"_blank\"><br \/>\n<img decoding=\"async\" loading=\"lazy\" src=\"https:\/\/www.europesays.com\/fr\/wp-content\/uploads\/2025\/08\/luna-park-de-frejus-627618-1200-0.webp.webp\"   alt=\"Luna Park de Fr\u00e9jus\" class=\"shortcode_image border\"\/><br \/>\n\u00a9 DR<br \/>\nLuna Park de Fr\u00e9jus<br \/>\n<\/a><\/p>\n<p>2\/ Festival le Mas en Concert\u00a0: musique sous les oliviers<\/p>\n<p>Direction Puget-sur-Argens pour d\u00e9couvrir le <a href=\"https:\/\/www.jds.fr\/frejus\/manifestations\/festival\/festival-le-mas-en-concert-888252_A\" rel=\"nofollow noopener\" target=\"_blank\">Festival le Mas en Concert \u00e0 Puget-sur-Argens<\/a>, un \u00e9crin musical d&rsquo;exception\u00a0! \ud83c\udfb5 Nich\u00e9 au c\u0153ur d&rsquo;un mas proven\u00e7al authentique, ce festival offre une programmation \u00e9clectique dans un cadre intimiste unique\u00a0: seulement 1 400 spectateurs, sous les oliviers, \u00e0 moins de 10 m\u00e8tres des artistes. Cette proximit\u00e9 exceptionnelle avec les performances live en fait un \u00e9v\u00e9nement \u00e0 ne pas manquer pour les m\u00e9lomanes. \u2728<\/p>\n<p>\ud83d\udca1 <strong>Notre conseil\u00a0:<\/strong> R\u00e9servez rapidement car la jauge limit\u00e9e fait que les places partent tr\u00e8s vite, et profitez-en pour explorer les vignes environnantes avant le concert\u00a0!<\/p>\n<p>\ud83d\udccd Les Mas des Escaravatiers | Puget-sur-Argens<br \/>\ud83d\udcc5 Du 21\/08\/2025 au 28\/08\/2025<\/p>\n<p class=\"mise_en_avant\">\ud83d\udc49 <a href=\"https:\/\/www.jds.fr\/frejus\/manifestations\/festival\/festival-le-mas-en-concert-888252_A\" rel=\"nofollow noopener\" target=\"_blank\">Festival le Mas en Concert\u00a0: toutes les informations<\/a><\/p>\n<p><a class=\"btn btn-lg shadow-lg btn-primary rounded-pill fnac_link\" data-fnac=\"in_article\" href=\"https:\/\/www.awin1.com\/pclick.php?p=40936659660&amp;a=634278&amp;m=12494&amp;clickref=in_article-A-desktop\" target=\"_blank\" rel=\"nofollow noopener\"> Acheter des billets<\/a><\/p>\n<p>3\/ Color South Festival\u00a0: explosion de couleurs aux Ar\u00e8nes<\/p>\n<p>Vendredi 22 ao\u00fbt, laissez-vous emporter par l&rsquo;effervescence du <a href=\"https:\/\/www.jds.fr\/frejus\/sports\/courses\/color-south-festival-945505_A\" rel=\"nofollow noopener\" target=\"_blank\">Color South Festival \u00e0 Fr\u00e9jus<\/a>\u00a0! \ud83c\udf08 Dans le cadre historique exceptionnel des Ar\u00e8nes de Fr\u00e9jus, cette 4\u00e8me \u00e9dition promet une exp\u00e9rience sensorielle in\u00e9dite avec jets de poudre color\u00e9e, shows live et animations interactives. Nous avons choisi cet \u00e9v\u00e9nement pour son concept original qui transforme un lieu charg\u00e9 d&rsquo;histoire en terrain de jeu festif et color\u00e9. \ud83c\udfa8<\/p>\n<p>\ud83d\udca1 <strong>Notre conseil\u00a0:<\/strong> Portez des v\u00eatements blancs pour un effet maximal avec les poudres color\u00e9es, et n&rsquo;oubliez pas votre appareil photo \u00e9tanche pour immortaliser cette explosion de couleurs\u00a0!<\/p>\n<p>\ud83d\udccd Les Ar\u00e8nes de Fr\u00e9jus | Fr\u00e9jus<br \/>\ud83d\udcc5 Le 22\/08\/2025<\/p>\n<p class=\"mise_en_avant\">\ud83d\udc49 <a href=\"https:\/\/www.jds.fr\/frejus\/sports\/courses\/color-south-festival-945505_A\" rel=\"nofollow noopener\" target=\"_blank\">Color South Festival\u00a0: toutes les informations<\/a><\/p>\n<p><a class=\"btn btn-lg shadow-lg btn-primary rounded-pill fnac_link\" data-fnac=\"in_article\" href=\"https:\/\/www.awin1.com\/pclick.php?p=41081942535&amp;a=634278&amp;m=12494&amp;clickref=in_article-A-desktop\" target=\"_blank\" rel=\"nofollow noopener\"> Acheter des billets<\/a><\/p>\n<p>Date de publication : le 20\/08\/2025.<\/p>\n<p class=\"font-size-30 fw-bold lh-1 mt-0 mb-4\">Je trouve les meilleures sorties dans ma ville<\/p>\n","protected":false},"excerpt":{"rendered":"Ce week-end du 22 au 24 ao\u00fbt s&rsquo;annonce riche en \u00e9motions dans la r\u00e9gion toulonnaise\u00a0! Entre sensations foraines,&hellip;\n","protected":false},"author":2,"featured_media":335326,"comment_status":"","ping_status":"","sticky":false,"template":"","format":"standard","meta":{"footnotes":""},"categories":[9619],"tags":[1111,11,1777,674,1011,27,12,882,25,2310],"class_list":{"0":"post-335325","1":"post","2":"type-post","3":"status-publish","4":"format-standard","5":"has-post-thumbnail","7":"category-toulon","8":"tag-actu","9":"tag-actualites","10":"tag-eu","11":"tag-europe","12":"tag-fr","13":"tag-france","14":"tag-news","15":"tag-provence-alpes-cote-dazur","16":"tag-republique-francaise","17":"tag-toulon"},"share_on_mastodon":{"url":"https:\/\/pubeurope.com\/@fr\/115070349055149882","error":""},"_links":{"self":[{"href":"https:\/\/www.europesays.com\/fr\/wp-json\/wp\/v2\/posts\/335325","targetHints":{"allow":["GET"]}}],"collection":[{"href":"https:\/\/www.europesays.com\/fr\/wp-json\/wp\/v2\/posts"}],"about":[{"href":"https:\/\/www.europesays.com\/fr\/wp-json\/wp\/v2\/types\/post"}],"author":[{"embeddable":true,"href":"https:\/\/www.europesays.com\/fr\/wp-json\/wp\/v2\/users\/2"}],"replies":[{"embeddable":true,"href":"https:\/\/www.europesays.com\/fr\/wp-json\/wp\/v2\/comments?post=335325"}],"version-history":[{"count":0,"href":"https:\/\/www.europesays.com\/fr\/wp-json\/wp\/v2\/posts\/335325\/revisions"}],"wp:featuredmedia":[{"embeddable":true,"href":"https:\/\/www.europesays.com\/fr\/wp-json\/wp\/v2\/media\/335326"}],"wp:attachment":[{"href":"https:\/\/www.europesays.com\/fr\/wp-json\/wp\/v2\/media?parent=335325"}],"wp:term":[{"taxonomy":"category","embeddable":true,"href":"https:\/\/www.europesays.com\/fr\/wp-json\/wp\/v2\/categories?post=335325"},{"taxonomy":"post_tag","embeddable":true,"href":"https:\/\/www.europesays.com\/fr\/wp-json\/wp\/v2\/tags?post=335325"}],"curies":[{"name":"wp","href":"https:\/\/api.w.org\/{rel}","templated":true}]}}