{"id":335327,"date":"2025-08-22T03:42:10","date_gmt":"2025-08-22T03:42:10","guid":{"rendered":"https:\/\/www.europesays.com\/fr\/335327\/"},"modified":"2025-08-22T03:42:10","modified_gmt":"2025-08-22T03:42:10","slug":"le-parcours-de-daniel-michel-un-couvreur-passionne","status":"publish","type":"post","link":"https:\/\/www.europesays.com\/fr\/335327\/","title":{"rendered":"Le parcours de Daniel Michel, un couvreur passionn\u00e9"},"content":{"rendered":"<p>N\u00e9 \u00e0 Montpellier et install\u00e9 \u00e0 P\u00e9rols depuis 1987, Daniel Michel conna\u00eet les rues, les habitants\u2026 et les toits comme sa poche. Figure famili\u00e8re du village, il a longtemps foul\u00e9 les terrains de foot (son p\u00e8re a \u00e9t\u00e9 vice-pr\u00e9sident du club), pratiqu\u00e9 la boxe et particip\u00e9 aux f\u00eates votives. Mais c\u2019est au sommet des toitures qu\u2019il a trouv\u00e9 sa v\u00e9ritable vocation : couvreur. Pourtant, rien ne laissait pr\u00e9sager ce choix.<\/p>\n<p>    <b>\u00ab\u00a0\u00c7a a \u00e9t\u00e9 la r\u00e9v\u00e9lation\u00a0\u00bb<\/b><\/p>\n<p>Son premier m\u00e9tier : commercial, il vendait des maisons sur plan. Le d\u00e9clic est venu lors d\u2019un voyage en Australie, chez son cousin couvreur. \u00ab\u00a0\u00c7a a \u00e9t\u00e9 la r\u00e9v\u00e9lation\u00a0\u00bb, se souvient-il. L\u00e0-bas, il apprend les bases du m\u00e9tier, avant de revenir en France pour se former aupr\u00e8s des Compagnons du devoir. \u00ab\u00a0En plus de la technique, j\u2019ai conserv\u00e9 leurs valeurs : travailler avec c\u0153ur, livrer un ouvrage propre et durable \u00ab\u00a0, explique-t-il.<\/p>\n<p>\u00ab\u00a0Ce qui me pla\u00eet le plus dans mon m\u00e9tier, c\u2019est travailler en hauteur et en plein air. Je respire. J\u2019ai une sensation de libert\u00e9 et l\u2019impression de dominer l\u2019espace dans lequel je travaille. Et puis, il y a les vues incroyables\u00a0\u00bb, raconte-t-il. Parmi ses souvenirs marquants : un chantier perch\u00e9 \u00e0 50 m\u00e8tres de haut en Australie, avec l\u2019Harbour Bridge en toile de fond ou encore l\u2019Op\u00e9ra de Sydney.<\/p>\n<p><b>Travail, passion et amour de la commune<\/b><\/p>\n<p>Aujourd\u2019hui, environ 70 % de ses chantiers se situent \u00e0 P\u00e9rols, mais Daniel aime aussi travailler hors des fronti\u00e8res de sa commune : d\u00e9couvrir d\u2019autres environnements, d\u2019autres architectures et \u00e9largir son terrain d\u2019intervention fait partie de ses motivations. Certains jours, il affronte le vent, la pluie ou le soleil br\u00fblant. Mais il garde toujours en t\u00eate la satisfaction d\u2019aider ses clients, souvent dans l\u2019urgence, en s\u00e9curisant leur maison et en les rassurant. En France, \u00e0 l\u2019\u00e9tranger, sur de petites r\u00e9parations ou de grands chantiers \u2013 comme la toiture d\u2019un h\u00f4tel particulier appartenant \u00e0 un chef du GIGN ou, plus r\u00e9cemment, les 1 000 m\u00b2 de couverture des Cuves Gourmandes \u00e0 P\u00e9rols \u2013, chaque intervention est unique.<\/p>\n<p>Fort de 25 ans d\u2019exp\u00e9rience, Daniel est aujourd\u2019hui \u00e0 la t\u00eate de sa propre entreprise, MD Toiture 34. Son m\u00e9tier, il l\u2019exerce avec passion, savoir-faire et amour de sa commune. Travailler \u00e0 P\u00e9rols, c\u2019est aussi entretenir un lien privil\u00e9gi\u00e9 avec les habitants : \u00ab\u00a0C\u2019est agr\u00e9able de croiser au march\u00e9 ou \u00e0 la boulangerie des gens dont on a r\u00e9par\u00e9 le toit. \u00ab\u00a0<\/p>\n<p>Et parce qu\u2019il voit toujours plus haut, Daniel nourrit un r\u00eave : apr\u00e8s avoir travaill\u00e9 en France, en Australie et en Asie o\u00f9 il a appris diff\u00e9rentes fa\u00e7ons de travailler, il aimerait un jour partir dans un pays nordique, sous la neige, pour parfaire son parcours et ma\u00eetriser tous les styles de toiture.<\/p>\n<p>Correspondante Midi Libre : 06 87 26 78 53<\/p>\n","protected":false},"excerpt":{"rendered":"N\u00e9 \u00e0 Montpellier et install\u00e9 \u00e0 P\u00e9rols depuis 1987, Daniel Michel conna\u00eet les rues, les habitants\u2026 et les&hellip;\n","protected":false},"author":2,"featured_media":335328,"comment_status":"","ping_status":"","sticky":false,"template":"","format":"standard","meta":{"footnotes":""},"categories":[9599],"tags":[1111,11,1777,674,1011,27,2208,12,2680,25],"class_list":{"0":"post-335327","1":"post","2":"type-post","3":"status-publish","4":"format-standard","5":"has-post-thumbnail","7":"category-montpellier","8":"tag-actu","9":"tag-actualites","10":"tag-eu","11":"tag-europe","12":"tag-fr","13":"tag-france","14":"tag-montpellier","15":"tag-news","16":"tag-occitanie","17":"tag-republique-francaise"},"share_on_mastodon":{"url":"https:\/\/pubeurope.com\/@fr\/115070353040710653","error":""},"_links":{"self":[{"href":"https:\/\/www.europesays.com\/fr\/wp-json\/wp\/v2\/posts\/335327","targetHints":{"allow":["GET"]}}],"collection":[{"href":"https:\/\/www.europesays.com\/fr\/wp-json\/wp\/v2\/posts"}],"about":[{"href":"https:\/\/www.europesays.com\/fr\/wp-json\/wp\/v2\/types\/post"}],"author":[{"embeddable":true,"href":"https:\/\/www.europesays.com\/fr\/wp-json\/wp\/v2\/users\/2"}],"replies":[{"embeddable":true,"href":"https:\/\/www.europesays.com\/fr\/wp-json\/wp\/v2\/comments?post=335327"}],"version-history":[{"count":0,"href":"https:\/\/www.europesays.com\/fr\/wp-json\/wp\/v2\/posts\/335327\/revisions"}],"wp:featuredmedia":[{"embeddable":true,"href":"https:\/\/www.europesays.com\/fr\/wp-json\/wp\/v2\/media\/335328"}],"wp:attachment":[{"href":"https:\/\/www.europesays.com\/fr\/wp-json\/wp\/v2\/media?parent=335327"}],"wp:term":[{"taxonomy":"category","embeddable":true,"href":"https:\/\/www.europesays.com\/fr\/wp-json\/wp\/v2\/categories?post=335327"},{"taxonomy":"post_tag","embeddable":true,"href":"https:\/\/www.europesays.com\/fr\/wp-json\/wp\/v2\/tags?post=335327"}],"curies":[{"name":"wp","href":"https:\/\/api.w.org\/{rel}","templated":true}]}}