{"id":335343,"date":"2025-08-22T03:55:15","date_gmt":"2025-08-22T03:55:15","guid":{"rendered":"https:\/\/www.europesays.com\/fr\/335343\/"},"modified":"2025-08-22T03:55:15","modified_gmt":"2025-08-22T03:55:15","slug":"romain-genevois-ancien-joueur-de-logc-nice-est-linvite-de-gym-tonic","status":"publish","type":"post","link":"https:\/\/www.europesays.com\/fr\/335343\/","title":{"rendered":"Romain Genevois, ancien joueur de l&rsquo;OGC Nice, est l&rsquo;invit\u00e9 de Gym Tonic"},"content":{"rendered":"<p>Sous la houlette de Micha\u00ebl Lefevbre, l&rsquo;ancien d\u00e9fenseur du Gym a particip\u00e9 au focus sur les d\u00e9buts compliqu\u00e9s de Yehvann Diouf dans les buts, alors que le pour-contre \u00e9tait consacr\u00e9 \u00e0 une id\u00e9e surprise et plut\u00f4t d\u00e9cal\u00e9e pour le mercato.<\/p>\n<p>Les derni\u00e8res informations du march\u00e9 des transferts, un Souviens-toi consacr\u00e9 au passage de Raul Fernandez \u00e0 Nice et enfin la r\u00e9ception d&rsquo;Auxerre, samedi \u00e0 l&rsquo;Allianz (19 heures), sont les autres th\u00e8mes abord\u00e9s dans ce troisi\u00e8me num\u00e9ro de la saison 2025-2026.<\/p>\n","protected":false},"excerpt":{"rendered":"Sous la houlette de Micha\u00ebl Lefevbre, l&rsquo;ancien d\u00e9fenseur du Gym a particip\u00e9 au focus sur les d\u00e9buts compliqu\u00e9s&hellip;\n","protected":false},"author":2,"featured_media":335344,"comment_status":"","ping_status":"","sticky":false,"template":"","format":"standard","meta":{"footnotes":""},"categories":[2819],"tags":[1111,11,1777,674,63,1011,27,12,2401,882,25,60],"class_list":{"0":"post-335343","1":"post","2":"type-post","3":"status-publish","4":"format-standard","5":"has-post-thumbnail","7":"category-nice","8":"tag-actu","9":"tag-actualites","10":"tag-eu","11":"tag-europe","12":"tag-football","13":"tag-fr","14":"tag-france","15":"tag-news","16":"tag-nice","17":"tag-provence-alpes-cote-dazur","18":"tag-republique-francaise","19":"tag-sports"},"share_on_mastodon":{"url":"https:\/\/pubeurope.com\/@fr\/115070404052258100","error":""},"_links":{"self":[{"href":"https:\/\/www.europesays.com\/fr\/wp-json\/wp\/v2\/posts\/335343","targetHints":{"allow":["GET"]}}],"collection":[{"href":"https:\/\/www.europesays.com\/fr\/wp-json\/wp\/v2\/posts"}],"about":[{"href":"https:\/\/www.europesays.com\/fr\/wp-json\/wp\/v2\/types\/post"}],"author":[{"embeddable":true,"href":"https:\/\/www.europesays.com\/fr\/wp-json\/wp\/v2\/users\/2"}],"replies":[{"embeddable":true,"href":"https:\/\/www.europesays.com\/fr\/wp-json\/wp\/v2\/comments?post=335343"}],"version-history":[{"count":0,"href":"https:\/\/www.europesays.com\/fr\/wp-json\/wp\/v2\/posts\/335343\/revisions"}],"wp:featuredmedia":[{"embeddable":true,"href":"https:\/\/www.europesays.com\/fr\/wp-json\/wp\/v2\/media\/335344"}],"wp:attachment":[{"href":"https:\/\/www.europesays.com\/fr\/wp-json\/wp\/v2\/media?parent=335343"}],"wp:term":[{"taxonomy":"category","embeddable":true,"href":"https:\/\/www.europesays.com\/fr\/wp-json\/wp\/v2\/categories?post=335343"},{"taxonomy":"post_tag","embeddable":true,"href":"https:\/\/www.europesays.com\/fr\/wp-json\/wp\/v2\/tags?post=335343"}],"curies":[{"name":"wp","href":"https:\/\/api.w.org\/{rel}","templated":true}]}}