{"id":335354,"date":"2025-08-22T04:08:11","date_gmt":"2025-08-22T04:08:11","guid":{"rendered":"https:\/\/www.europesays.com\/fr\/335354\/"},"modified":"2025-08-22T04:08:11","modified_gmt":"2025-08-22T04:08:11","slug":"une-porte-visee-par-des-tirs-darme-a-feu-les-malfaiteurs-mettent-ensuite-le-feu-a-limmeuble","status":"publish","type":"post","link":"https:\/\/www.europesays.com\/fr\/335354\/","title":{"rendered":"une porte vis\u00e9e par des tirs d&rsquo;arme \u00e0 feu, les malfaiteurs mettent ensuite le feu \u00e0 l&rsquo;immeuble"},"content":{"rendered":"<p itemprop=\"description\"><strong>C&rsquo;est le nouveau modus operandi \u00e0 la mode.<\/strong><\/p>\n<p>Plut\u00f4t qu&rsquo;un r\u00e8glement de comptes, les tentatives d&rsquo;intimidation se succ\u00e8dent dans l&rsquo;agglom\u00e9ration lyonnaise. Apr\u00e8s V\u00e9nissieux et Villeurbanne, c&rsquo;est dans le 8e arrondissement de Lyon que des faits de cette nature se sont d\u00e9roul\u00e9s.<\/p>\n<p>Dans la nuit de mercredi \u00e0 jeudi, peu avant 3h du matin, une ou plusieurs personnes sont parvenues \u00e0 s&rsquo;infiltrer dans un immeuble de la rue de Montagny. Apr\u00e8s avoir ouvert le feu \u00e0 plusieurs reprises dans la porte d&rsquo;entr\u00e9e d&rsquo;un appartement, elles ont mis le feu aux parties communes.<\/p>\n<p>Le feu a \u00e9t\u00e9 rapidement \u00e9teint mais les fum\u00e9es g\u00e9n\u00e9r\u00e9es ont incommod\u00e9 trois habitants de l&rsquo;immeuble, qui ont \u00e9t\u00e9 hospitalis\u00e9es.<\/p>\n<p>Les tirs d&rsquo;arme \u00e0 feu, eux, n&rsquo;ont fait aucune victime.<\/p>\n<p>Une enqu\u00eate a \u00e9t\u00e9 ouverte. Elle devra \u00e9videmment s&rsquo;int\u00e9resser \u00e0 l&rsquo;occupant de l&rsquo;appartement cibl\u00e9, pour pouvoir comprendre ce qui a motiv\u00e9 des individus \u00e0 vouloir lui faire la peur de sa vie.<\/p>\n","protected":false},"excerpt":{"rendered":"C&rsquo;est le nouveau modus operandi \u00e0 la mode. Plut\u00f4t qu&rsquo;un r\u00e8glement de comptes, les tentatives d&rsquo;intimidation se succ\u00e8dent&hellip;\n","protected":false},"author":2,"featured_media":335355,"comment_status":"","ping_status":"","sticky":false,"template":"","format":"standard","meta":{"footnotes":""},"categories":[1889],"tags":[1111,11,2813,2190,2430,1109,251,1112,2811,1777,674,118,1011,27,1922,1110,1114,2428,2810,12,241,316,25,2812,517,800],"class_list":{"0":"post-335354","1":"post","2":"type-post","3":"status-publish","4":"format-standard","5":"has-post-thumbnail","7":"category-lyon","8":"tag-actu","9":"tag-actualites","10":"tag-article","11":"tag-asvel","12":"tag-auvergne-rhone-alpes","13":"tag-breves","14":"tag-culture","15":"tag-depeches","16":"tag-economique","17":"tag-eu","18":"tag-europe","19":"tag-faits-divers","20":"tag-fr","21":"tag-france","22":"tag-info","23":"tag-informations","24":"tag-infos","25":"tag-lyon","26":"tag-lyonmag","27":"tag-news","28":"tag-ol","29":"tag-politique","30":"tag-republique-francaise","31":"tag-sociale","32":"tag-sport","33":"tag-transports"},"share_on_mastodon":{"url":"https:\/\/pubeurope.com\/@fr\/115070455215151309","error":""},"_links":{"self":[{"href":"https:\/\/www.europesays.com\/fr\/wp-json\/wp\/v2\/posts\/335354","targetHints":{"allow":["GET"]}}],"collection":[{"href":"https:\/\/www.europesays.com\/fr\/wp-json\/wp\/v2\/posts"}],"about":[{"href":"https:\/\/www.europesays.com\/fr\/wp-json\/wp\/v2\/types\/post"}],"author":[{"embeddable":true,"href":"https:\/\/www.europesays.com\/fr\/wp-json\/wp\/v2\/users\/2"}],"replies":[{"embeddable":true,"href":"https:\/\/www.europesays.com\/fr\/wp-json\/wp\/v2\/comments?post=335354"}],"version-history":[{"count":0,"href":"https:\/\/www.europesays.com\/fr\/wp-json\/wp\/v2\/posts\/335354\/revisions"}],"wp:featuredmedia":[{"embeddable":true,"href":"https:\/\/www.europesays.com\/fr\/wp-json\/wp\/v2\/media\/335355"}],"wp:attachment":[{"href":"https:\/\/www.europesays.com\/fr\/wp-json\/wp\/v2\/media?parent=335354"}],"wp:term":[{"taxonomy":"category","embeddable":true,"href":"https:\/\/www.europesays.com\/fr\/wp-json\/wp\/v2\/categories?post=335354"},{"taxonomy":"post_tag","embeddable":true,"href":"https:\/\/www.europesays.com\/fr\/wp-json\/wp\/v2\/tags?post=335354"}],"curies":[{"name":"wp","href":"https:\/\/api.w.org\/{rel}","templated":true}]}}