{"id":335360,"date":"2025-08-22T04:12:21","date_gmt":"2025-08-22T04:12:21","guid":{"rendered":"https:\/\/www.europesays.com\/fr\/335360\/"},"modified":"2025-08-22T04:12:21","modified_gmt":"2025-08-22T04:12:21","slug":"une-pub-anglaise-de-gel-douche-interdite-de-diffusion","status":"publish","type":"post","link":"https:\/\/www.europesays.com\/fr\/335360\/","title":{"rendered":"une pub anglaise de gel douche interdite de diffusion"},"content":{"rendered":"<p>            lire plus tard<\/p>\n<p id=\"dialog__title\" class=\"dialog__title\">Pour sauvegarder cet article, connectez-vous ou cr\u00e9ez un compte franceinfo<\/p>\n<p class=\"dialog__description\">Sans paiement. Sans abonnement.<\/p>\n<p>        Fermer la fen\u00eatre d\u2019activation des notifications France Info<\/p>\n<p>            cr\u00e9er votre compte<\/p>\n<p>            se connecter<\/p>\n<p>        Fermer la fen\u00eatre de pr\u00e9sentation<\/p>\n<p>    Publi\u00e9 le 21\/08\/2025 16:13<\/p>\n<p>        Temps de lecture : 2min &#8211; vid\u00e9o : 2min<\/p>\n<p>    <img decoding=\"async\" class=\"francetv-player-wrapper__image\" alt=\"Racisme : une pub anglaise de gel douche interdite de diffusion\"  width=\"432\" height=\"243\" src=\"https:\/\/www.europesays.com\/fr\/wp-content\/uploads\/2025\/08\/video-71-68a7288f8c274325186936.jpg\" fetchpriority=\"high\"\/><\/p>\n<p>              Racisme : une pub anglaise de gel douche interdite de diffusion<br \/>\n                    (France 2)<\/p>\n<p>      2min<\/p>\n<p>\n  Une publicit\u00e9 pour du gel douche cr\u00e9e la pol\u00e9mique au Royaume-Uni. Celle-ci a \u00e9t\u00e9 interdite car jug\u00e9e raciste. Le spot associait la peau noire \u00e0 la douleur et \u00e0 l&rsquo;inconfort, et la peau blanche \u00e0 la propret\u00e9 et au bien-\u00eatre. La marque a affirm\u00e9 vouloir d\u00e9fendre la diversit\u00e9.\n<\/p>\n<p><strong>Ce texte correspond \u00e0 une partie de la retranscription du reportage ci-dessus. Cliquez sur la vid\u00e9o pour le regarder dans son int\u00e9gralit\u00e9.<\/strong><\/p>\n<p>Dans un spot t\u00e9l\u00e9vis\u00e9, qui fait pol\u00e9mique au Royaume-Uni, on peut voir des femmes racis\u00e9es, \u00e0 la peau griff\u00e9e, s\u00e8che, craquel\u00e9e, puis une femme blanche \u00e0 la peau sans affection cutan\u00e9e. La publicit\u00e9 pour un gel douche qui v\u00e9hiculerait un <a href=\"https:\/\/www.franceinfo.fr\/societe\/racisme\/\" rel=\"nofollow noopener\" target=\"_blank\">st\u00e9r\u00e9otype racial<\/a> a \u00e9t\u00e9 interdite de diffusion. \u00c0 raison pour la plupart des Britanniques rencontr\u00e9s jeudi 21 ao\u00fbt. \u00ab\u00a0Je suis surpris et choqu\u00e9. \u00c7a montre les personnes racis\u00e9es comme \u00e9tant faibles. Ce n&rsquo;est pas bien\u00a0\u00bb, lance un passant. \u00ab\u00a0Ce n&rsquo;est pas malin de la part de la marque. De nos jours, \u00e7a semble extr\u00eamement insens\u00e9\u00a0\u00bb, estime un autre.<\/p>\n<p>L&rsquo;autorit\u00e9 de r\u00e9gulation de la publicit\u00e9, \u00e0 l&rsquo;origine de l&rsquo;interdiction de diffusion, admet que la marque n&rsquo;avait s\u00fbrement pas l&rsquo;intention d&rsquo;offenser, mais a d\u00fb r\u00e9agir apr\u00e8s plusieurs plaintes de spectateurs. \u00ab\u00a0Les plaignants ont d\u00e9nonc\u00e9 le fait que la pub perp\u00e9tuait des st\u00e9r\u00e9otypes n\u00e9gatifs \u00e0 propos des personnes \u00e0 la peau fonc\u00e9e, qu&rsquo;elle \u00e9tait offensante car elle sugg\u00e9rait que la peau blanche est sup\u00e9rieure \u00e0 la peau noire\u00a0\u00bb, explique Guy Parker, directeur de l\u2019Advertising Standards Authority (ASA).<\/p>\n<p>Une mauvaise publicit\u00e9 dont la soci\u00e9t\u00e9 Colgate-Palmolive, propri\u00e9taire de Sanex, se serait bien pass\u00e9e. Elle aurait expliqu\u00e9 lors de l&rsquo;enqu\u00eate du r\u00e9gulateur que, selon elle, \u00ab\u00a0dans le cadre de son engagement en faveur de la diversit\u00e9, la publicit\u00e9 mettait en sc\u00e8ne des mannequins d&rsquo;origines, de couleurs, de peaux et d&rsquo;ethnies vari\u00e9es\u00a0\u00bb. Ce n&rsquo;est pas la premi\u00e8re fois que le g\u00e9ant des produits d&rsquo;hygi\u00e8ne est \u00e9pingl\u00e9 pour v\u00e9hiculer des clich\u00e9s racistes. En 2020, il avait d\u00fb revoir sa copie concernant un produit vendu en Asie, nomm\u00e9 \u00ab\u00a0dentifrice pour personnes noires\u00a0\u00bb.<\/p>\n","protected":false},"excerpt":{"rendered":"lire plus tard Pour sauvegarder cet article, connectez-vous ou cr\u00e9ez un compte franceinfo Sans paiement. Sans abonnement. Fermer&hellip;\n","protected":false},"author":2,"featured_media":335361,"comment_status":"","ping_status":"","sticky":false,"template":"","format":"standard","meta":{"footnotes":""},"categories":[1888],"tags":[1111,1928,11,1927,1777,674,1011,27,12,1926,626,1925,25],"class_list":{"0":"post-335360","1":"post","2":"type-post","3":"status-publish","4":"format-standard","5":"has-post-thumbnail","7":"category-paris","8":"tag-actu","9":"tag-actu-paris","10":"tag-actualites","11":"tag-actualites-paris","12":"tag-eu","13":"tag-europe","14":"tag-fr","15":"tag-france","16":"tag-news","17":"tag-news-paris","18":"tag-paris","19":"tag-paris-news","20":"tag-republique-francaise"},"share_on_mastodon":{"url":"https:\/\/pubeurope.com\/@fr\/115070470981307858","error":""},"_links":{"self":[{"href":"https:\/\/www.europesays.com\/fr\/wp-json\/wp\/v2\/posts\/335360","targetHints":{"allow":["GET"]}}],"collection":[{"href":"https:\/\/www.europesays.com\/fr\/wp-json\/wp\/v2\/posts"}],"about":[{"href":"https:\/\/www.europesays.com\/fr\/wp-json\/wp\/v2\/types\/post"}],"author":[{"embeddable":true,"href":"https:\/\/www.europesays.com\/fr\/wp-json\/wp\/v2\/users\/2"}],"replies":[{"embeddable":true,"href":"https:\/\/www.europesays.com\/fr\/wp-json\/wp\/v2\/comments?post=335360"}],"version-history":[{"count":0,"href":"https:\/\/www.europesays.com\/fr\/wp-json\/wp\/v2\/posts\/335360\/revisions"}],"wp:featuredmedia":[{"embeddable":true,"href":"https:\/\/www.europesays.com\/fr\/wp-json\/wp\/v2\/media\/335361"}],"wp:attachment":[{"href":"https:\/\/www.europesays.com\/fr\/wp-json\/wp\/v2\/media?parent=335360"}],"wp:term":[{"taxonomy":"category","embeddable":true,"href":"https:\/\/www.europesays.com\/fr\/wp-json\/wp\/v2\/categories?post=335360"},{"taxonomy":"post_tag","embeddable":true,"href":"https:\/\/www.europesays.com\/fr\/wp-json\/wp\/v2\/tags?post=335360"}],"curies":[{"name":"wp","href":"https:\/\/api.w.org\/{rel}","templated":true}]}}