{"id":335390,"date":"2025-08-22T04:29:10","date_gmt":"2025-08-22T04:29:10","guid":{"rendered":"https:\/\/www.europesays.com\/fr\/335390\/"},"modified":"2025-08-22T04:29:10","modified_gmt":"2025-08-22T04:29:10","slug":"resultat-elsa-jacquemot-ann-li-wta-250-cleveland-quarts-de-finale-vendredi-22-aout-2025-lequipe","status":"publish","type":"post","link":"https:\/\/www.europesays.com\/fr\/335390\/","title":{"rendered":"R\u00e9sultat : Elsa Jacquemot &#8211; Ann Li, WTA 250, Cleveland, Quarts de finale, Vendredi 22 ao\u00fbt 2025 &#8211; L&#039;\u00c9quipe"},"content":{"rendered":"<ol>\n<li><a href=\"https:\/\/news.google.com\/rss\/articles\/CBMiugFBVV95cUxQR3B5ZmlPblpHNzNCRDNJQnp3eU53UTBVTXZqc01xNkpTUnhLRFdPZ3NrMzNXR2c3UHM0cXRMZmJkd0NCZEVaa3Bxd2prblp5NElGTnItNk1YSFhSVWhELS0ySTkyUnJtSXhaZU1tTEJCVzBiTE04dDgyTEExcEVZcE5JUlNsWHVNMU9vLXhSUmJBQUhXODJTSVhRN19RMmhqYktSNzNSZzlQQlNPUFlXZ2JLZncwVm9LTnc?oc=5\" target=\"_blank\" rel=\"nofollow noopener\">R\u00e9sultat : Elsa Jacquemot &#8211; Ann Li, WTA 250, Cleveland, Quarts de finale, Vendredi 22 ao\u00fbt 2025<\/a>&nbsp;&nbsp;L&rsquo;\u00c9quipe<\/li>\n<li><a href=\"https:\/\/news.google.com\/rss\/articles\/CBMiwwFBVV95cUxNWUpiTElocnczTlU5TVpUcUU3RjdDaFE4UHVrc2dVUUpsR1Axbmg1a0liSV9XOHNFdk1zSkRjbm5qVkVNa3JCNzg0dEtTYXo0NFRqYjFJcGVGLTVVZFlaaFRaaHc3NTZ0eTljelF0NzBpV3ZrUUluMjFMZFlwWkFQTDg4QXBOVEpTUFpFZjFNR01oblh0RzNsa25nWFVqdVVMZW5YMzlWWUw0T2lSOFR4VXRzSnNaUnpmRWZRZGg0VDZaMlU?oc=5\" target=\"_blank\" rel=\"nofollow noopener\">R\u00e9sultat : Solana Sierra &#8211; Elsa Jacquemot, WTA 250, Cleveland, Deuxi\u00e8me tour, Jeudi 21 ao\u00fbt 2025<\/a>&nbsp;&nbsp;L&rsquo;\u00c9quipe<\/li>\n<li><a href=\"https:\/\/news.google.com\/rss\/articles\/CBMiqAFBVV95cUxPeUZSck9oT3AyR3NSVDNXQ1g1Q19ucXE1eXJSR1c0UmxCX0tPUVZSN0l4bExFU3NldW1yQVR0MlBSaVFHNENNd1BsZzVuWGlzMnhFbXpnS3ZVdXkwWUFkSFZieFo2LXZGUUZvbEFrbGZVVVQ2ZTQ4LUNCS3pwMi1RQ0hHRUVZNzVCcHBuRnBsWVhjWEFTM2U5dTRfRUk1ZHBJa0xzeTFEM3M?oc=5\" target=\"_blank\" rel=\"nofollow noopener\">WTA 250 de Cleveland: Jacquemot en quarts de finale<\/a>&nbsp;&nbsp;RMC Sport<\/li>\n<li><a href=\"https:\/\/news.google.com\/rss\/articles\/CBMi2gFBVV95cUxQLUJhSWszQ2JWSVpRNnBPVUlWeVVmTVE3Rm50Umh4VWNhU3BPX3piNzhSN3d1UnZUR2hKUEpfWmxKQU1YNm5PU0ZjWUs1blRPT29pWVdhRG5fRU0yLU5QNDk0d0haa2ZZcXozRVlYVkphWkJDTlRtdW5sLW5zM0tEcWd6aVBIMkVjdFN1Y1RYTk1sZUxpZHZja2pHSGwzTC1IVGg5T0ZvU2xCaTFqemF2Qi1pU3FsMXJDbEw4RFVKMEpVQWlJelZmUEtLVjQ5LUtqSV93UlVGMlJYZw?oc=5\" target=\"_blank\" rel=\"nofollow noopener\">Des qualifications aux quarts de finale : Elsa Jacquemot poursuit son beau parcours \u00e0 Cleveland<\/a>&nbsp;&nbsp;L&rsquo;\u00c9quipe<\/li>\n<li><a href=\"https:\/\/news.google.com\/rss\/articles\/CBMimgJBVV95cUxOZjI4WDJBM1JaU3dsanlwY2pkVHhsUlhQZFN6aDZPQ2JtQk5DczdmbUVaZ1dSWWdkZ3loeHEzU0x0UVJVWFlpbGFkU2FZYmp4aFh0VGtWcmNBblViWXhkYy1SWU5MQVZJajB3QWNiQ0FmeHRBOFlRLWZvLVpaNE41S2drN3c3YjFkYzk4WU5IdFhIc3lqR0NheXNSVnM2Z0wxejg3aUNaa1BadV9BX0k5Z0lLSEFOb29fRS1ZTnZkTkZkVFNKeTZ4bUYwU0xVNElmdzlkdlNsTG9INkpnNU9ZVE91Z1dqZ1lZVXR4Q3BCQ0JMR0NDb1ppWXdlV09qR2MzWkJQUWF0WUppcDY2V0laejdYZEt5YmRvNlE?oc=5\" target=\"_blank\" rel=\"nofollow noopener\">Tennis: WTA &#8211; Cleveland &#8211; Elsa Jacquemot n&rsquo;a toujours pas pu finir son deuxi\u00e8me tour&#8230;<\/a>&nbsp;&nbsp;MSN<\/li>\n<\/ol>\n","protected":false},"excerpt":{"rendered":"R\u00e9sultat : Elsa Jacquemot &#8211; Ann Li, WTA 250, Cleveland, Quarts de finale, Vendredi 22 ao\u00fbt 2025&nbsp;&nbsp;L&rsquo;\u00c9quipe R\u00e9sultat&hellip;\n","protected":false},"author":2,"featured_media":1983,"comment_status":"","ping_status":"","sticky":false,"template":"","format":"standard","meta":{"footnotes":""},"categories":[1415],"tags":[1011,27,60,1467],"class_list":{"0":"post-335390","1":"post","2":"type-post","3":"status-publish","4":"format-standard","5":"has-post-thumbnail","7":"category-tennis","8":"tag-fr","9":"tag-france","10":"tag-sports","11":"tag-tennis"},"share_on_mastodon":{"url":"https:\/\/pubeurope.com\/@fr\/115070537704018386","error":""},"_links":{"self":[{"href":"https:\/\/www.europesays.com\/fr\/wp-json\/wp\/v2\/posts\/335390","targetHints":{"allow":["GET"]}}],"collection":[{"href":"https:\/\/www.europesays.com\/fr\/wp-json\/wp\/v2\/posts"}],"about":[{"href":"https:\/\/www.europesays.com\/fr\/wp-json\/wp\/v2\/types\/post"}],"author":[{"embeddable":true,"href":"https:\/\/www.europesays.com\/fr\/wp-json\/wp\/v2\/users\/2"}],"replies":[{"embeddable":true,"href":"https:\/\/www.europesays.com\/fr\/wp-json\/wp\/v2\/comments?post=335390"}],"version-history":[{"count":0,"href":"https:\/\/www.europesays.com\/fr\/wp-json\/wp\/v2\/posts\/335390\/revisions"}],"wp:featuredmedia":[{"embeddable":true,"href":"https:\/\/www.europesays.com\/fr\/wp-json\/wp\/v2\/media\/1983"}],"wp:attachment":[{"href":"https:\/\/www.europesays.com\/fr\/wp-json\/wp\/v2\/media?parent=335390"}],"wp:term":[{"taxonomy":"category","embeddable":true,"href":"https:\/\/www.europesays.com\/fr\/wp-json\/wp\/v2\/categories?post=335390"},{"taxonomy":"post_tag","embeddable":true,"href":"https:\/\/www.europesays.com\/fr\/wp-json\/wp\/v2\/tags?post=335390"}],"curies":[{"name":"wp","href":"https:\/\/api.w.org\/{rel}","templated":true}]}}