{"id":335391,"date":"2025-08-22T04:31:14","date_gmt":"2025-08-22T04:31:14","guid":{"rendered":"https:\/\/www.europesays.com\/fr\/335391\/"},"modified":"2025-08-22T04:31:14","modified_gmt":"2025-08-22T04:31:14","slug":"les-classements-apres-le-gp-dautriche-2025","status":"publish","type":"post","link":"https:\/\/www.europesays.com\/fr\/335391\/","title":{"rendered":"Les classements apr\u00e8s le GP d\u2019Autriche 2025"},"content":{"rendered":"<p>Dimanche, le Grand Prix d\u2019Autriche en MotoGP a confirm\u00e9 la supr\u00e9matie de Marc Marquez (Ducati). Sur le circuit de Spielberg, l\u2019Espagnol, d\u00e9j\u00e0 vainqueur de la course sprint devant son fr\u00e8re, a r\u00e9cidiv\u00e9 dimanche. Il signe sa 71e victoire en MotoGP.<\/p>\n<p>L\u2019Italien Marco Bezzecchi (Aprilia), parti en pole position, a tenu sa place de leader sur le Red Bull Ring durant 19 tours avant de craquer sous la pression constante du leader au classement g\u00e9n\u00e9ral. 2e au d\u00e9part, Alex Marquez (Ducati Gresini) a d\u00fb purger une p\u00e9nalit\u00e9 et r\u00e9aliser un long lap qui l\u2019a plac\u00e9 \u00e0 la 10e place. Les <a href=\"https:\/\/www.20minutes.fr\/dossier\/francais\" class=\"c-link c-link--is-underlined\" rel=\"nofollow noopener\" target=\"_blank\">Fran\u00e7ais<\/a> Johann Zarco (<a href=\"https:\/\/www.20minutes.fr\/dossier\/honda\" class=\"c-link c-link--is-underlined\" rel=\"nofollow noopener\" target=\"_blank\">Honda<\/a> LCR) et Fabio Quartararo (Yamaha) terminent respectivement 12e et 15e. Le week-end prochain, le championnat du monde se poursuivra en <a href=\"https:\/\/www.20minutes.fr\/dossier\/hongrie\" class=\"c-link c-link--is-underlined\" rel=\"nofollow noopener\" target=\"_blank\">Hongrie<\/a>.<\/p>\n<p class=\"mb-xxl@xs color-ultramarine font-weight-semi-bold@xs font-source-serif-pro heading-s@xs\">L\u2019acc\u00e8s \u00e0 ce contenu a \u00e9t\u00e9 bloqu\u00e9 afin de respecter votre choix de consentement<\/p>\n<p class=\"mb-m@xs text-l@xs\">En cliquant sur\u00ab J\u2019accepte \u00bb, vous acceptez le d\u00e9p\u00f4t de cookies par des services externes et aurez ainsi acc\u00e8s aux contenus de nos partenaires.<\/p>\n<p class=\"mb-xl@xs text-s@xs\">Plus d\u2019informations sur la page<a href=\"https:\/\/www.20minutes.fr\/gestion-cookies\" class=\"mx-xxs@xs color-ultramarine\" rel=\"nofollow noopener\" target=\"_blank\">Politique de gestion des cookies<\/a><\/p>\n<p>J\u2019accepteLe classement du GP d\u2019Autriche 2025 en MotoGP<\/p>\n<ol>\n<li>Marc Marquez (Ducati)<\/li>\n<li>Fermin Aldeguer (Ducati Gresini) \u00e0 0\u00a0\u00bb124<\/li>\n<li>Marco Bezzecchi (Aprilia) \u00e0 0\u00a0\u00bb432<\/li>\n<li>Pedro Acosta (KTM) \u00e0 6.864<\/li>\n<li>Enea Bastianini (Tech 3 KTM) \u00e0 8.731<\/li>\n<li>Joan Mir (Honda) \u00e0 10.132<\/li>\n<li>Brad Binder (KTM) \u00e0 10.476<\/li>\n<li>Francesco Bagnaia (Ducati) \u00e0 12.486<\/li>\n<li>Raul Fernandez (Trackhouse Aprilia) \u00e0 15.472<\/li>\n<li>Alex Marquez (Gresini Ducati) \u00e0 15.537<\/li>\n<li>Franco Morbidelli (Ducati VR46) \u00e0 16\u00a0\u00bb185<\/li>\n<li>Johann Zarco (Honda LCR) \u00e0 16\u00a0\u00bb241<\/li>\n<li>Luca Marini (Honda) \u00e0 18\u00a0\u00bb478<\/li>\n<li>Ai Ogura (Aprilia Trackhouse Racing) \u00e0 18\u00a0\u00bb491<\/li>\n<li>Fabio Quartararo (Yamaha) \u00e0 25\u00a0\u00bb256<\/li>\n<li>Alex Rins (Yamaha) \u00e0 30\u00a0\u00bb316<\/li>\n<li>Miguel Oliveira (Yamaha Pramac) \u00e0 34\u00a0\u00bb008<\/li>\n<li>Jack Miller (Yamaha Pramac) \u00e0 37\u00a0\u00bb478<\/li>\n<li>Jorge Martin (Aprilia) &#8211; abandon<\/li>\n<li>Fabio Di Giannantonio (Ducati VR46) &#8211; abandon<\/li>\n<\/ol>\n<p>Le classement g\u00e9n\u00e9ral du championnat du monde de MotoGP<\/p>\n<ol>\n<li>Marc Marquez\t418 points<\/li>\n<li>Alex Marquez\t276<\/li>\n<li>Francesco Bagnaia\t221<\/li>\n<li>Marco Bezzecchi\t178<\/li>\n<li>Franco Morbidelli\t144<\/li>\n<li>Fabio Di Giannantonio\t144<\/li>\n<li>Pedro Acosta\t144<\/li>\n<li>Fermin Aldeguer\t121<\/li>\n<li>Johann Zarco\t114<\/li>\n<li>Fabio Quartararo\t103<\/li>\n<li>Brad Binder\t82<\/li>\n<li>Raul Fernandez\t73<\/li>\n<li>Maverick Vinales\t69<\/li>\n<li>Enea Bastianini\t63<\/li>\n<li>Luca Marini\t55<\/li>\n<li>Ai Ogura\t53<\/li>\n<li>Jack Miller\t52<\/li>\n<li>Joan Mir\t42<\/li>\n<li>Alex Rins\t42<\/li>\n<li>Takaaki Nakagami\t10<\/li>\n<li>Jorge Martin\t9<\/li>\n<li>Lorenzo Savadori\t8<\/li>\n<li>Pol Espargaro\t8<\/li>\n<li>Augusto Fernandez\t6<\/li>\n<li>Miguel Oliveira\t6<\/li>\n<li>Somkiat Chantra\t1<\/li>\n<\/ol>\n<p>Le classement des constructeurs lors du championnat du monde de motoGP 2025<\/p>\n<ol>\n<li>Ducati\t467\t<\/li>\n<li>Aprilia\t209\t<\/li>\n<li>KTM\t195\t<\/li>\n<li>Honda\t158\t<\/li>\n<li>Yamaha\t134<\/li>\n<\/ol>\n","protected":false},"excerpt":{"rendered":"Dimanche, le Grand Prix d\u2019Autriche en MotoGP a confirm\u00e9 la supr\u00e9matie de Marc Marquez (Ducati). Sur le circuit&hellip;\n","protected":false},"author":2,"featured_media":335392,"comment_status":"","ping_status":"","sticky":false,"template":"","format":"standard","meta":{"footnotes":""},"categories":[1413],"tags":[1976,13989,1680,1011,27,1741,1457,6033,1456,517,60],"class_list":{"0":"post-335391","1":"post","2":"type-post","3":"status-publish","4":"format-standard","5":"has-post-thumbnail","7":"category-moto","8":"tag-auto-moto","9":"tag-autriche","10":"tag-fabio-quartararo","11":"tag-fr","12":"tag-france","13":"tag-johann-zarco","14":"tag-moto","15":"tag-moto-gp","16":"tag-motocycle","17":"tag-sport","18":"tag-sports"},"share_on_mastodon":{"url":"https:\/\/pubeurope.com\/@fr\/115070545668446767","error":""},"_links":{"self":[{"href":"https:\/\/www.europesays.com\/fr\/wp-json\/wp\/v2\/posts\/335391","targetHints":{"allow":["GET"]}}],"collection":[{"href":"https:\/\/www.europesays.com\/fr\/wp-json\/wp\/v2\/posts"}],"about":[{"href":"https:\/\/www.europesays.com\/fr\/wp-json\/wp\/v2\/types\/post"}],"author":[{"embeddable":true,"href":"https:\/\/www.europesays.com\/fr\/wp-json\/wp\/v2\/users\/2"}],"replies":[{"embeddable":true,"href":"https:\/\/www.europesays.com\/fr\/wp-json\/wp\/v2\/comments?post=335391"}],"version-history":[{"count":0,"href":"https:\/\/www.europesays.com\/fr\/wp-json\/wp\/v2\/posts\/335391\/revisions"}],"wp:featuredmedia":[{"embeddable":true,"href":"https:\/\/www.europesays.com\/fr\/wp-json\/wp\/v2\/media\/335392"}],"wp:attachment":[{"href":"https:\/\/www.europesays.com\/fr\/wp-json\/wp\/v2\/media?parent=335391"}],"wp:term":[{"taxonomy":"category","embeddable":true,"href":"https:\/\/www.europesays.com\/fr\/wp-json\/wp\/v2\/categories?post=335391"},{"taxonomy":"post_tag","embeddable":true,"href":"https:\/\/www.europesays.com\/fr\/wp-json\/wp\/v2\/tags?post=335391"}],"curies":[{"name":"wp","href":"https:\/\/api.w.org\/{rel}","templated":true}]}}