{"id":335399,"date":"2025-08-22T04:35:11","date_gmt":"2025-08-22T04:35:11","guid":{"rendered":"https:\/\/www.europesays.com\/fr\/335399\/"},"modified":"2025-08-22T04:35:11","modified_gmt":"2025-08-22T04:35:11","slug":"une-famille-royale-secouee-son-prince-heritier-prend-la-parole-pour-la-premiere-fois","status":"publish","type":"post","link":"https:\/\/www.europesays.com\/fr\/335399\/","title":{"rendered":"Une famille royale secou\u00e9e, son prince h\u00e9ritier prend la parole pour la premi\u00e8re fois"},"content":{"rendered":"<p>            <img loading=\"lazy\" decoding=\"async\" src=\"https:\/\/www.europesays.com\/fr\/wp-content\/uploads\/2025\/04\/144-64f8c016610ee-35x35-1.jpg\" class=\"author-article-picture\" width=\"35\" height=\"35\"\/><\/p>\n<p>                Par<br \/>\n                                    <a class=\"author-article-bio-link\" href=\"https:\/\/www.purepeople.com\/auteur\/louise-martin_a144\" rel=\"nofollow noopener\" target=\"_blank\">Louise Martin<\/a><br \/>\n                                                    | R\u00e9dactrice<\/p>\n<p>\n                Koh Lanta, Les Marseillais mais aussi Mari\u00e9s au Premier regards\u2026 Louise Martin est une t\u00e9l\u00e9vore qui essaye, \u00e0 ses heures perdues, de refaire les g\u00e2teaux qu\u2019elle admire devant le Meilleur P\u00e2tissier\u2026 mais elle ne risque pas de gagner le tablier bleu ! Les r\u00e9seaux sociaux n\u2019ont pas de secret pour elle, les derniers scoops, les derni\u00e8res \u00e9missions, elle les conna\u00eet tous.\n            <\/p>\n<p>\n    Apr\u00e8s avoir \u00e9t\u00e9 interpell\u00e9 pour des faits de violence en 2024, Marius Borg H\u00f8iby, le fils a\u00een\u00e9 de la princesse Mette-Marit de Norv\u00e8ge, vient d&rsquo;\u00eatre inculp\u00e9 pour 32 infractions, dont quatre viols&#8230; De quoi embarrasser au plus haut point la monarchie norv\u00e9gienne. En pleine temp\u00eate m\u00e9diatique, le prince h\u00e9ritier Haakon a pris le temps de s&rsquo;adresser \u00e0 la presse pour \u00e9voquer l&rsquo;affaire particuli\u00e8rement m\u00e9diatis\u00e9e.\n<\/p>\n<p>                            <img loading=\"lazy\" decoding=\"async\" class=\"player-thumbnail\" src=\"https:\/\/www.europesays.com\/fr\/wp-content\/uploads\/2025\/08\/4dc27185719c4026-580x326-1.jpg\" width=\"580\" height=\"326\"\/><\/p>\n<p>                    Une famille royale secou\u00e9e, son prince h\u00e9ritier prend la parole pour la premi\u00e8re fois<\/p>\n<p>La suite apr\u00e8s la publicit\u00e9<\/p>\n<p>Un terrible scandale dont <strong>ce serait bien pass\u00e9 la famille royale norv\u00e9gienne&#8230; <\/strong>Et pour cause l&rsquo;an dernier,<a href=\"https:\/\/www.purepeople.com\/article\/marius-borg-hoiby-fils-de-la-princesse-mette-marit-de-norvege-a-ete-arrete_a527390\/1\" rel=\"nofollow noopener\" target=\"_blank\"> l&rsquo;interpellation de Marius Borg H\u00f8iby,<\/a> le fils a\u00een\u00e9 de la princesse Mette-Marit de Norv\u00e8ge a eu <strong>le m\u00e9rite de faire couler beaucoup d&rsquo;encre.<\/strong> En effet, le <a href=\"https:\/\/www.purepeople.com\/article\/qui-est-vraiment-marius-borg-hoiby-fils-de-la-princesse-mette-marrit-et-bad-boy-de-la-famille-royale-norvege_a526394\/1\" rel=\"nofollow noopener\" target=\"_blank\">jeune homme de 28 ans <\/a>avait \u00e9t\u00e9 accus\u00e9 par sa compagne Rebecca Helberg de multiples violences. En pleine tourmente, le beau-fils du prince h\u00e9ritier Haakon avait alors r\u00e9v\u00e9l\u00e9 qu&rsquo;il souffrait de toxicomanie et de troubles mentaux. Apr\u00e8s sa prise de parole qui a fait couler beaucoup d&rsquo;encre, plusieurs de ses anciennes compagnes l&rsquo;ont accus\u00e9 \u00e0 leur tour<strong> d&rsquo;autres faits particuli\u00e8rement graves, dont des viols.\u00a0<\/strong><\/p>\n<p><strong>S&rsquo;il n&rsquo;a cess\u00e9 de clamer son innocence, <\/strong>certaines d&rsquo;entre elles ont d\u00e9cid\u00e9 de l&rsquo;attaquer en justice. Comme l&rsquo;a confirm\u00e9 le procureur-g\u00e9n\u00e9ral Sturla Henriksb\u00f8 lors d\u2019une conf\u00e9rence de presse ce lundi 18 ao\u00fbt, Marius Borg H\u00f8iby, <a href=\"https:\/\/www.purepeople.com\/article\/la-famille-royale-norvegienne-secouee-marius-borg-hoiby-fils-de-mette-marit-vient-detre-inculpe_a541548\/1\" rel=\"nofollow noopener\" target=\"_blank\">a \u00e9t\u00e9 inculp\u00e9 pour quatre viols et 32 infractions au total.<\/a> \u00ab\u00a0Ce sont des actes tr\u00e8s graves qui peuvent laisser des traces durables et d\u00e9truire des vies\u00a0\u00bb, a affirm\u00e9 l&rsquo;homme de loi tout en pr\u00e9cisant que la peine maximale encourue pour ces infractions peut aller jusqu\u2019\u00e0 dix ans de prison. Dans l&rsquo;attente de son proc\u00e8s pr\u00e9vu pour 2026, <strong>Marius Borg H\u00f8iby qui se fait d\u00e9sormais discret est actuellement libre.\u00a0<\/strong><\/p>\n<p>Marius Borg H\u00f8iby en pleine temp\u00eate m\u00e9diatique, son illustre beau-p\u00e8re, le prince Haakon s&rsquo;exprime<\/p>\n<p>Au lendemain de cette conf\u00e9rence de presse, le prince Haakon qui a eu le <a href=\"https:\/\/www.purepeople.com\/article\/ingrid-alexandra-et-sverre-magnus-de-norvege-ados-complices-dans-la-fatigue_a336863\/1\" rel=\"nofollow noopener\" target=\"_blank\">prince Sverre Magnus et la princesse Ingrid Alexandra<\/a> avec son \u00e9pouse, la princesse Mette-Marit de Norv\u00e8ge, a bris\u00e9 <strong>le silence quant \u00e0 cette sordide affaire. <\/strong>Alors qu\u2019il inaugurait le salon de l\u2019aquaculture de Trondheim, \u00e0 Oslo, le futur monarque s&rsquo;est ouvertement confi\u00e9 sur les ressentis actuels de son illustre clan. \u00ab\u00a0Toutes les personnes impliqu\u00e9es dans cette affaire trouvent cela difficile et \u00e9prouvant\u00a0\u00bb, a reconnu le <a href=\"https:\/\/www.purepeople.com\/article\/famille-royale-de-norvege-glissades-et-ambiance-pour-le-jubile-du-roi-harald-v_a171095\/1\" rel=\"nofollow noopener\" target=\"_blank\">digne h\u00e9ritier du roi Harald V<\/a>. \u00ab\u00a0Maintenant, c\u2019est le tribunal qui d\u00e9cidera de la suite des \u00e9v\u00e9nements. De notre c\u00f4t\u00e9, nous continuerons \u00e0 <strong>accomplir nos t\u00e2ches du mieux que nous pouvons<\/strong><strong>\u00ab\u00a0.<\/strong><\/p>\n<p>Dans le documentaire de NRK, L&rsquo;ann\u00e9e avec la famille royale cit\u00e9 par Point de Vue, la princesse Mette-Marit de Norv\u00e8ge et son \u00e9poux s&rsquo;\u00e9taient livr\u00e9s sur<strong> ce battage m\u00e9diatique particuli\u00e8rement intense.<\/strong> \u00ab\u00a0Cela a \u00e9t\u00e9 tr\u00e8s, tr\u00e8s dur pour nous\u00a0\u00bb, avait pr\u00e9cis\u00e9 l&rsquo;ancienne roturi\u00e8re. \u00ab\u00a0Et pour tout le monde, je pense.\u00a0\u00bb Raison pour laquelle le couple royal aurait \u00ab\u00a0re\u00e7u une aide professionnelle de la part du syst\u00e8me de sant\u00e9\u00a0\u00bb. \u00ab\u00a0Je ne pense pas que nous aurions pu faire face \u00e0 une telle situation sans, en tant que famille, tout<strong> en remplissant nos obligations envers le peuple norv\u00e9gien\u00a0\u00bb<\/strong><strong>,<\/strong> avait ainsi conclu celle qui a d\u00fb surmonter des mois particuli\u00e8rement difficiles&#8230;<\/p>\n","protected":false},"excerpt":{"rendered":"Par Louise Martin | R\u00e9dactrice Koh Lanta, Les Marseillais mais aussi Mari\u00e9s au Premier regards\u2026 Louise Martin est&hellip;\n","protected":false},"author":2,"featured_media":335400,"comment_status":"","ping_status":"","sticky":false,"template":"","format":"standard","meta":{"footnotes":""},"categories":[1359],"tags":[58,59,1011,27,973],"class_list":{"0":"post-335399","1":"post","2":"type-post","3":"status-publish","4":"format-standard","5":"has-post-thumbnail","7":"category-people","8":"tag-divertissement","9":"tag-entertainment","10":"tag-fr","11":"tag-france","12":"tag-people"},"share_on_mastodon":{"url":"https:\/\/pubeurope.com\/@fr\/115070561495874969","error":""},"_links":{"self":[{"href":"https:\/\/www.europesays.com\/fr\/wp-json\/wp\/v2\/posts\/335399","targetHints":{"allow":["GET"]}}],"collection":[{"href":"https:\/\/www.europesays.com\/fr\/wp-json\/wp\/v2\/posts"}],"about":[{"href":"https:\/\/www.europesays.com\/fr\/wp-json\/wp\/v2\/types\/post"}],"author":[{"embeddable":true,"href":"https:\/\/www.europesays.com\/fr\/wp-json\/wp\/v2\/users\/2"}],"replies":[{"embeddable":true,"href":"https:\/\/www.europesays.com\/fr\/wp-json\/wp\/v2\/comments?post=335399"}],"version-history":[{"count":0,"href":"https:\/\/www.europesays.com\/fr\/wp-json\/wp\/v2\/posts\/335399\/revisions"}],"wp:featuredmedia":[{"embeddable":true,"href":"https:\/\/www.europesays.com\/fr\/wp-json\/wp\/v2\/media\/335400"}],"wp:attachment":[{"href":"https:\/\/www.europesays.com\/fr\/wp-json\/wp\/v2\/media?parent=335399"}],"wp:term":[{"taxonomy":"category","embeddable":true,"href":"https:\/\/www.europesays.com\/fr\/wp-json\/wp\/v2\/categories?post=335399"},{"taxonomy":"post_tag","embeddable":true,"href":"https:\/\/www.europesays.com\/fr\/wp-json\/wp\/v2\/tags?post=335399"}],"curies":[{"name":"wp","href":"https:\/\/api.w.org\/{rel}","templated":true}]}}