{"id":335401,"date":"2025-08-22T04:37:12","date_gmt":"2025-08-22T04:37:12","guid":{"rendered":"https:\/\/www.europesays.com\/fr\/335401\/"},"modified":"2025-08-22T04:37:12","modified_gmt":"2025-08-22T04:37:12","slug":"ce-roman-gigogne-note-44-5-surprend","status":"publish","type":"post","link":"https:\/\/www.europesays.com\/fr\/335401\/","title":{"rendered":"ce roman gigogne, not\u00e9 4,4\/5, surprend"},"content":{"rendered":"<p itemprop=\"description\">Not\u00e9 4,35\/5 sur Babelio, les critiques<br \/>\n\u00e9voquent un m\u00e9lange d\u2019\u00e9tat d\u2019hypnose, de tension psychologique et<br \/>\nd\u2019\u00e9motion brute.<\/p>\n<p>Traumatismes, r\u00e9demption, silences pesants et r\u00e9cits qui<br \/>\ns\u00a0\u00bbentrelacent\u2026 Dans\u00a0Les \u00c9l\u00e9ments, l\u2019auteur irlandais<br \/>\nJohn Boyne signe un roman polyphonique d\u2019une intensit\u00e9 rare. Publi\u00e9<br \/>\nen un seul volume en France chez J.C. Latt\u00e8s le 20 ao\u00fbt 2025, ce<br \/>\nlivre au format imposant (512 pages) fascine d\u00e9j\u00e0 les lecteurs et<br \/>\nlectrices. Difficile de r\u00e9sumer ce roman sans en g\u00e2cher la force.<br \/>\nCar\u00a0Les \u00c9l\u00e9ments, c\u2019est une fresque \u00e0 tiroirs,<br \/>\nconstruite autour de\u00a0<strong>quatre r\u00e9cits distincts<\/strong>,<br \/>\ntous li\u00e9s entre eux de mani\u00e8re souterraine. L\u2019eau, la terre, le<br \/>\nfeu, l\u2019air : \u00e0 chaque \u00e9l\u00e9ment correspond une voix, une histoire,<br \/>\nune plaie b\u00e9ante.<\/p>\n<p>Une lecture en quatre temps<\/p>\n<ul>\n<li><strong>Eau : Vanessa<\/strong>, une femme en fuite, s\u2019isole sur<br \/>\nune \u00eele pour oublier un pass\u00e9 honteux.<\/li>\n<li><strong>Terre : Evan<\/strong>, jeune prodige du football, tente<br \/>\nd\u2019\u00e9chapper \u00e0 la violence d\u2019un monde qui ne l\u2019accepte pas.<\/li>\n<li><strong>Feu : Freya<\/strong>, chirurgienne des grands br\u00fbl\u00e9s,<br \/>\ncache ses douleurs sous sa blouse blanche.<\/li>\n<li><strong>Air : Aaron<\/strong>, p\u00e8re bless\u00e9, embarque son fils<br \/>\ndans un voyage aussi physique qu\u2019\u00e9motionnel.<\/li>\n<\/ul>\n<p>On d\u00e9couvre ces trajectoires \u00e0 la\u00a0<strong>premi\u00e8re<br \/>\npersonne<\/strong>, dans un encha\u00eenement de r\u00e9cits au ton intimiste,<br \/>\nparfois d\u00e9routant. Le proc\u00e9d\u00e9 est ambitieux, mais il fonctionne.<br \/>\nLes histoires se r\u00e9pondent, les failles s&rsquo;\u00e9clairent \u00e0 travers les<br \/>\nautres, et chaque voix vient compl\u00e9ter une fresque humaine<br \/>\nbouleversante. Comme le r\u00e9sume une lectrice sur <a href=\"https:\/\/www.bibamagazine.fr\/culture\/livres\/note-425-5-le-meilleur-roman-damour-2025-elu-sur-babelio-est-francais-477659.html\" target=\"_blank\" rel=\"noopener nofollow\">Babelio<\/a> : \u00ab\u00a0les apparences<br \/>\nsont souvent trompeuses et John Boyne m\u2019a trimbal\u00e9e de mensonges en<br \/>\nfaux-semblants.\u00a0\u00bb<\/p>\n<p>Malaise, tension et \u00e9motions \u00e0 vif<\/p>\n<p>S\u2019il est si marquant, c\u2019est aussi parce qu\u2019il ne m\u00e9nage<br \/>\npersonne. Les personnages ne sont ni h\u00e9ros ni victimes. Ce sont des<br \/>\n\u00eatres caboss\u00e9s, ambivalents, confront\u00e9s \u00e0 des dilemmes moraux<br \/>\npuissants. Certains lecteurs \u00e9voquent un\u00a0<strong>malaise<br \/>\nprofond<\/strong>, voire des sc\u00e8nes difficiles \u00e0 lire. Les<br \/>\n\u00c9l\u00e9ments\u00a0ne cherche pas \u00e0 s\u00e9duire, mais<br \/>\n\u00e0\u00a0<strong>mettre \u00e0 nu les m\u00e9canismes de la honte, du deuil et<br \/>\nde la r\u00e9silience<\/strong>.<\/p>\n<p>La structure \u00ab\u00a0gigogne\u00a0\u00bb, c&rsquo;est-\u00e0-dire ces quatre r\u00e9cits<br \/>\nqui s\u2019enchev\u00eatrent et se croisent, donne \u00e0 l\u2019ensemble <a href=\"https:\/\/www.bibamagazine.fr\/culture\/livres\/un-thriller-vertigineux-il-glace-le-sang-ce-roman-note-45-5-se-devore-en-quelques-heures-et-met-tout-le-monde-daccord-481599.html\" target=\"_blank\" rel=\"noopener nofollow\">un souffle litt\u00e9raire fort<\/a>,<br \/>\npresque cin\u00e9matographique. Une lectrice parle d\u2019un \u00ab\u00a0suspense<br \/>\ndramatique cousu au fil d\u2019or\u00a0\u00bb et \u00ab\u00a0d\u2019un roman lumineux dont<br \/>\non ressort lessiv\u00e9. \u00c9puis\u00e9. Mais heureux.\u00a0\u00bb<\/p>\n<p>John Boyne, un auteur \u00e0 la hauteur<\/p>\n<p>Si\u00a0Les \u00c9l\u00e9ments\u00a0impressionne, c\u2019est aussi<br \/>\nparce qu\u2019il est sign\u00e9 par\u00a0<strong>John Boyne.\u00a0<\/strong>N\u00e9<br \/>\n\u00e0 Dublin en 1971, il a connu <strong>un succ\u00e8s mondial<br \/>\navec\u00a0Le gar\u00e7on en pyjama ray\u00e9<\/strong>, vendu \u00e0 plus<br \/>\nde 6 millions d\u2019exemplaires et adapt\u00e9 au cin\u00e9ma en 2008. Ce roman,<br \/>\nainsi que\u00a0Le gar\u00e7on au sommet de la montagne, figure<br \/>\nsur la liste des lectures recommand\u00e9es par l\u2019\u00c9ducation<br \/>\nnationale.<\/p>\n<p>L&rsquo;\u00e9crivain n\u2019a jamais eu peur des sujets sensibles : identit\u00e9 de<br \/>\ngenre, m\u00e9moire collective, culpabilit\u00e9\u2026 Ses romans pour adultes<br \/>\ncomme pour adolescents sont souvent marqu\u00e9s par<br \/>\nune\u00a0<strong>recherche de v\u00e9rit\u00e9 \u00e9motionnelle, une \u00e9criture<br \/>\npr\u00e9cise et un regard sans complaisance<\/strong>\u00a0sur la<br \/>\nsoci\u00e9t\u00e9.<br \/>Avec\u00a0Les \u00c9l\u00e9ments, il pousse encore plus loin cette<br \/>\nexigence :\u00a0<strong>un roman choral, humain,<br \/>\nd\u00e9rangeant<\/strong>, o\u00f9 la beaut\u00e9 se cache dans les failles de<br \/>\nchacun. <strong>Pourquoi il faut le lire ? Parce qu\u2019il<br \/>\nbouscule.<\/strong> Parce qu\u2019il nous pousse \u00e0 r\u00e9fl\u00e9chir \u00e0 nos<br \/>\npropres d\u00e9finitions de l\u2019innocence, du pardon, de <a href=\"https:\/\/www.bibamagazine.fr\/lifestyle\/psycho\/la-resilience-pour-mieux-guerir-cest-quoi-19995.html\" target=\"_blank\" rel=\"noopener nofollow\">la r\u00e9silience<\/a>. Et parce que<br \/>\nmalgr\u00e9 la noirceur qui traverse ces pages,\u00a0Les<br \/>\n\u00c9l\u00e9ments contient ce petit suppl\u00e9ment d\u2019\u00e2me qui fait les<br \/>\ngrands romans. Voil\u00e0 ! Bonne lecture&#8230;<\/p>\n","protected":false},"excerpt":{"rendered":"Not\u00e9 4,35\/5 sur Babelio, les critiques \u00e9voquent un m\u00e9lange d\u2019\u00e9tat d\u2019hypnose, de tension psychologique et d\u2019\u00e9motion brute. Traumatismes,&hellip;\n","protected":false},"author":2,"featured_media":335402,"comment_status":"","ping_status":"","sticky":false,"template":"","format":"standard","meta":{"footnotes":""},"categories":[1357],"tags":[1379,58,59,1011,27,1380],"class_list":{"0":"post-335401","1":"post","2":"type-post","3":"status-publish","4":"format-standard","5":"has-post-thumbnail","7":"category-livres","8":"tag-books","9":"tag-divertissement","10":"tag-entertainment","11":"tag-fr","12":"tag-france","13":"tag-livres"},"share_on_mastodon":{"url":"https:\/\/pubeurope.com\/@fr\/115070569222479452","error":""},"_links":{"self":[{"href":"https:\/\/www.europesays.com\/fr\/wp-json\/wp\/v2\/posts\/335401","targetHints":{"allow":["GET"]}}],"collection":[{"href":"https:\/\/www.europesays.com\/fr\/wp-json\/wp\/v2\/posts"}],"about":[{"href":"https:\/\/www.europesays.com\/fr\/wp-json\/wp\/v2\/types\/post"}],"author":[{"embeddable":true,"href":"https:\/\/www.europesays.com\/fr\/wp-json\/wp\/v2\/users\/2"}],"replies":[{"embeddable":true,"href":"https:\/\/www.europesays.com\/fr\/wp-json\/wp\/v2\/comments?post=335401"}],"version-history":[{"count":0,"href":"https:\/\/www.europesays.com\/fr\/wp-json\/wp\/v2\/posts\/335401\/revisions"}],"wp:featuredmedia":[{"embeddable":true,"href":"https:\/\/www.europesays.com\/fr\/wp-json\/wp\/v2\/media\/335402"}],"wp:attachment":[{"href":"https:\/\/www.europesays.com\/fr\/wp-json\/wp\/v2\/media?parent=335401"}],"wp:term":[{"taxonomy":"category","embeddable":true,"href":"https:\/\/www.europesays.com\/fr\/wp-json\/wp\/v2\/categories?post=335401"},{"taxonomy":"post_tag","embeddable":true,"href":"https:\/\/www.europesays.com\/fr\/wp-json\/wp\/v2\/tags?post=335401"}],"curies":[{"name":"wp","href":"https:\/\/api.w.org\/{rel}","templated":true}]}}